{"id":10433,"date":"2021-09-07T14:58:15","date_gmt":"2021-09-07T14:58:15","guid":{"rendered":"http:\/\/rivadaviamendoza.gob.ar\/hcd\/?p=10433"},"modified":"2023-08-08T15:30:53","modified_gmt":"2023-08-08T15:30:53","slug":"ordenanza-1234-2020-copy-copy-6-copy-copy-copy-copy-copy-copy-copy-copy-copy-copy-copy-copy-copy-copy-copy-copy-copy-2-copy-copy-copy-copy-copy-copy-copy-copy-copy-copy-copy-copy-copy-copy-copy-co-233","status":"publish","type":"post","link":"https:\/\/coworkdigital.com.ar\/hcd\/ordenanza-1234-2020-copy-copy-6-copy-copy-copy-copy-copy-copy-copy-copy-copy-copy-copy-copy-copy-copy-copy-copy-copy-2-copy-copy-copy-copy-copy-copy-copy-copy-copy-copy-copy-copy-copy-copy-copy-co-233\/","title":{"rendered":"ORDEN DEL D\u00cdA N\u00ba 26-21"},"content":{"rendered":"<p><strong>A los<\/strong><\/p>\n<p><strong>Se\u00f1ores\/as Concejales<\/strong><\/p>\n<p><strong><u>PRESENTE<\/u><\/strong><\/p>\n<p>De mi mayor consideraci\u00f3n:<\/p>\n<p>Tengo el agrado de dirigirme a ustedes a fin de elevarle el Orden del D\u00eda N\u00ba 26\/21 para la Sesi\u00f3n Ordinaria del d\u00eda 07 de septiembre de 2021, a la hora 09:00.<\/p>\n<p><strong><u>COMUNICACIONES OFICIALES<\/u><\/strong><\/p>\n<p>Expte. N\u00ba 2021-00196-7\u00a0\u00a0\u00a0\u00a0\u00a0\u00a0\u00a0 Poder Judicial Mendoza, fija audiencia Jury de Tachas. (Sec.)<\/p>\n<p><strong><u>PETICIONES PARTICULARES<\/u><\/strong><\/p>\n<p>Expte. N\u00ba 2021-00195-9 \u00a0\u00a0\u00a0\u00a0\u00a0\u00a0 Javier Nazar B\u00e1ez pre candidato a concejal FIT-U, presenta petitorio. (L.P.P.)<\/p>\n<p><strong><u>PROYECTOS PRESENTADOS<\/u><\/strong><\/p>\n<p>Expte. N\u00ba 2021-00193-4\u00a0\u00a0\u00a0\u00a0\u00a0\u00a0\u00a0 Bloques J.D. Per\u00f3n e Intransigente Concejales Novello- Santarelli, solicitan informaci\u00f3n. (Sec.)<\/p>\n<p>Expte. N\u00ba 2021-00194-2\u00a0\u00a0\u00a0\u00a0\u00a0\u00a0\u00a0 Bloque U.C.R. Concejales Abate-Rodr\u00edguez presentan Proyecto de Declaraci\u00f3n: Becas de acceso a internet por rendimiento acad\u00e9mico a alumnos del Programa Terminalidad Educativa Municipal. (C.E.)<\/p>\n<p><strong><u>ASUNTOS CON DESPACHO<\/u><\/strong><\/p>\n<p>Expte. N\u00ba 2021-00154-6\u00a0\u00a0\u00a0\u00a0\u00a0\u00a0\u00a0 Bloque U.C.R. Concejales Machin-Amar-Gil presentan Proyecto de Ordenanza: Estacionamiento exclusivo para veterinarias en el Departamento de Rivadavia.<\/p>\n<p>Expte. N\u00ba 2021-00190-0\u00a0\u00a0\u00a0\u00a0\u00a0\u00a0\u00a0 Bloque U.C.R. Concejales Gil-Amar-Machin presentan Proyecto de Declaraci\u00f3n: Declarar de Inter\u00e9s Departamental Asociaci\u00f3n Estrellas Amarillas.<\/p>\n<p><strong><u>ARCHIVO<\/u><\/strong><\/p>\n<p>Expte. N\u00ba 2021-00118-1\u00a0\u00a0 \u00a0\u00a0\u00a0\u00a0 Concejal Laura Abate presenta nota a OSEP.<\/p>\n<p>Expte. N\u00ba 2021-00119-9\u00a0\u00a0\u00a0\u00a0\u00a0 Concejal Laura Abate presenta nota a Directora de Recursos y Finanzas P\u00fablicas.<\/p>\n<p>Expte. N\u00ba 2021-00120-7\u00a0\u00a0 \u00a0\u00a0\u00a0 Concejal Laura Abate presenta nota a PAMI.<\/p>\n<p><strong>\u00a0 \u00a0 \u00a0 \u00a0 \u00a0 MAR\u00cdA IN\u00c9S DALLAGO\u00a0 \u00a0 \u00a0 \u00a0 \u00a0 \u00a0 \u00a0 \u00a0 \u00a0 \u00a0 \u00a0 \u00a0 \u00a0 \u00a0 \u00a0 \u00a0 \u00a0 \u00a0 \u00a0 MAURICIO DI C\u00c9SARE<\/strong><\/p>\n<p><strong>\u00a0 \u00a0 \u00a0 \u00a0 \u00a0 \u00a0 \u00a0SECRETARIA H.C.D.\u00a0 \u00a0 \u00a0 \u00a0 \u00a0 \u00a0 \u00a0 \u00a0 \u00a0 \u00a0 \u00a0 \u00a0 \u00a0 \u00a0 \u00a0 \u00a0 \u00a0 \u00a0 \u00a0 \u00a0 \u00a0 \u00a0PRESIDENTE\u00a0 H. C. D.<\/strong><strong>\u00a0 \u00a0 \u00a0 \u00a0 \u00a0 \u00a0 \u00a0 \u00a0 \u00a0 \u00a0 \u00a0 \u00a0 \u00a0 \u00a0 \u00a0 \u00a0 \u00a0 \u00a0 \u00a0 \u00a0 \u00a0 \u00a0 \u00a0 \u00a0 \u00a0 \u00a0 \u00a0 \u00a0 \u00a0 \u00a0 \u00a0 \u00a0 \u00a0 \u00a0 \u00a0 \u00a0 \u00a0 \u00a0 \u00a0 \u00a0 \u00a0 \u00a0 \u00a0 \u00a0 \u00a0 \u00a0 \u00a0 \u00a0 \u00a0 \u00a0 \u00a0 \u00a0 \u00a0 \u00a0 \u00a0 \u00a0\u00a0<\/strong><strong>\u00a0 \u00a0 \u00a0 \u00a0 \u00a0 \u00a0 \u00a0 \u00a0 \u00a0 \u00a0 \u00a0 \u00a0 \u00a0 \u00a0 \u00a0 \u00a0 \u00a0 \u00a0 \u00a0 \u00a0 \u00a0 \u00a0 \u00a0 \u00a0 \u00a0 \u00a0 \u00a0 \u00a0 \u00a0 \u00a0 \u00a0 \u00a0 \u00a0 \u00a0 \u00a0 \u00a0 \u00a0 \u00a0 \u00a0 \u00a0 \u00a0 \u00a0 \u00a0 \u00a0 \u00a0 \u00a0 \u00a0 \u00a0 \u00a0 \u00a0 \u00a0<\/strong><\/p>\n<p><a href=\"https:\/\/coworkdigital.com.ar\/hcd\/wp-content\/uploads\/2021\/11\/26-21.pdf\"><img decoding=\"async\" class=\"wp-image-6224 alignleft\" src=\"https:\/\/coworkdigital.com.ar\/hcd\/wp-content\/uploads\/2020\/06\/descarga_pdf-150x150.png\" width=\"50\" height=\"53\" srcset=\"https:\/\/coworkdigital.com.ar\/hcd\/wp-content\/uploads\/2020\/06\/descarga_pdf-282x300.png 282w, https:\/\/coworkdigital.com.ar\/hcd\/wp-content\/uploads\/2020\/06\/descarga_pdf.png 496w\" sizes=\"(max-width: 50px) 100vw, 50px\" \/><\/a><\/p>\n","protected":false},"excerpt":{"rendered":"<p>A los Se\u00f1ores\/as Concejales PRESENTE De mi mayor consideraci\u00f3n: Tengo el agrado de dirigirme a ustedes a fin de elevarle el Orden del D\u00eda N\u00ba 26\/21 para la Sesi\u00f3n Ordinaria del d\u00eda 07 de septiembre de 2021, a la hora 09:00. COMUNICACIONES OFICIALES Expte. N\u00ba 2021-00196-7\u00a0\u00a0\u00a0\u00a0\u00a0\u00a0\u00a0 Poder Judicial Mendoza, fija audiencia Jury de Tachas. (Sec.) [&hellip;]<\/p>\n","protected":false},"author":1,"featured_media":0,"comment_status":"closed","ping_status":"closed","sticky":false,"template":"","format":"standard","meta":{"_acf_changed":false,"footnotes":""},"categories":[73],"tags":[],"class_list":["post-10433","post","type-post","status-publish","format-standard","hentry","category-orden-del-dia"],"acf":[],"_links":{"self":[{"href":"https:\/\/coworkdigital.com.ar\/hcd\/wp-json\/wp\/v2\/posts\/10433","targetHints":{"allow":["GET"]}}],"collection":[{"href":"https:\/\/coworkdigital.com.ar\/hcd\/wp-json\/wp\/v2\/posts"}],"about":[{"href":"https:\/\/coworkdigital.com.ar\/hcd\/wp-json\/wp\/v2\/types\/post"}],"author":[{"embeddable":true,"href":"https:\/\/coworkdigital.com.ar\/hcd\/wp-json\/wp\/v2\/users\/1"}],"replies":[{"embeddable":true,"href":"https:\/\/coworkdigital.com.ar\/hcd\/wp-json\/wp\/v2\/comments?post=10433"}],"version-history":[{"count":1,"href":"https:\/\/coworkdigital.com.ar\/hcd\/wp-json\/wp\/v2\/posts\/10433\/revisions"}],"predecessor-version":[{"id":13162,"href":"https:\/\/coworkdigital.com.ar\/hcd\/wp-json\/wp\/v2\/posts\/10433\/revisions\/13162"}],"wp:attachment":[{"href":"https:\/\/coworkdigital.com.ar\/hcd\/wp-json\/wp\/v2\/media?parent=10433"}],"wp:term":[{"taxonomy":"category","embeddable":true,"href":"https:\/\/coworkdigital.com.ar\/hcd\/wp-json\/wp\/v2\/categories?post=10433"},{"taxonomy":"post_tag","embeddable":true,"href":"https:\/\/coworkdigital.com.ar\/hcd\/wp-json\/wp\/v2\/tags?post=10433"}],"curies":[{"name":"wp","href":"https:\/\/api.w.org\/{rel}","templated":true}]}}