{"id":10462,"date":"2021-11-02T16:18:15","date_gmt":"2021-11-02T16:18:15","guid":{"rendered":"http:\/\/rivadaviamendoza.gob.ar\/hcd\/?p=10462"},"modified":"2023-08-08T15:28:19","modified_gmt":"2023-08-08T15:28:19","slug":"ordenanza-1234-2020-copy-copy-6-copy-copy-copy-copy-copy-copy-copy-copy-copy-copy-copy-copy-copy-copy-copy-copy-copy-2-copy-copy-copy-copy-copy-copy-copy-copy-copy-copy-copy-copy-copy-copy-copy-co-241","status":"publish","type":"post","link":"https:\/\/coworkdigital.com.ar\/hcd\/ordenanza-1234-2020-copy-copy-6-copy-copy-copy-copy-copy-copy-copy-copy-copy-copy-copy-copy-copy-copy-copy-copy-copy-2-copy-copy-copy-copy-copy-copy-copy-copy-copy-copy-copy-copy-copy-copy-copy-co-241\/","title":{"rendered":"ORDEN DEL D\u00cdA N\u00ba 34-21"},"content":{"rendered":"<p><strong>A los<\/strong><\/p>\n<p><strong>Se\u00f1ores\/as Concejales<\/strong><\/p>\n<p><strong><u>PRESENTE<\/u><\/strong><\/p>\n<p>De mi mayor consideraci\u00f3n:<\/p>\n<p>Tengo el agrado de dirigirme a ustedes a fin de elevarle el Orden del D\u00eda N\u00ba 34\/21 para la Sesi\u00f3n Ordinaria del d\u00eda 02 de noviembre de 2021, a la hora 09:00.<\/p>\n<p><strong><u>COMUNICACIONES OFICIALES<\/u><\/strong><\/p>\n<p>Expte. N\u00ba 2020-00181-0\u00a0\u00a0\u00a0\u00a0\u00a0\u00a0\u00a0 Expte. Municipal N\u00ba 2020-09800-6 Directora de Recursos y Finanzas P\u00fablicas, Eleva Anteproyecto Convenio Deuda Cooperativa El\u00e9ctrica. (C.A.)<\/p>\n<p>Expte. N\u00ba 2020-00198-4\u00a0\u00a0\u00a0\u00a0\u00a0\u00a0\u00a0 Expte. Municipal N\u00ba 2020-10286-5 C.E.A.P.R. Eleva Informe Obras- Convenio deuda. (C.A.)<\/p>\n<p><strong><u>PETICIONES PARTICULARES<\/u><\/strong><\/p>\n<p>Expte. N\u00ba 2021-00249-4\u00a0\u00a0\u00a0\u00a0\u00a0\u00a0\u00a0 Escuela N \u00ba 1-530 \u201cAgustina de Greco\u201d, solicita colaboraci\u00f3n. (Sec.)<\/p>\n<p>Expte. N\u00ba 2021-00251-6\u00a0\u00a0\u00a0\u00a0\u00a0\u00a0\u00a0 Dante Pi\u00f1a, solicita colaboraci\u00f3n. (Sec.)<\/p>\n<p>Expte. N\u00ba 2021-00254-4\u00a0\u00a0\u00a0\u00a0\u00a0\u00a0\u00a0 Alumnos 1er a\u00f1o ITU U.NC-, Solicitan donaci\u00f3n de elementos. (Sec.)<\/p>\n<p><strong><u>PROYECTOS PRESENTADOS<\/u><\/strong><\/p>\n<p>Expte. N\u00ba 2021-00248-6\u00a0\u00a0\u00a0\u00a0\u00a0\u00a0\u00a0\u00a0\u00a0 Bloques J.D. Per\u00f3n e Intransigente Concejales Novello-Santarelli presentan Proyecto de Ordenanza: Control y fiscalizaci\u00f3n de precios congelados. (C.A.)<\/p>\n<p>Expte. N\u00ba 2021-00250-2\u00a0\u00a0\u00a0\u00a0\u00a0\u00a0\u00a0\u00a0\u00a0 Bloque U.C.R. Concejales Gil-Machin-Amar presentan Proyecto de Declaraci\u00f3n: 1er Encuentro de Redes Rivadavia-Jun\u00edn sobre Protecci\u00f3n de Derechos de Ni\u00f1as, Ni\u00f1os y Adolescentes. (C.A.)<\/p>\n<p>Expte. N\u00ba 2021-00252-8\u00a0\u00a0\u00a0\u00a0\u00a0\u00a0\u00a0\u00a0\u00a0 Bloque U.C.R. Concejales Machin-Amar-Gil presentan Proyecto de Ordenanza: Construcci\u00f3n de un busto en reconocimiento al veterano ca\u00eddo en Malvinas Gerardo Nicol\u00e1s Mirador. (C.A.)<\/p>\n<p>Expte. N\u00ba 2021-00253-6\u00a0\u00a0\u00a0\u00a0\u00a0\u00a0\u00a0\u00a0\u00a0 Bloque U.C.R. Concejales Gil-Machin-Amar presentan Proyecto de Declaraci\u00f3n: Reconocer a Ferm\u00edn Choque por su destacada trayectoria. (C.A.)<\/p>\n<p><strong><u>ASUNTOS CON DESPACHO<\/u><\/strong><\/p>\n<p>Expte. N\u00ba 2021-00238-7\u00a0\u00a0\u00a0\u00a0\u00a0\u00a0\u00a0\u00a0\u00a0 Fabiana Burgoa, solicita La Banca del Pueblo.<\/p>\n<p>Expte. N\u00ba 2021-00136-3\u00a0\u00a0\u00a0\u00a0\u00a0\u00a0\u00a0\u00a0\u00a0 Bloque U.C.R. Concejal Machin-Amar-Gil, presentan: Proyecto de Ordenanza: Construcci\u00f3n senda peatonal elevada en calle San Isidro, esquina calle Godoy<\/p>\n<p>Expte. N\u00ba 2021-00208-0\u00a0\u00a0\u00a0\u00a0\u00a0\u00a0\u00a0\u00a0\u00a0 Bloque U.C.R. Concejal Machin-Amar-Gil, presentan: Proyecto de Resoluci\u00f3n: Luminarias calle Guillermo Cano Distrito El Mirador.<\/p>\n<p>Expte. N\u00ba 2021-00226-2\u00a0\u00a0\u00a0\u00a0\u00a0\u00a0\u00a0\u00a0\u00a0 Bloque U.C.R. Concejal Machin-Amar-Gil, presentan: Proyecto de Declaraci\u00f3n: Reconocimiento a Franco Fatori por ser uno de los locutores m\u00e1s peque\u00f1os del pa\u00eds.<\/p>\n<p>Expte. N\u00ba 2021-00244-5\u00a0\u00a0\u00a0\u00a0\u00a0\u00a0\u00a0\u00a0\u00a0\u00a0\u00a0 Expte. Municipal N\u00ba 2021-16777-6 Contador Municipal, Eleva Balance Egresos e Ingresos Julio 2021.<\/p>\n<p>Expte. N\u00ba 2021-00245-2\u00a0\u00a0\u00a0\u00a0\u00a0\u00a0\u00a0\u00a0\u00a0 \u00a0 Bloque U.C.R. Concejal Gil-Machin-Amar, presentan: Proyecto de Ordenanza: Construcci\u00f3n de monolito en rotonda de Mundo Nuevo \u201cD\u00eda Mundial en recuerdo de las v\u00edctimas de los accidentes de tr\u00e1nsito\u201d<\/p>\n<p>Expte. N\u00ba 2021-00246-0\u00a0\u00a0\u00a0\u00a0\u00a0\u00a0\u00a0\u00a0\u00a0 Bloque U.C.R. Concejal Machin-Amar-Gil, presentan: Proyecto de Declaraci\u00f3n: Declarar de inter\u00e9s social el Encuentro \u201cBarrileteada por la Neurodiversidad\u201d<\/p>\n<p><strong><u>ARCHIVO<\/u><\/strong><\/p>\n<p>Expte. N\u00ba 2021-00166-0\u00a0\u00a0\u00a0\u00a0\u00a0\u00a0\u00a0 Secretario Ejecutivo de SUTE, presenta nota.<\/p>\n<p><strong>\u00a0 \u00a0 \u00a0 \u00a0 \u00a0 MAR\u00cdA IN\u00c9S DALLAGO\u00a0 \u00a0 \u00a0 \u00a0 \u00a0 \u00a0 \u00a0 \u00a0 \u00a0 \u00a0 \u00a0 \u00a0 \u00a0 \u00a0 \u00a0 \u00a0 \u00a0 \u00a0 \u00a0 MAURICIO DI C\u00c9SARE<\/strong><\/p>\n<p><strong>\u00a0 \u00a0 \u00a0 \u00a0 \u00a0 \u00a0 \u00a0SECRETARIA H.C.D.\u00a0 \u00a0 \u00a0 \u00a0 \u00a0 \u00a0 \u00a0 \u00a0 \u00a0 \u00a0 \u00a0 \u00a0 \u00a0 \u00a0 \u00a0 \u00a0 \u00a0 \u00a0 \u00a0 \u00a0 \u00a0 \u00a0PRESIDENTE\u00a0 H. C. D.<\/strong><strong>\u00a0 \u00a0 \u00a0 \u00a0 \u00a0 \u00a0 \u00a0 \u00a0 \u00a0 \u00a0 \u00a0 \u00a0 \u00a0 \u00a0 \u00a0 \u00a0 \u00a0 \u00a0 \u00a0 \u00a0 \u00a0 \u00a0 \u00a0 \u00a0 \u00a0 \u00a0 \u00a0 \u00a0 \u00a0 \u00a0 \u00a0 \u00a0 \u00a0 \u00a0 \u00a0 \u00a0 \u00a0 \u00a0 \u00a0 \u00a0 \u00a0 \u00a0 \u00a0 \u00a0 \u00a0 \u00a0 \u00a0 \u00a0 \u00a0 \u00a0 \u00a0 \u00a0 \u00a0 \u00a0 \u00a0 \u00a0\u00a0<\/strong><strong>\u00a0 \u00a0 \u00a0 \u00a0 \u00a0 \u00a0 \u00a0 \u00a0 \u00a0 \u00a0 \u00a0 \u00a0 \u00a0 \u00a0 \u00a0 \u00a0 \u00a0 \u00a0 \u00a0 \u00a0 \u00a0 \u00a0 \u00a0 \u00a0 \u00a0 \u00a0 \u00a0 \u00a0 \u00a0 \u00a0 \u00a0 \u00a0 \u00a0 \u00a0 \u00a0 \u00a0 \u00a0 \u00a0 \u00a0 \u00a0 \u00a0 \u00a0 \u00a0 \u00a0 \u00a0 \u00a0 \u00a0 \u00a0 \u00a0 \u00a0 \u00a0<\/strong><\/p>\n<p><a href=\"https:\/\/coworkdigital.com.ar\/hcd\/wp-content\/uploads\/2021\/11\/34-21.pdf\"><img decoding=\"async\" class=\"wp-image-6224 alignleft\" src=\"https:\/\/coworkdigital.com.ar\/hcd\/wp-content\/uploads\/2020\/06\/descarga_pdf-150x150.png\" width=\"50\" height=\"53\" srcset=\"https:\/\/coworkdigital.com.ar\/hcd\/wp-content\/uploads\/2020\/06\/descarga_pdf-282x300.png 282w, https:\/\/coworkdigital.com.ar\/hcd\/wp-content\/uploads\/2020\/06\/descarga_pdf.png 496w\" sizes=\"(max-width: 50px) 100vw, 50px\" \/><\/a><\/p>\n","protected":false},"excerpt":{"rendered":"<p>A los Se\u00f1ores\/as Concejales PRESENTE De mi mayor consideraci\u00f3n: Tengo el agrado de dirigirme a ustedes a fin de elevarle el Orden del D\u00eda N\u00ba 34\/21 para la Sesi\u00f3n Ordinaria del d\u00eda 02 de noviembre de 2021, a la hora 09:00. COMUNICACIONES OFICIALES Expte. N\u00ba 2020-00181-0\u00a0\u00a0\u00a0\u00a0\u00a0\u00a0\u00a0 Expte. Municipal N\u00ba 2020-09800-6 Directora de Recursos y Finanzas [&hellip;]<\/p>\n","protected":false},"author":1,"featured_media":0,"comment_status":"closed","ping_status":"closed","sticky":false,"template":"","format":"standard","meta":{"_acf_changed":false,"footnotes":""},"categories":[73],"tags":[],"class_list":["post-10462","post","type-post","status-publish","format-standard","hentry","category-orden-del-dia"],"acf":[],"_links":{"self":[{"href":"https:\/\/coworkdigital.com.ar\/hcd\/wp-json\/wp\/v2\/posts\/10462","targetHints":{"allow":["GET"]}}],"collection":[{"href":"https:\/\/coworkdigital.com.ar\/hcd\/wp-json\/wp\/v2\/posts"}],"about":[{"href":"https:\/\/coworkdigital.com.ar\/hcd\/wp-json\/wp\/v2\/types\/post"}],"author":[{"embeddable":true,"href":"https:\/\/coworkdigital.com.ar\/hcd\/wp-json\/wp\/v2\/users\/1"}],"replies":[{"embeddable":true,"href":"https:\/\/coworkdigital.com.ar\/hcd\/wp-json\/wp\/v2\/comments?post=10462"}],"version-history":[{"count":1,"href":"https:\/\/coworkdigital.com.ar\/hcd\/wp-json\/wp\/v2\/posts\/10462\/revisions"}],"predecessor-version":[{"id":13155,"href":"https:\/\/coworkdigital.com.ar\/hcd\/wp-json\/wp\/v2\/posts\/10462\/revisions\/13155"}],"wp:attachment":[{"href":"https:\/\/coworkdigital.com.ar\/hcd\/wp-json\/wp\/v2\/media?parent=10462"}],"wp:term":[{"taxonomy":"category","embeddable":true,"href":"https:\/\/coworkdigital.com.ar\/hcd\/wp-json\/wp\/v2\/categories?post=10462"},{"taxonomy":"post_tag","embeddable":true,"href":"https:\/\/coworkdigital.com.ar\/hcd\/wp-json\/wp\/v2\/tags?post=10462"}],"curies":[{"name":"wp","href":"https:\/\/api.w.org\/{rel}","templated":true}]}}