{"id":10465,"date":"2021-11-09T16:25:40","date_gmt":"2021-11-09T16:25:40","guid":{"rendered":"http:\/\/rivadaviamendoza.gob.ar\/hcd\/?p=10465"},"modified":"2023-08-08T15:27:57","modified_gmt":"2023-08-08T15:27:57","slug":"ordenanza-1234-2020-copy-copy-6-copy-copy-copy-copy-copy-copy-copy-copy-copy-copy-copy-copy-copy-copy-copy-copy-copy-2-copy-copy-copy-copy-copy-copy-copy-copy-copy-copy-copy-copy-copy-copy-copy-co-242","status":"publish","type":"post","link":"https:\/\/coworkdigital.com.ar\/hcd\/ordenanza-1234-2020-copy-copy-6-copy-copy-copy-copy-copy-copy-copy-copy-copy-copy-copy-copy-copy-copy-copy-copy-copy-2-copy-copy-copy-copy-copy-copy-copy-copy-copy-copy-copy-copy-copy-copy-copy-co-242\/","title":{"rendered":"ORDEN DEL D\u00cdA N\u00ba 35-21"},"content":{"rendered":"<p><strong>A los<\/strong><\/p>\n<p><strong>Se\u00f1ores\/as Concejales<\/strong><\/p>\n<p><strong><u>PRESENTE<\/u><\/strong><\/p>\n<p>De mi mayor consideraci\u00f3n:<\/p>\n<p>Tengo el agrado de dirigirme a ustedes a fin de elevarle el Orden del D\u00eda N\u00ba 35\/21 para la Sesi\u00f3n Ordinaria del d\u00eda 09 de noviembre de 2021, a la hora 09:00.<\/p>\n<p><strong><u>COMUNICACIONES OFICIALES<\/u><\/strong><\/p>\n<p>Expte. N\u00ba 2021-00255-1\u00a0\u00a0\u00a0\u00a0\u00a0\u00a0\u00a0 D.E. Compras y Suministros, Invita Acto Licitatorio. (Sec.)<\/p>\n<p>Expte. N\u00ba 2021-00256-9\u00a0\u00a0\u00a0\u00a0\u00a0\u00a0\u00a0 Expte. Municipal N\u00ba 2021-14806-5 H.C.D. Remite Declaraci\u00f3n N\u00ba 21-21. (Sec.)<\/p>\n<p>Expte. N\u00ba 2021-00257-7\u00a0\u00a0\u00a0\u00a0\u00a0\u00a0\u00a0 Expte. Municipal N\u00ba 2021-17209-9 H.C.D. Cavagnaro Juliana, pago factura septiembre 2021. (Sec.)<\/p>\n<p>Expte. N\u00ba 2021-00264-3\u00a0\u00a0\u00a0\u00a0\u00a0\u00a0\u00a0 Expte. Municipal N\u00ba 2021-17601-7 Contador Municipal Eleva copia de Balance de Ingresos y Egresos- agosto 2021. (C.A.)<\/p>\n<p>Expte. N\u00ba 2021-00271-8\u00a0\u00a0\u00a0\u00a0\u00a0\u00a0\u00a0 Expte. Municipal N\u00ba 2021-17770-0 Subdirecci\u00f3n de Relaciones con la Comunidad, eleva pedido: Conmemoraci\u00f3n D\u00eda de la Familia Rural. (C.A.)<\/p>\n<p><strong><u>PETICIONES PARTICULARES<\/u><\/strong><\/p>\n<p>Expte. N\u00ba 2021-00260-1\u00a0\u00a0\u00a0\u00a0\u00a0\u00a0\u00a0 Colegio P-032 \u201cCasa de Mar\u00eda\u201d, solicita permiso para visitar las instalaciones. (Sec.)<\/p>\n<p><strong><u>PROYECTOS PRESENTADOS<\/u><\/strong><\/p>\n<p>Expte. N\u00ba 2021-00258-5\u00a0\u00a0\u00a0\u00a0\u00a0\u00a0\u00a0\u00a0\u00a0 Bloque U.C.R. Concejales Abate- Rodr\u00edguez presentan Proyecto de Ordenanza: Asignar el nombre de Chaco a calle del B\u00ba Los Cipreses. (C.A.)<\/p>\n<p>Expte. N\u00ba 2021-00259-3\u00a0\u00a0\u00a0\u00a0\u00a0\u00a0\u00a0\u00a0\u00a0 Bloque U.C.R. Concejales Amar-Machin-Gil presentan Proyecto de Ordenanza: Adherir a la Ley N\u00ba 27.521 \u201cLey de Talles\u201d (C.A.)<\/p>\n<p>Expte. N\u00ba 2021-00261-9\u00a0\u00a0\u00a0\u00a0\u00a0\u00a0\u00a0\u00a0\u00a0 Bloque U.C.R. Concejales Machin-Amar-Gil presentan Proyecto de Ordenanza: Construcci\u00f3n \u201cParque de los Ni\u00f1os\u201d en la Plaza Eva Per\u00f3n de Rivadavia. (C.A.)<\/p>\n<p>Expte. N\u00ba 2021-00262-7\u00a0\u00a0\u00a0\u00a0\u00a0\u00a0\u00a0\u00a0\u00a0 Bloque A.M. Peronista Concejales Garrido-Campos presentan Proyecto de Resoluci\u00f3n: Reconocimiento por la labor recopiladora de la Vendimia de Rivadavia. (C.A.)<\/p>\n<p>Expte. N\u00ba 2021-00263-5\u00a0\u00a0\u00a0\u00a0\u00a0\u00a0\u00a0\u00a0\u00a0 Bloque U.C.R. Concejales Gil-Machin-Amar presentan Proyecto de Resoluci\u00f3n: Relevamiento, demarcaci\u00f3n y se\u00f1al vial de paradas de colectivos en el Radio Centro. (C.A.)<\/p>\n<p>Expte. N\u00ba 2021-00265-0\u00a0\u00a0\u00a0\u00a0\u00a0\u00a0\u00a0\u00a0\u00a0 Bloque U.C.R. Concejales Gil-Machin-Amar presentan Proyecto de Ordenanza: Construcci\u00f3n de pistas de manejo vehicular en polideportivo de Rivadavia. (C.A.)<\/p>\n<p>Expte. N\u00ba 2021-00266-8\u00a0\u00a0\u00a0\u00a0\u00a0\u00a0\u00a0\u00a0\u00a0 Bloque U.C.R. Concejales Gil-Machin-Amar presentan Proyecto de Ordenanza: Academia Municipal de manejo vehicular. (C.A.)<\/p>\n<p>Expte. N\u00ba 2021-00268-4\u00a0\u00a0\u00a0\u00a0\u00a0\u00a0\u00a0\u00a0\u00a0 Bloque U.C.R. Concejales Abate- Rodr\u00edguez presentan Proyecto de Declaraci\u00f3n: Juegos infantiles en la Plaza Bernardino Rivadavia. (C.A.)<\/p>\n<p>Expte. N\u00ba 2021-00269-2\u00a0\u00a0\u00a0\u00a0\u00a0\u00a0\u00a0\u00a0\u00a0 Bloque U.C.R. Concejales Abate- Rodr\u00edguez presentan Proyecto de Declaraci\u00f3n: Declarar de inter\u00e9s departamental, deportivo, educativo e integrador al Proyecto Rugby Inclusivo. (C.A.)<\/p>\n<p>Expte. N\u00ba 2021-00270-0 \u00a0\u00a0\u00a0\u00a0\u00a0\u00a0\u00a0\u00a0 Bloque U.C.R. Concejales Machin-Amar-Gil presentan Proyecto de Resoluci\u00f3n: Construir un apeadero en el Distrito El Mirador. (C.A.)<\/p>\n<p>Expte. N\u00ba 2021-00273-4 \u00a0\u00a0\u00a0\u00a0\u00a0\u00a0\u00a0\u00a0 Bloque U.C.R. Concejales Abate- Rodr\u00edguez presentan Proyecto de Ordenanza: Adquisici\u00f3n de terrenos aptos para la construcci\u00f3n de viviendas destinadas a uniones vecinales. (C.A.)<\/p>\n<p><strong><u>ASUNTOS CON DESPACHO<\/u><\/strong><\/p>\n<p><strong><u>ARCHIVO<\/u><\/strong><\/p>\n<p><strong>\u00a0 \u00a0 \u00a0 \u00a0 \u00a0 MAR\u00cdA IN\u00c9S DALLAGO\u00a0 \u00a0 \u00a0 \u00a0 \u00a0 \u00a0 \u00a0 \u00a0 \u00a0 \u00a0 \u00a0 \u00a0 \u00a0 \u00a0 \u00a0 \u00a0 \u00a0 \u00a0 \u00a0 MAURICIO DI C\u00c9SARE<\/strong><\/p>\n<p><strong>\u00a0 \u00a0 \u00a0 \u00a0 \u00a0 \u00a0 \u00a0SECRETARIA H.C.D.\u00a0 \u00a0 \u00a0 \u00a0 \u00a0 \u00a0 \u00a0 \u00a0 \u00a0 \u00a0 \u00a0 \u00a0 \u00a0 \u00a0 \u00a0 \u00a0 \u00a0 \u00a0 \u00a0 \u00a0 \u00a0 \u00a0PRESIDENTE\u00a0 H. C. D.<\/strong><strong>\u00a0 \u00a0 \u00a0 \u00a0 \u00a0 \u00a0 \u00a0 \u00a0 \u00a0 \u00a0 \u00a0 \u00a0 \u00a0 \u00a0 \u00a0 \u00a0 \u00a0 \u00a0 \u00a0 \u00a0 \u00a0 \u00a0 \u00a0 \u00a0 \u00a0 \u00a0 \u00a0 \u00a0 \u00a0 \u00a0 \u00a0 \u00a0 \u00a0 \u00a0 \u00a0 \u00a0 \u00a0 \u00a0 \u00a0 \u00a0 \u00a0 \u00a0 \u00a0 \u00a0 \u00a0 \u00a0 \u00a0 \u00a0 \u00a0 \u00a0 \u00a0 \u00a0 \u00a0 \u00a0 \u00a0 \u00a0\u00a0<\/strong><strong>\u00a0 \u00a0 \u00a0 \u00a0 \u00a0 \u00a0 \u00a0 \u00a0 \u00a0 \u00a0 \u00a0 \u00a0 \u00a0 \u00a0 \u00a0 \u00a0 \u00a0 \u00a0 \u00a0 \u00a0 \u00a0 \u00a0 \u00a0 \u00a0 \u00a0 \u00a0 \u00a0 \u00a0 \u00a0 \u00a0 \u00a0 \u00a0 \u00a0 \u00a0 \u00a0 \u00a0 \u00a0 \u00a0 \u00a0 \u00a0 \u00a0 \u00a0 \u00a0 \u00a0 \u00a0 \u00a0 \u00a0 \u00a0 \u00a0 \u00a0 \u00a0<\/strong><\/p>\n<p><a href=\"https:\/\/coworkdigital.com.ar\/hcd\/wp-content\/uploads\/2021\/11\/35-21.pdf\"><img decoding=\"async\" class=\"wp-image-6224 alignleft\" src=\"https:\/\/coworkdigital.com.ar\/hcd\/wp-content\/uploads\/2020\/06\/descarga_pdf-150x150.png\" width=\"50\" height=\"53\" srcset=\"https:\/\/coworkdigital.com.ar\/hcd\/wp-content\/uploads\/2020\/06\/descarga_pdf-282x300.png 282w, https:\/\/coworkdigital.com.ar\/hcd\/wp-content\/uploads\/2020\/06\/descarga_pdf.png 496w\" sizes=\"(max-width: 50px) 100vw, 50px\" \/><\/a><\/p>\n","protected":false},"excerpt":{"rendered":"<p>A los Se\u00f1ores\/as Concejales PRESENTE De mi mayor consideraci\u00f3n: Tengo el agrado de dirigirme a ustedes a fin de elevarle el Orden del D\u00eda N\u00ba 35\/21 para la Sesi\u00f3n Ordinaria del d\u00eda 09 de noviembre de 2021, a la hora 09:00. COMUNICACIONES OFICIALES Expte. N\u00ba 2021-00255-1\u00a0\u00a0\u00a0\u00a0\u00a0\u00a0\u00a0 D.E. Compras y Suministros, Invita Acto Licitatorio. (Sec.) Expte. [&hellip;]<\/p>\n","protected":false},"author":1,"featured_media":0,"comment_status":"closed","ping_status":"closed","sticky":false,"template":"","format":"standard","meta":{"_acf_changed":false,"footnotes":""},"categories":[73],"tags":[],"class_list":["post-10465","post","type-post","status-publish","format-standard","hentry","category-orden-del-dia"],"acf":[],"_links":{"self":[{"href":"https:\/\/coworkdigital.com.ar\/hcd\/wp-json\/wp\/v2\/posts\/10465","targetHints":{"allow":["GET"]}}],"collection":[{"href":"https:\/\/coworkdigital.com.ar\/hcd\/wp-json\/wp\/v2\/posts"}],"about":[{"href":"https:\/\/coworkdigital.com.ar\/hcd\/wp-json\/wp\/v2\/types\/post"}],"author":[{"embeddable":true,"href":"https:\/\/coworkdigital.com.ar\/hcd\/wp-json\/wp\/v2\/users\/1"}],"replies":[{"embeddable":true,"href":"https:\/\/coworkdigital.com.ar\/hcd\/wp-json\/wp\/v2\/comments?post=10465"}],"version-history":[{"count":1,"href":"https:\/\/coworkdigital.com.ar\/hcd\/wp-json\/wp\/v2\/posts\/10465\/revisions"}],"predecessor-version":[{"id":13154,"href":"https:\/\/coworkdigital.com.ar\/hcd\/wp-json\/wp\/v2\/posts\/10465\/revisions\/13154"}],"wp:attachment":[{"href":"https:\/\/coworkdigital.com.ar\/hcd\/wp-json\/wp\/v2\/media?parent=10465"}],"wp:term":[{"taxonomy":"category","embeddable":true,"href":"https:\/\/coworkdigital.com.ar\/hcd\/wp-json\/wp\/v2\/categories?post=10465"},{"taxonomy":"post_tag","embeddable":true,"href":"https:\/\/coworkdigital.com.ar\/hcd\/wp-json\/wp\/v2\/tags?post=10465"}],"curies":[{"name":"wp","href":"https:\/\/api.w.org\/{rel}","templated":true}]}}