{"id":10468,"date":"2021-11-16T16:36:54","date_gmt":"2021-11-16T16:36:54","guid":{"rendered":"http:\/\/rivadaviamendoza.gob.ar\/hcd\/?p=10468"},"modified":"2023-08-08T15:27:36","modified_gmt":"2023-08-08T15:27:36","slug":"ordenanza-1234-2020-copy-copy-6-copy-copy-copy-copy-copy-copy-copy-copy-copy-copy-copy-copy-copy-copy-copy-copy-copy-2-copy-copy-copy-copy-copy-copy-copy-copy-copy-copy-copy-copy-copy-copy-copy-co-243","status":"publish","type":"post","link":"https:\/\/coworkdigital.com.ar\/hcd\/ordenanza-1234-2020-copy-copy-6-copy-copy-copy-copy-copy-copy-copy-copy-copy-copy-copy-copy-copy-copy-copy-copy-copy-2-copy-copy-copy-copy-copy-copy-copy-copy-copy-copy-copy-copy-copy-copy-copy-co-243\/","title":{"rendered":"ORDEN DEL D\u00cdA N\u00ba 36-21"},"content":{"rendered":"<p><strong><img fetchpriority=\"high\" decoding=\"async\" class=\"alignnone wp-image-6853 size-full\" src=\"https:\/\/coworkdigital.com.ar\/hcd\/wp-content\/uploads\/2020\/12\/Zocalo-1.png\" width=\"3100\" height=\"482\" srcset=\"https:\/\/coworkdigital.com.ar\/hcd\/wp-content\/uploads\/2020\/12\/Zocalo-1.png 3100w, https:\/\/coworkdigital.com.ar\/hcd\/wp-content\/uploads\/2020\/12\/Zocalo-1-300x47.png 300w, https:\/\/coworkdigital.com.ar\/hcd\/wp-content\/uploads\/2020\/12\/Zocalo-1-1024x159.png 1024w, https:\/\/coworkdigital.com.ar\/hcd\/wp-content\/uploads\/2020\/12\/Zocalo-1-768x119.png 768w, https:\/\/coworkdigital.com.ar\/hcd\/wp-content\/uploads\/2020\/12\/Zocalo-1-1536x239.png 1536w, https:\/\/coworkdigital.com.ar\/hcd\/wp-content\/uploads\/2020\/12\/Zocalo-1-2048x318.png 2048w, https:\/\/coworkdigital.com.ar\/hcd\/wp-content\/uploads\/2020\/12\/Zocalo-1-600x93.png 600w, https:\/\/coworkdigital.com.ar\/hcd\/wp-content\/uploads\/2020\/12\/Zocalo-1-560x87.png 560w\" sizes=\"(max-width: 3100px) 100vw, 3100px\" \/><\/strong><\/p>\n<p><strong>A los<\/strong><\/p>\n<p><strong>Se\u00f1ores\/as Concejales<\/strong><\/p>\n<p><strong><u>PRESENTE<\/u><\/strong><\/p>\n<p>De mi mayor consideraci\u00f3n:<\/p>\n<p>Tengo el agrado de dirigirme a ustedes a fin de elevarle el Orden del D\u00eda N\u00ba 36\/21 para la Sesi\u00f3n Ordinaria del d\u00eda 16 de noviembre de 2021, a la hora 09:00.<\/p>\n<p><strong><u>COMUNICACIONES OFICIALES<\/u><\/strong><\/p>\n<p>Expte. N\u00ba 2021-00274-2\u00a0\u00a0\u00a0\u00a0\u00a0\u00a0\u00a0\u00a0\u00a0 Expte. Municipal N\u00ba 2021-18131-4 Secretar\u00eda de Gobierno, solicita autorizaci\u00f3n ausencia Intendente Miguel Ronco. (C.A.)<\/p>\n<p>Expte. N\u00ba 2021-00277-5\u00a0\u00a0\u00a0\u00a0\u00a0\u00a0\u00a0\u00a0\u00a0 Expte. Municipal N\u00ba 2021-16706-5 Secretar\u00eda de Hacienda, Llamado a licitaci\u00f3n locales ex Mercado Municipal. (C.A.)<\/p>\n<p>Expte. N\u00ba 2021-00278-3\u00a0\u00a0\u00a0\u00a0\u00a0\u00a0\u00a0\u00a0\u00a0 Expte. Municipal N\u00ba 2021-14532-7 Secretar\u00eda de Hacienda, Eleva Proyecto de Ordenanza: Financiamiento. (C.A.)<\/p>\n<p>Expte. N\u00ba 2021-00279-1\u00a0\u00a0\u00a0\u00a0\u00a0\u00a0\u00a0\u00a0\u00a0 Expte. Municipal N\u00ba 2021-16963-2 Secretar\u00eda de Gobierno, Llamado a licitaci\u00f3n locales terminal. (C.A.)<\/p>\n<p><strong><u>PETICIONES PARTICULARES<\/u><\/strong><\/p>\n<p>Expte. N\u00ba 2021-00195-9\u00a0\u00a0\u00a0\u00a0\u00a0\u00a0\u00a0 \u00a0Pre candidato a concejal FIT-U, presenta petitorio. (C.A.)<\/p>\n<p>Expte. N\u00ba 2021-00276-7\u00a0\u00a0\u00a0\u00a0\u00a0\u00a0\u00a0\u00a0\u00a0 Expte. Municipal N\u00ba 2021-18247-8 Colegio Notarial, eleva comunicado. (C.A.)<\/p>\n<p><strong><u>PROYECTOS PRESENTADOS<\/u><\/strong><\/p>\n<p><strong><u>ASUNTOS CON DESPACHO<\/u><\/strong><\/p>\n<p>Expte. N\u00ba 2021-00041-5 \u00a0\u00a0\u00a0\u00a0\u00a0\u00a0\u00a0\u00a0 Bloque U.C.R. Concejales Gil-Amar-Machin presenta Proyecto de Declaraci\u00f3n: Reconocimiento a los sres\u00a0 Juan Pablo y Jos\u00e9 Ferreyra.<\/p>\n<p>Expte. N\u00ba 2021-00223-9\u00a0\u00a0\u00a0\u00a0\u00a0\u00a0\u00a0\u00a0\u00a0 Ministerio de Seguridad Polic\u00eda de Mendoza, Acta de Notificaci\u00f3n.<\/p>\n<p>Expte. N\u00ba 2021-00252-8\u00a0\u00a0\u00a0\u00a0\u00a0\u00a0\u00a0\u00a0\u00a0 Bloque U.C.R. Concejales Machin-Amar-Gil presentan Proyecto de Ordenanza: Reconocer al veterano ca\u00eddo en Malvinas Gerardo Nicol\u00e1s Miranda del Departamento de Rivadavia.<\/p>\n<p>Expte. N\u00ba 2021-00253-6\u00a0\u00a0\u00a0\u00a0\u00a0\u00a0\u00a0\u00a0\u00a0 Bloque U.C.R. Concejales Gil-Amar-Machin presenta Proyecto de Declaraci\u00f3n: Reconocer la destacada\u00a0 trayectoria del vecino Ferm\u00edn Choque.<\/p>\n<p>Expte. N\u00ba 2021-00258-5\u00a0\u00a0\u00a0\u00a0\u00a0\u00a0\u00a0\u00a0\u00a0 Bloque U.C.R. Concejales Abate-Rodr\u00edguez presentan Proyecto de Ordenanza: Asignar el nombre Chaco a calle del Barrio Los Cipreses.<\/p>\n<p>Expte. N\u00ba 2021-00262-7\u00a0\u00a0\u00a0\u00a0\u00a0\u00a0\u00a0\u00a0\u00a0 Bloque A. y M.P. Concejales Campos-Garrido presentan Proyecto de Resoluci\u00f3n: Reconocimiento por la labor recopiladora de las vendimias de Rivadavia.<\/p>\n<p>Expte. N\u00ba 2021-00263-5\u00a0\u00a0\u00a0\u00a0\u00a0\u00a0\u00a0\u00a0\u00a0 Bloque U.C.R. Concejales Gil-Machin-Amar presentan Proyecto de Resoluci\u00f3n: Relevamiento, demarcaci\u00f3n y se\u00f1al vial de paradas de colectivos en el radio centro.<\/p>\n<p>Expte. N\u00ba 2021-00265-0\u00a0\u00a0\u00a0\u00a0\u00a0\u00a0\u00a0\u00a0\u00a0 Bloque U.C.R. Concejales Gil-Machin-Amar presentan Proyecto de Ordenanza: Construcci\u00f3n de pista de manejo vehicular en polideportivo de Rivadavia.<\/p>\n<p>Expte. N\u00ba 2021-00264-3\u00a0\u00a0\u00a0\u00a0\u00a0\u00a0\u00a0\u00a0\u00a0 Expte. Municipal N\u00ba 2021-17601-7 Eleva copia de Balance de Ingresos y Egresos agosto 2021.<\/p>\n<p>Expte. N\u00ba 2021-00269-2\u00a0\u00a0\u00a0\u00a0\u00a0\u00a0\u00a0\u00a0\u00a0 Bloque U.C.R. Concejales Abate-Rodr\u00edguez presentan Proyecto de Declaraci\u00f3n: Declarar de inter\u00e9s departamental, deportivo, educativo e integrador al Proyecto Rugby Inclusivo.<\/p>\n<p>Expte. N\u00ba 2021-00270-0\u00a0\u00a0\u00a0\u00a0\u00a0\u00a0\u00a0\u00a0\u00a0 Bloque U.C.R. Concejales Machin-Amar-Gil presentan Proyecto de Resoluci\u00f3n: Construir un apeadero en el Distrito El Mirador.<\/p>\n<p><strong>\u00a0<\/strong><strong>\u00a0\u00a0\u00a0\u00a0\u00a0\u00a0\u00a0\u00a0\u00a0\u00a0\u00a0\u00a0\u00a0\u00a0\u00a0\u00a0\u00a0\u00a0\u00a0\u00a0\u00a0\u00a0\u00a0\u00a0\u00a0\u00a0\u00a0\u00a0\u00a0\u00a0\u00a0\u00a0\u00a0 <\/strong><\/p>\n<p><strong><u>ARCHIVO<\/u><\/strong><\/p>\n<p><strong>\u00a0<\/strong><\/p>\n<p>Expte. N\u00ba 2021-00240-3\u00a0\u00a0\u00a0\u00a0\u00a0\u00a0\u00a0 Escuela N\u00ba 1-257 \u201cMiguel Gasc\u00f3n\u201d solicita colaboraci\u00f3n.<\/p>\n<p><strong>\u00a0 \u00a0 \u00a0 \u00a0 \u00a0 MAR\u00cdA IN\u00c9S DALLAGO\u00a0 \u00a0 \u00a0 \u00a0 \u00a0 \u00a0 \u00a0 \u00a0 \u00a0 \u00a0 \u00a0 \u00a0 \u00a0 \u00a0 \u00a0 \u00a0 \u00a0 \u00a0 \u00a0 MAURICIO DI C\u00c9SARE<\/strong><\/p>\n<p><strong>\u00a0 \u00a0 \u00a0 \u00a0 \u00a0 \u00a0 \u00a0SECRETARIA H.C.D.\u00a0 \u00a0 \u00a0 \u00a0 \u00a0 \u00a0 \u00a0 \u00a0 \u00a0 \u00a0 \u00a0 \u00a0 \u00a0 \u00a0 \u00a0 \u00a0 \u00a0 \u00a0 \u00a0 \u00a0 \u00a0 \u00a0PRESIDENTE\u00a0 H. C. D.<\/strong><strong>\u00a0 \u00a0 \u00a0 \u00a0 \u00a0 \u00a0 \u00a0 \u00a0 \u00a0 \u00a0 \u00a0 \u00a0 \u00a0 \u00a0 \u00a0 \u00a0 \u00a0 \u00a0 \u00a0 \u00a0 \u00a0 \u00a0 \u00a0 \u00a0 \u00a0 \u00a0 \u00a0 \u00a0 \u00a0 \u00a0 \u00a0 \u00a0 \u00a0 \u00a0 \u00a0 \u00a0 \u00a0 \u00a0 \u00a0 \u00a0 \u00a0 \u00a0 \u00a0 \u00a0 \u00a0 \u00a0 \u00a0 \u00a0 \u00a0 \u00a0 \u00a0 \u00a0 \u00a0 \u00a0 \u00a0 \u00a0\u00a0<\/strong><strong>\u00a0 \u00a0 \u00a0 \u00a0 \u00a0 \u00a0 \u00a0 \u00a0 \u00a0 \u00a0 \u00a0 \u00a0 \u00a0 \u00a0 \u00a0 \u00a0 \u00a0 \u00a0 \u00a0 \u00a0 \u00a0 \u00a0 \u00a0 \u00a0 \u00a0 \u00a0 \u00a0 \u00a0 \u00a0 \u00a0 \u00a0 \u00a0 \u00a0 \u00a0 \u00a0 \u00a0 \u00a0 \u00a0 \u00a0 \u00a0 \u00a0 \u00a0 \u00a0 \u00a0 \u00a0 \u00a0 \u00a0 \u00a0 \u00a0 \u00a0 \u00a0<\/strong><\/p>\n<p><a href=\"https:\/\/coworkdigital.com.ar\/hcd\/wp-content\/uploads\/2021\/11\/36-21.pdf\"><img decoding=\"async\" class=\"wp-image-6224 alignleft\" src=\"https:\/\/coworkdigital.com.ar\/hcd\/wp-content\/uploads\/2020\/06\/descarga_pdf-150x150.png\" width=\"50\" height=\"53\" srcset=\"https:\/\/coworkdigital.com.ar\/hcd\/wp-content\/uploads\/2020\/06\/descarga_pdf-282x300.png 282w, https:\/\/coworkdigital.com.ar\/hcd\/wp-content\/uploads\/2020\/06\/descarga_pdf.png 496w\" sizes=\"(max-width: 50px) 100vw, 50px\" \/><\/a><\/p>\n","protected":false},"excerpt":{"rendered":"<p>A los Se\u00f1ores\/as Concejales PRESENTE De mi mayor consideraci\u00f3n: Tengo el agrado de dirigirme a ustedes a fin de elevarle el Orden del D\u00eda N\u00ba 36\/21 para la Sesi\u00f3n Ordinaria del d\u00eda 16 de noviembre de 2021, a la hora 09:00. COMUNICACIONES OFICIALES Expte. N\u00ba 2021-00274-2\u00a0\u00a0\u00a0\u00a0\u00a0\u00a0\u00a0\u00a0\u00a0 Expte. Municipal N\u00ba 2021-18131-4 Secretar\u00eda de Gobierno, solicita autorizaci\u00f3n [&hellip;]<\/p>\n","protected":false},"author":1,"featured_media":0,"comment_status":"closed","ping_status":"closed","sticky":false,"template":"","format":"standard","meta":{"_acf_changed":false,"footnotes":""},"categories":[73],"tags":[],"class_list":["post-10468","post","type-post","status-publish","format-standard","hentry","category-orden-del-dia"],"acf":[],"_links":{"self":[{"href":"https:\/\/coworkdigital.com.ar\/hcd\/wp-json\/wp\/v2\/posts\/10468","targetHints":{"allow":["GET"]}}],"collection":[{"href":"https:\/\/coworkdigital.com.ar\/hcd\/wp-json\/wp\/v2\/posts"}],"about":[{"href":"https:\/\/coworkdigital.com.ar\/hcd\/wp-json\/wp\/v2\/types\/post"}],"author":[{"embeddable":true,"href":"https:\/\/coworkdigital.com.ar\/hcd\/wp-json\/wp\/v2\/users\/1"}],"replies":[{"embeddable":true,"href":"https:\/\/coworkdigital.com.ar\/hcd\/wp-json\/wp\/v2\/comments?post=10468"}],"version-history":[{"count":4,"href":"https:\/\/coworkdigital.com.ar\/hcd\/wp-json\/wp\/v2\/posts\/10468\/revisions"}],"predecessor-version":[{"id":13153,"href":"https:\/\/coworkdigital.com.ar\/hcd\/wp-json\/wp\/v2\/posts\/10468\/revisions\/13153"}],"wp:attachment":[{"href":"https:\/\/coworkdigital.com.ar\/hcd\/wp-json\/wp\/v2\/media?parent=10468"}],"wp:term":[{"taxonomy":"category","embeddable":true,"href":"https:\/\/coworkdigital.com.ar\/hcd\/wp-json\/wp\/v2\/categories?post=10468"},{"taxonomy":"post_tag","embeddable":true,"href":"https:\/\/coworkdigital.com.ar\/hcd\/wp-json\/wp\/v2\/tags?post=10468"}],"curies":[{"name":"wp","href":"https:\/\/api.w.org\/{rel}","templated":true}]}}