{"id":11272,"date":"2023-06-30T14:55:20","date_gmt":"2023-06-30T14:55:20","guid":{"rendered":"http:\/\/rivadaviamendoza.gob.ar\/hcd\/?p=11272"},"modified":"2023-06-30T14:55:20","modified_gmt":"2023-06-30T14:55:20","slug":"ordenanza-n-5150-23","status":"publish","type":"post","link":"https:\/\/coworkdigital.com.ar\/hcd\/ordenanza-n-5150-23\/","title":{"rendered":"ORDENANZA N\u00b0 5150-23"},"content":{"rendered":"<p>VISTO:<br \/>\nEl Expediente N\u00b02023-00053-8 HCD, caratulado Ediles del Honorable Concejo<br \/>\nDeliberante, presentan Proyecto de Ordenanza: Cambio de sentido de circulaci\u00f3n de la calle<br \/>\nEj\u00e9rcito de los Andes, y<br \/>\nCONSIDERANDO:<br \/>\nLos expedientes 2023-00042-1 y 2022-00455-1 donde los vecinos de la calle<br \/>\n\u201cEjercito de los Andes\u201d solicitan cambio de sentido de la misma.<br \/>\nQue, cercanos a esta zona se encuentran varios establecimientos educativos y<br \/>\ncomercios, lo que implica un conflictivo transito ya sea vehicular o a pie.<br \/>\nQue, la calle \u201cEjercito de los Andes\u201d del departamento de Rivadavia, es doble<br \/>\nsentido de circulaci\u00f3n, entre Juan XXIII y G\u00fcemes.<br \/>\nQue, el Art\u00edculo 79 de la Ley \u201cOrg\u00e1nica de Municipalidades\u201d en su inc.7o, establece<br \/>\nque es funci\u00f3n del Honorable Concejo Deliberante reglamentar el tr\u00e1fico vehicular en calles<br \/>\np\u00fablicas.<br \/>\nQue, la Ley Provincial 9024 de seguridad vial en su art\u00edculo 9 establece que los<br \/>\nmunicipios tendr\u00e1n a su cargo (punto f) organizar el sistema de estacionamiento de<br \/>\nveh\u00edculos en la v\u00eda p\u00fablica.<br \/>\nQue, se adjunta un informe de catastro de la municipalidad de Rivadavia que<br \/>\nconfirma que el cambio de sentido de circulaci\u00f3n es viable y oportuno.<br \/>\nPOR ELLO<br \/>\nEl Honorable Concejo Deliberante de Rivadavia, Mendoza, en uso de sus facultades:<\/p>\n<p>ORDENA<\/p>\n<p>Art\u00edculo 1\u00b0: Autorizar al Departamento Ejecutivo Municipal, a realizar el cambio de<br \/>\nsentido de circulaci\u00f3n de marcha a la calle Ej\u00e9rcito de los Andes, estableciendo como \u00fanica<br \/>\ndirecci\u00f3n el sentido norte-sur, en el tramo comprendido por calle Juan XXIII y G\u00fcemes.<br \/>\nArt\u00edculo 2\u00b0: Establ\u00e9zcase un solo lado de estacionamiento vehicular paralelo al cord\u00f3n de<br \/>\nla calzada oeste, en el tramo comprendido entre calles Juan XXIII y G\u00fcemes.<br \/>\nArt\u00edculo 3\u00b0: Por la Direcci\u00f3n de Planificaci\u00f3n e Infraestructura Urbana, real\u00edcense las<br \/>\nobras de se\u00f1alizaci\u00f3n correspondientes, como la colocaci\u00f3n de carteler\u00eda y la pintura de<br \/>\ncordones. Asimismo, la Subdirecci\u00f3n de Comunicaci\u00f3n Institucional, deber\u00e1 realizar una<br \/>\namplia campa\u00f1a de difusi\u00f3n, antes de realizar el cambio de sentido de circulaci\u00f3n a fin de<br \/>\nque generar el mayor conocimiento de los conductores del Departamento del nuevo sentido.<br \/>\nArt\u00edculo 4\u00b0: Una vez promulgada la presente Ordenanza, por Secretar\u00eda de este Cuerpo,<br \/>\ncomun\u00edquese al se\u00f1or Comisario de la Seccional 13o, al jefe de la Delegaci\u00f3n de Tr\u00e1nsito<br \/>\ndel Departamento, a los dos Juzgados con asiento en el Departamento, a la Delegaci\u00f3n de<br \/>\nV\u00edas y Medios de Transporte Zona Este y al jefe del Cuerpo de Preventores de la<br \/>\nMunicipalidad de Rivadavia.<br \/>\nArt\u00edculo 5\u00b0: Comun\u00edquese al Departamento Ejecutivo a sus efectos, e ins\u00e9rtese en el Libro<br \/>\nde Ordenanzas de este Cuerpo.<br \/>\nDada en la Sala de Sesiones \u201cBandera Nacional Argentina\u201d, del Honorable Concejo<br \/>\nDeliberante de Rivadavia, Mendoza, a los 17 d\u00edas del mes de abril de 2023.<\/p>\n<p>ILIANA ROQUE HERN\u00c1N AMAT<br \/>\nSECRETARIA H.C.D PRESIDENTE H.C.D<br \/>\nCpde. Expte.No 2023-00053-8 H.C.D.<\/p>\n","protected":false},"excerpt":{"rendered":"<p>VISTO: El Expediente N\u00b02023-00053-8 HCD, caratulado Ediles del Honorable Concejo Deliberante, presentan Proyecto de Ordenanza: Cambio de sentido de circulaci\u00f3n de la calle Ej\u00e9rcito de los Andes, y CONSIDERANDO: Los expedientes 2023-00042-1 y 2022-00455-1 donde los vecinos de la calle \u201cEjercito de los Andes\u201d solicitan cambio de sentido de la misma. Que, cercanos a esta [&hellip;]<\/p>\n","protected":false},"author":1,"featured_media":0,"comment_status":"closed","ping_status":"closed","sticky":false,"template":"","format":"standard","meta":{"_acf_changed":false,"footnotes":""},"categories":[63],"tags":[],"class_list":["post-11272","post","type-post","status-publish","format-standard","hentry","category-ordenanzas"],"acf":[],"_links":{"self":[{"href":"https:\/\/coworkdigital.com.ar\/hcd\/wp-json\/wp\/v2\/posts\/11272","targetHints":{"allow":["GET"]}}],"collection":[{"href":"https:\/\/coworkdigital.com.ar\/hcd\/wp-json\/wp\/v2\/posts"}],"about":[{"href":"https:\/\/coworkdigital.com.ar\/hcd\/wp-json\/wp\/v2\/types\/post"}],"author":[{"embeddable":true,"href":"https:\/\/coworkdigital.com.ar\/hcd\/wp-json\/wp\/v2\/users\/1"}],"replies":[{"embeddable":true,"href":"https:\/\/coworkdigital.com.ar\/hcd\/wp-json\/wp\/v2\/comments?post=11272"}],"version-history":[{"count":0,"href":"https:\/\/coworkdigital.com.ar\/hcd\/wp-json\/wp\/v2\/posts\/11272\/revisions"}],"wp:attachment":[{"href":"https:\/\/coworkdigital.com.ar\/hcd\/wp-json\/wp\/v2\/media?parent=11272"}],"wp:term":[{"taxonomy":"category","embeddable":true,"href":"https:\/\/coworkdigital.com.ar\/hcd\/wp-json\/wp\/v2\/categories?post=11272"},{"taxonomy":"post_tag","embeddable":true,"href":"https:\/\/coworkdigital.com.ar\/hcd\/wp-json\/wp\/v2\/tags?post=11272"}],"curies":[{"name":"wp","href":"https:\/\/api.w.org\/{rel}","templated":true}]}}