{"id":11276,"date":"2023-06-30T15:00:22","date_gmt":"2023-06-30T15:00:22","guid":{"rendered":"http:\/\/rivadaviamendoza.gob.ar\/hcd\/?p=11276"},"modified":"2023-06-30T15:00:22","modified_gmt":"2023-06-30T15:00:22","slug":"ordenanza-n-5152-23","status":"publish","type":"post","link":"https:\/\/coworkdigital.com.ar\/hcd\/ordenanza-n-5152-23\/","title":{"rendered":"ORDENANZA N\u00b0 5152-23"},"content":{"rendered":"<p>VISTO:<br \/>\nEl Expediente N.o 2023-00082-7 HCD, caratulado Ediles del Honorable Concejo<br \/>\nDeliberante, presentan proyecto de Ordenanza: Derogaci\u00f3n Ordenanza N\u00b0 4.782 Reina<br \/>\nNacional Francisca Jahan, y<br \/>\nCONSIDERANDO:<br \/>\nLa Declaraci\u00f3n N\u00b0 33\/2014 y la Ordenanza N\u00b0 4.782.<br \/>\nQue el Poder Ejecutivo construye un edificio destinado a un Hogar de D\u00eda en la Ruta<br \/>\nProvincial N\u00b0 67 frente al Anfiteatro Municipal \u201cCesar Pl\u00e1stina\u201d.<br \/>\nQue, en el a\u00f1o 2015, el H. C. D. aprueba la Ordenanza N\u00b0 4.782 designa con el<br \/>\nnombre \u201cDo\u00f1a Francisca Jahan\u201d al Hogar de D\u00eda Municipal para adultos mayores de<br \/>\nnuestro Departamento en reconocimiento a nuestra primera Reina Nacional de la Vendimia<br \/>\ndel a\u00f1o 1952.<br \/>\nQue el 20 de abril de 2018 en el marco del 134\u00b0 Aniversario del Departamento de<br \/>\nRivadavia, se inaugura oficialmente un \u201cCentro de D\u00eda Municipal\u201d para adultos mayores<br \/>\nque funcion\u00f3 parcialmente con siete adultos mayores, hasta que comenz\u00f3 la pandemia de<br \/>\nCOVID-19.<br \/>\nQue durante los a\u00f1os 2021 y 2022 el edificio se utiliz\u00f3 como Centro de Vacunaci\u00f3n<br \/>\ncontra el COVID, utilizado por el \u00c1rea Sanitaria de Rivadavia para realizar un operativo de<br \/>\nvacunaci\u00f3n de magnitudes sin precedentes.<br \/>\nQue durante el a\u00f1o 2023 se firma un Convenio con el Ministerio de Salud de la<br \/>\nProvincia de Mendoza para que funcione en este edificio un centro de atenci\u00f3n y<br \/>\nprevenci\u00f3n en Salud Mental para j\u00f3venes, eliminando el objetivo inicial de brindarle un<br \/>\nservicio social a nuestros abuelos.<br \/>\nQue se ha eliminado el cartel fijado al frente del edificio que rezaba \u201cHogar de D\u00eda<br \/>\nDo\u00f1a Francisca Jahan\u201d; es necesario y como muestra de respeto y recuerdo de nuestra<br \/>\nprimera Reina Nacional y su familia, restablecer el cartel.<br \/>\nQue la Sra. Francisca Jahan siempre expres\u00f3 su deseo de ser nominada como Reina<br \/>\nNacional, por tal orgullo de haber sido la Primer Reina Nacional de la Vendimia de nuestra<br \/>\ntierra.<br \/>\nQue es importante para nuestra cultura y tradici\u00f3n que las nuevas generaciones la<br \/>\nrecuerden y reconozcan como Reina Nacional.<br \/>\nPOR ELLO<br \/>\nEl Honorable Concejo Deliberante de Rivadavia, Mendoza, en uso de sus facultades:<\/p>\n<p>ORDENA<br \/>\nArt\u00edculo 1\u00b0: Der\u00f3guese la Ordenanza N\u00b0 4.782<br \/>\nArt\u00edculo 2\u00b0: Designase con el nombre \u201cReina Nacional Francisca Jahan\u201d al Edificio<br \/>\nMunicipal ubicado en Ruta Provincial N\u00b067 frente al Anfiteatro Municipal \u201cCesar<br \/>\nPl\u00e1stina\u201d, el que deber\u00e1 poseer siempre una actividad social, cultural, deportiva o de salud.<br \/>\nArt\u00edculo 3\u00b0: El objeto del servicio prestado por la municipalidad de Rivadavia deber\u00e1<br \/>\nfigurar con carteles en su frente, no menores del que ten\u00eda como \u201cHogar de d\u00eda\u201d, como as\u00ed<br \/>\ntambi\u00e9n el establecido en el art\u00edculo 2\u00b0.<br \/>\nArt\u00edculo 4o: Comun\u00edquese el contenido de la presente Ordenanza a la familia de Francisca<br \/>\nJahan.<br \/>\nArt\u00edculo 5\u00b0: Comun\u00edquese al Departamento Ejecutivo a sus efectos, e ins\u00e9rtese en el Libro<br \/>\nde Ordenanzas de este Cuerpo.<br \/>\nDada en la Sala de Sesiones \u201cBandera Nacional Argentina\u201d, del Honorable Concejo<br \/>\nDeliberante de Rivadavia, Mendoza, a los 25 d\u00edas del mes de abril de 2023.<\/p>\n<p>ILIANA ROQUE\u00a0 \u00a0 \u00a0 \u00a0 \u00a0 \u00a0 \u00a0 \u00a0 \u00a0 \u00a0 \u00a0 \u00a0 \u00a0 \u00a0 \u00a0 \u00a0 \u00a0HERN\u00c1N AMAT<br \/>\nSECRETARIA H.C.D\u00a0 \u00a0 \u00a0 \u00a0 \u00a0 \u00a0 \u00a0 \u00a0 \u00a0 \u00a0 \u00a0 \u00a0 \u00a0 \u00a0PRESIDENTE H.C. D<br \/>\nCpde. Expte No 2023-00082-7 H.C.D.<\/p>\n","protected":false},"excerpt":{"rendered":"<p>VISTO: El Expediente N.o 2023-00082-7 HCD, caratulado Ediles del Honorable Concejo Deliberante, presentan proyecto de Ordenanza: Derogaci\u00f3n Ordenanza N\u00b0 4.782 Reina Nacional Francisca Jahan, y CONSIDERANDO: La Declaraci\u00f3n N\u00b0 33\/2014 y la Ordenanza N\u00b0 4.782. Que el Poder Ejecutivo construye un edificio destinado a un Hogar de D\u00eda en la Ruta Provincial N\u00b0 67 frente [&hellip;]<\/p>\n","protected":false},"author":1,"featured_media":0,"comment_status":"closed","ping_status":"closed","sticky":false,"template":"","format":"standard","meta":{"_acf_changed":false,"footnotes":""},"categories":[63],"tags":[],"class_list":["post-11276","post","type-post","status-publish","format-standard","hentry","category-ordenanzas"],"acf":[],"_links":{"self":[{"href":"https:\/\/coworkdigital.com.ar\/hcd\/wp-json\/wp\/v2\/posts\/11276","targetHints":{"allow":["GET"]}}],"collection":[{"href":"https:\/\/coworkdigital.com.ar\/hcd\/wp-json\/wp\/v2\/posts"}],"about":[{"href":"https:\/\/coworkdigital.com.ar\/hcd\/wp-json\/wp\/v2\/types\/post"}],"author":[{"embeddable":true,"href":"https:\/\/coworkdigital.com.ar\/hcd\/wp-json\/wp\/v2\/users\/1"}],"replies":[{"embeddable":true,"href":"https:\/\/coworkdigital.com.ar\/hcd\/wp-json\/wp\/v2\/comments?post=11276"}],"version-history":[{"count":0,"href":"https:\/\/coworkdigital.com.ar\/hcd\/wp-json\/wp\/v2\/posts\/11276\/revisions"}],"wp:attachment":[{"href":"https:\/\/coworkdigital.com.ar\/hcd\/wp-json\/wp\/v2\/media?parent=11276"}],"wp:term":[{"taxonomy":"category","embeddable":true,"href":"https:\/\/coworkdigital.com.ar\/hcd\/wp-json\/wp\/v2\/categories?post=11276"},{"taxonomy":"post_tag","embeddable":true,"href":"https:\/\/coworkdigital.com.ar\/hcd\/wp-json\/wp\/v2\/tags?post=11276"}],"curies":[{"name":"wp","href":"https:\/\/api.w.org\/{rel}","templated":true}]}}