{"id":11290,"date":"2023-06-30T15:25:23","date_gmt":"2023-06-30T15:25:23","guid":{"rendered":"http:\/\/rivadaviamendoza.gob.ar\/hcd\/?p=11290"},"modified":"2023-06-30T15:25:23","modified_gmt":"2023-06-30T15:25:23","slug":"ordenanza-n-5260-23","status":"publish","type":"post","link":"https:\/\/coworkdigital.com.ar\/hcd\/ordenanza-n-5260-23\/","title":{"rendered":"ORDENANZA N\u00b0 5260-23"},"content":{"rendered":"<p>VISTO:<br \/>\nEl Expediente No2023-00149-4 HCD, caratulado Bloque UCR- Frente Cambia<br \/>\nMendoza, concejal Rodr\u00edguez, presenta Proyecto de Ordenanza: \u201c40o Aniversario de la<br \/>\nrecuperaci\u00f3n de la Democracia Argentina\u201d, y<br \/>\nCONSIDERANDO:<br \/>\nEl cuarenta aniversario de la recuperaci\u00f3n de la Democracia Argentina.<br \/>\nQue, en el a\u00f1o 2023 la Rep\u00fablica Argentina cumple 40 a\u00f1os ininterrumpidos de<br \/>\ndemocracia, hito que luego de siete largos y tr\u00e1gicos a\u00f1os de Dictadura C\u00edvico Militar, el<br \/>\n30 de octubre de 1983 nuestro pa\u00eds retorno a las bases institucionales de un sistema pol\u00edtico<br \/>\nbasado en los principios y garant\u00edas constitucionales, al ser electo democr\u00e1ticamente el<br \/>\ndoctor Ra\u00fal Ricardo Alfons\u00edn como presidente de la Naci\u00f3n, quien asumi\u00f3 el cargo el d\u00eda<br \/>\n10 de diciembre de 1983.<br \/>\nQue, el inicio de esa nueva etapa se convirti\u00f3 en un hito que inaugura el per\u00edodo de<br \/>\ndemocracia ininterrumpida m\u00e1s largo de nuestra historia como Naci\u00f3n independiente.<br \/>\nDesde la unificaci\u00f3n nacional, tras la batalla de Pav\u00f3n en 1862 hasta el retorno a la<br \/>\nDemocracia en 1983, durante 121 a\u00f1os Argentina s\u00f3lo experiment\u00f3 26 a\u00f1os de democracia<br \/>\nplena, sin fraudes, proscripciones ni golpes. El per\u00edodo inaugurado hace 40 a\u00f1os es el m\u00e1s<br \/>\nlargo de estabilidad pol\u00edtica y democr\u00e1tica del que se tiene memoria y, por tanto, in\u00e9dito en<br \/>\nnuestra historia.<br \/>\nQue por medio de la Ley N\u00b0 26.323, en toda la Rep\u00fablica Argentina se celebra el 10<br \/>\nde diciembre como el \u201cD\u00eda de la Restauraci\u00f3n de la Democracia\u201d, declarado en<br \/>\nconmemoraci\u00f3n de la fecha de asunci\u00f3n del doctor Ra\u00fal Ricardo Alfons\u00edn como presidente<br \/>\nde la Naci\u00f3n recuperando el Estado de Derecho y de la finalizaci\u00f3n de la \u00faltima Dictadura<br \/>\nC\u00edvico Militar, y con ella, de la violaci\u00f3n sistem\u00e1tica de los Derechos Humanos.<br \/>\nQue, en la vigencia del Estado de Derecho y Democracia, el pueblo argentino<br \/>\ntambi\u00e9n recobr\u00f3 derechos y garant\u00edas sociales, pol\u00edticas tales como la representaci\u00f3n de la<br \/>\nvoluntad popular, la libertad de expresi\u00f3n y de participaci\u00f3n.<br \/>\nQue, en este sentido, las mejoras sustantivas del sistema democr\u00e1tico s\u00f3lo son<br \/>\nposibles mediante el trabajo diario, la reafirmaci\u00f3n f\u00e1ctica del Estado de Derecho, el<br \/>\nrespeto a nuestras instituciones, la divisi\u00f3n de poderes y la protecci\u00f3n de las garant\u00edas<br \/>\nconstitucionales.<br \/>\nQue, en consideraci\u00f3n de lo expuesto, se impulsa el presente proyecto con el fin de<br \/>\npromover los valores democr\u00e1ticos, impulsar, concientizar y resaltar la importancia y el<br \/>\nsignificado hist\u00f3rico, pol\u00edtico y social que posee la Democracia para la ciudadan\u00eda del<br \/>\ndepartamento de Rivadavia.<br \/>\nPOR ELLO<br \/>\nEl Honorable Concejo Deliberante de Rivadavia, Mendoza, en uso de sus facultades:<\/p>\n<p>ORDENA<\/p>\n<p>Art\u00edculo 1\u00b0: Decl\u00e1rese de \u201cInter\u00e9s Departamental\u201d el a\u00f1o 2023 como \u201cA\u00f1o del 40o<br \/>\nAniversario de la Restauraci\u00f3n de la Democracia\u201d en el departamento de Rivadavia, en<br \/>\nhomenaje a los cuarenta a\u00f1os ininterrumpidos de Democracia.<br \/>\nArt\u00edculo 2\u00b0: Promu\u00e9vase en el Departamento Ejecutivo y Honorable Concejo Deliberante<br \/>\ntodo tipo de acciones tendientes a destacar, difundir y concientizar acerca de los valores<br \/>\ndemocr\u00e1ticos, la importancia y el significado hist\u00f3rico, pol\u00edtico y social que posee la<br \/>\nDemocracia.<br \/>\nArt\u00edculo 3\u00b0: Disp\u00f3ngase que, desde la promulgaci\u00f3n de la presente Ordenanza hasta el 31<br \/>\nde diciembre de 2023, el encabezamiento de todos los documentos oficiales emanados del<br \/>\nDepartamento Ejecutivo y Honorable Concejo Deliberante lleve impreso la leyenda \u201cA\u00f1o<br \/>\ndel 40o Aniversario de la Restauraci\u00f3n de la Democracia\u201d.<br \/>\nArt\u00edculo 4o: Comun\u00edquese al Departamento Ejecutivo a sus efectos, e ins\u00e9rtese en el Libro<br \/>\nde Ordenanzas de este Cuerpo.<\/p>\n<p>Dada en la Sala de Sesiones \u201cBandera Nacional Argentina\u201d, del Honorable Concejo<br \/>\nDeliberante de Rivadavia, Mendoza, a los 13 d\u00edas del mes de junio de 2023.<\/p>\n<p>ILIANA ROQUE\u00a0 \u00a0 \u00a0 \u00a0 \u00a0 \u00a0 \u00a0 \u00a0 \u00a0 \u00a0 \u00a0 \u00a0 \u00a0 \u00a0 \u00a0 \u00a0 \u00a0 \u00a0 \u00a0HERNAN AMAT<br \/>\nSECRETARIA\u00a0 H. C.D.\u00a0 \u00a0 \u00a0 \u00a0 \u00a0 \u00a0 \u00a0 \u00a0 \u00a0 \u00a0 \u00a0 \u00a0 \u00a0 \u00a0PRESIDENTE H. C. D.<\/p>\n<p>Cpde. Expte. No 2023-00149-4 H.C.D.<\/p>\n","protected":false},"excerpt":{"rendered":"<p>VISTO: El Expediente No2023-00149-4 HCD, caratulado Bloque UCR- Frente Cambia Mendoza, concejal Rodr\u00edguez, presenta Proyecto de Ordenanza: \u201c40o Aniversario de la recuperaci\u00f3n de la Democracia Argentina\u201d, y CONSIDERANDO: El cuarenta aniversario de la recuperaci\u00f3n de la Democracia Argentina. Que, en el a\u00f1o 2023 la Rep\u00fablica Argentina cumple 40 a\u00f1os ininterrumpidos de democracia, hito que luego [&hellip;]<\/p>\n","protected":false},"author":1,"featured_media":0,"comment_status":"closed","ping_status":"closed","sticky":false,"template":"","format":"standard","meta":{"_acf_changed":false,"footnotes":""},"categories":[63],"tags":[],"class_list":["post-11290","post","type-post","status-publish","format-standard","hentry","category-ordenanzas"],"acf":[],"_links":{"self":[{"href":"https:\/\/coworkdigital.com.ar\/hcd\/wp-json\/wp\/v2\/posts\/11290","targetHints":{"allow":["GET"]}}],"collection":[{"href":"https:\/\/coworkdigital.com.ar\/hcd\/wp-json\/wp\/v2\/posts"}],"about":[{"href":"https:\/\/coworkdigital.com.ar\/hcd\/wp-json\/wp\/v2\/types\/post"}],"author":[{"embeddable":true,"href":"https:\/\/coworkdigital.com.ar\/hcd\/wp-json\/wp\/v2\/users\/1"}],"replies":[{"embeddable":true,"href":"https:\/\/coworkdigital.com.ar\/hcd\/wp-json\/wp\/v2\/comments?post=11290"}],"version-history":[{"count":0,"href":"https:\/\/coworkdigital.com.ar\/hcd\/wp-json\/wp\/v2\/posts\/11290\/revisions"}],"wp:attachment":[{"href":"https:\/\/coworkdigital.com.ar\/hcd\/wp-json\/wp\/v2\/media?parent=11290"}],"wp:term":[{"taxonomy":"category","embeddable":true,"href":"https:\/\/coworkdigital.com.ar\/hcd\/wp-json\/wp\/v2\/categories?post=11290"},{"taxonomy":"post_tag","embeddable":true,"href":"https:\/\/coworkdigital.com.ar\/hcd\/wp-json\/wp\/v2\/tags?post=11290"}],"curies":[{"name":"wp","href":"https:\/\/api.w.org\/{rel}","templated":true}]}}