{"id":11508,"date":"2023-07-06T15:06:35","date_gmt":"2023-07-06T15:06:35","guid":{"rendered":"http:\/\/rivadaviamendoza.gob.ar\/hcd\/?p=11508"},"modified":"2023-07-06T15:06:35","modified_gmt":"2023-07-06T15:06:35","slug":"declaracion-n-57-2022","status":"publish","type":"post","link":"https:\/\/coworkdigital.com.ar\/hcd\/declaracion-n-57-2022\/","title":{"rendered":"DECLARACION N\u00b0 57-2022"},"content":{"rendered":"<p>VISTO:<br \/>\nEl Expediente No 2022-00125-5, caratulado: Bloque Frente de Todos P\/J, concejal<br \/>\nVillalba, presenta proyecto de Declaraci\u00f3n: Declarar Departamental, por el cent\u00e9simo<br \/>\naniversario de la creaci\u00f3n de (YPF), y<br \/>\nCONSIDERANDO:<br \/>\nEl decreto presidencial que crea la Direcci\u00f3n General de Yacimientos Petrol\u00edferos<br \/>\nFiscales.<br \/>\nLa ley 26741 de que declara de Inter\u00e9s P\u00fablico Nacional el logro de autoabastecimiento de<br \/>\nhidrocarburos, la creaci\u00f3n del Consejo Federal de Hidrocarburos y la Declaraci\u00f3n de<br \/>\nUtilidad P\u00fablica y sujeto a expropiaci\u00f3n del 51% del patrimonio de YPF S. A. y Repsol<br \/>\nYPF Gas S. A.<br \/>\nQue, el 3 de junio de 1922 se crea por decreto del presidente Hip\u00f3lito Yrigoyen, la<br \/>\nDirecci\u00f3n General de Yacimientos Petrol\u00edferos Fiscales, como consecuencia de las<br \/>\nactividades de exploraci\u00f3n y desarrollo que ven\u00edan aconteciendo en el pa\u00eds. La misma se<br \/>\nconstituy\u00f3 como una Sociedad del Estado Nacional (YPF S.E.), dependiente del Ministerio<br \/>\nde Econom\u00eda de la Naci\u00f3n, quien designaba sus autoridades a trav\u00e9s de la Subsecretar\u00eda de<br \/>\nEmpresas P\u00fablicas.<br \/>\nQue, el objeto principal de esta sociedad fue la exploraci\u00f3n, explotaci\u00f3n y<br \/>\ndistribuci\u00f3n de hidrocarburos a nivel nacional e internacional. El General Enrique Mosconi<br \/>\nfue nombrado en el cargo de director general de Yacimientos Petrol\u00edferos Fiscales (YPF),<br \/>\nimpulsando fuertemente la actividad y su expansi\u00f3n<br \/>\nQue, es importante destacar, que la pol\u00edtica social instaurada en YPF, fue<br \/>\ninfluenciada por la visi\u00f3n de Mosconi sobre la organizaci\u00f3n del trabajo, donde valoraba las<br \/>\nintervenciones empresariales en relaci\u00f3n a la vivienda obrera, la asistencia educativa y<br \/>\nsanitaria. Entre los principales logros de su gesti\u00f3n cabe mencionar, la electrificaci\u00f3n de los<br \/>\nyacimientos, la adquisici\u00f3n de barcos petroleros, remolcadores y cisternas, la destiler\u00eda de<br \/>\nla ciudad de La Plata, la actividad desarrollada en la provincia de Salta y en la zona<br \/>\nneuquina de Plaza Huincul y la construcci\u00f3n de surtidores en la v\u00eda p\u00fablica.<br \/>\nQue, con la asunci\u00f3n del presidente Juan Domingo Per\u00f3n, la pol\u00edtica energ\u00e9tica<br \/>\nimpulsada busc\u00f3 reactivar a YPF, creando la empresa Gas del Estado. La articulaci\u00f3n m\u00e1s<br \/>\nimportante entre estas dos empresas fue la construcci\u00f3n del Gasoducto presidente Per\u00f3n,<br \/>\ntras casi tres a\u00f1os de obra.<br \/>\nQue, el presidente Per\u00f3n realiz\u00f3 un convenio en materia de hidrocarburos con<br \/>\ncapitales extranjeros, con el objetivo de estimular el ingreso de inversiones con el fin de<br \/>\nabastecer la importante demanda de divisas que el modelo industrialista requer\u00eda. Aunque<br \/>\nel abastecimiento energ\u00e9tico se logra cuando finaliza el gobierno de Frondizi, el costo fue<br \/>\nmuy elevado, porque se entregaron a las petroleras extranjeras enormes extensiones de<br \/>\ntierra para la explotaci\u00f3n, con exenciones impositivas, las objeciones que se adujeron por<br \/>\naquel momento es que los contratos se llevaron adelante sin licitaci\u00f3n y sin tratamiento por<br \/>\nparte del congreso. Ya con la presidencia de Illia, se dict\u00f3 el decreto N 744\/63 por el cual se<br \/>\ndeclara la nulidad de aquellos acuerdos petroleros, por vicios de ilegitimidad y por ser<br \/>\nda\u00f1osos a los derechos e intereses de la Naci\u00f3n. As\u00ed, YPF va perdiendo el<br \/>\nautoabastecimiento y decae su producci\u00f3n petrolera.<br \/>\nQue el gobierno de facto de Ongan\u00eda modific\u00f3 una ley marco para el mercado<br \/>\npetrolero que se hab\u00eda aprobado bajo la gesti\u00f3n de Frondizi (ley 14.773), y volvi\u00f3 a hacer<br \/>\nregir el principio de propiedad estatal del petr\u00f3leo, pero no se limit\u00f3 a YPF -es decir,<br \/>\ncualquier compa\u00f1\u00eda pod\u00eda ser concesionada por el estado para la explotaci\u00f3n del<br \/>\nhidrocarburo.<br \/>\nQue, durante la dictadura iniciada en 1976 hasta 1983, la empresa YPF estuvo en<br \/>\nuna profunda crisis.<br \/>\nQue, la administraci\u00f3n de Ra\u00fal Alfons\u00edn experiment\u00f3 un grave problema con YPF,<br \/>\nya que durante la d\u00e9cada del 80 la empresa se torn\u00f3 sumamente deficitaria. Aun as\u00ed, hasta<br \/>\n1989, YPF se mantuvo como una Sociedad del Estado dependiente del Poder Ejecutivo<br \/>\nNacional.<\/p>\n<p>Que, en la d\u00e9cada del 90, con la administraci\u00f3n de Menem se impuls\u00f3 la ley de<br \/>\n\u201creforma del estado\u201d y se abri\u00f3 una instancia de desnacionalizaci\u00f3n de los recursos<br \/>\necon\u00f3micos y energ\u00e9ticos del pa\u00eds.<br \/>\nQue, con el transcurrir de los a\u00f1os, fue creciendo el porcentaje de participaci\u00f3n<br \/>\nprivada, fundamentalmente orientado hacia fondos comunes de inversi\u00f3n extranjeros y al<br \/>\nsector privado argentino, manteni\u00e9ndose la participaci\u00f3n del Estado Nacional. A inicios del<br \/>\na\u00f1o 1999 el Estado Nacional vendi\u00f3 el 14,99% de sus acciones a Repsol. La participaci\u00f3n<br \/>\nprivada estaba compuesta por fondos comunes de inversi\u00f3n extranjeros (ingleses, franceses,<br \/>\nestadounidenses, bancos nacionales y AFJPs, bancos internacionales, empresas petroleras<br \/>\nde capitales nacionales y particulares). Entre mediados y fines de 1999 se concret\u00f3 la venta<br \/>\ndel resto del paquete accionario del Estado y Repsol adquiri\u00f3 el 83,24% de las acciones,<br \/>\nquedando el 0,4 % en litigio y en poder de los agentes de YPF SA.<br \/>\nQue, en 2007 el Grupo Petersen compr\u00f3 parte de las acciones de Repsol,<br \/>\naumentando su participaci\u00f3n en los a\u00f1os siguientes. As\u00ed pues, a fines de 2011 la propiedad<br \/>\nde las acciones qued\u00f3 estructurada de la siguiente manera: Repsol S.A. controlaba a YPF<br \/>\nS.A. con el 57,43% de las acciones; la familia Eskenazi pose\u00eda otro 25,46%; un 17,09%<br \/>\nadicional eran acciones en manos de otros inversores privados; y el 0,02% restante<br \/>\npertenec\u00eda al Estado Nacional (conservando la acci\u00f3n de oro). En ese entonces, YPF<br \/>\ncontrolaba el 32% de la producci\u00f3n de hidrocarburos y el 23% de la de gas.<br \/>\nQue, en 2012 la entonces presidenta de la Naci\u00f3n Cristina Fern\u00e1ndez de Kirchner<br \/>\npresent\u00f3 el proyecto de ley de Soberan\u00eda Hidrocarbur\u00edfera de la Rep\u00fablica Argentina y fue<br \/>\nsancionado por el Congreso de la Naci\u00f3n. El proyecto de ley en su primer art\u00edculo<br \/>\nexpresaba lo siguiente \u201cdecl\u00e1rase de inter\u00e9s p\u00fablico nacional y como objetivo prioritario de<br \/>\nla Rep\u00fablica Argentina el logro del autoabastecimiento de hidrocarburos, as\u00ed como la<br \/>\nexploraci\u00f3n, explotaci\u00f3n, industrializaci\u00f3n, transporte y comercializaci\u00f3n de hidrocarburos,<br \/>\na fin de garantizar el desarrollo econ\u00f3mico con equidad, la creaci\u00f3n de empleo, el<br \/>\nincremento de la competitividad de los diversos sectores econ\u00f3micos y el crecimiento<br \/>\nequitativo y sustentable de las provincias y regiones\u201d. Asimismo, se cre\u00f3 el Consejo<br \/>\nFederal de Hidrocarburos con las siguientes funciones: promover la actuaci\u00f3n coordinada<br \/>\ndel Estado nacional y los Estados provinciales, a fin de garantizar el cumplimiento de los<br \/>\nobjetivos de la presente; expedirse sobre toda otra cuesti\u00f3n vinculada al cumplimiento de<br \/>\nlos objetivos de la presente ley y a la fijaci\u00f3n de la pol\u00edtica hidrocarbur\u00edfera de la Rep\u00fablica<br \/>\nArgentina, que el Poder Ejecutivo Nacional someta a su consideraci\u00f3n. La propuesta de<br \/>\nrecuperar YPF no fue con intenci\u00f3n de impulsar una pol\u00edtica de expropiaci\u00f3n o estatizante,<br \/>\nsino para satisfacer una necesidad porque se hab\u00eda entrado en d\u00e9ficit energ\u00e9tico, y adem\u00e1s<br \/>\nse hab\u00eda perdido el super\u00e1vit fiscal por la importaci\u00f3n de energ\u00eda. Con este nuevo<br \/>\nparadigma YPF revirti\u00f3 el declive de la producci\u00f3n de petr\u00f3leo y gas, en 2014 la evoluci\u00f3n<br \/>\nde producci\u00f3n de petr\u00f3leo fue de un 9,6%, mientras que la producci\u00f3n de gas hab\u00eda crecido<br \/>\nen un 25,1%. Esta decisi\u00f3n pol\u00edtica, marc\u00f3 un hito hist\u00f3rico trascendental porque se ha<br \/>\npasado de perforar 546 pozos en 2011 a 908; y con todo lo que esto significa en materia<br \/>\npetrolera, puestos de trabajo y desarrollo econ\u00f3mico en las ciudades. En estos \u00faltimos a\u00f1os,<br \/>\nla compa\u00f1\u00eda lider\u00f3 la exploraci\u00f3n y producci\u00f3n de gas y petr\u00f3leo y la refinaci\u00f3n y provisi\u00f3n<br \/>\nde combustibles a lo largo y ancho del pa\u00eds; contribuyendo con la creaci\u00f3n de pueblos y<br \/>\ncomunidades enteras; y desarrollando distintas unidades de negocio como Qu\u00edmica,<br \/>\nAviaci\u00f3n, Transporte y Agro, entre otras, para brindar soluciones a todos los sectores de la<br \/>\nindustria nacional.<br \/>\nQue, tambi\u00e9n cre\u00f3 Y-TEC, el puente entre el sector productivo y cient\u00edfico de YPF<br \/>\njunto al CONICET, para generar nuevas tecnolog\u00edas y soluciones que agreguen valor en las<br \/>\ndistintas cadenas productivas de las que YPF participa.<br \/>\nQue, sin lugar a dudas, conmemorar el centenario de una empresa que es un<br \/>\nemblema y un orgullo para los argentinos, nos convoca a seguir impulsando pol\u00edticas<br \/>\np\u00fablicas en defensa del inter\u00e9s, de la industria nacional y de toda la matriz energ\u00e9tica con la<br \/>\nfinalidad de llegar a un desarrollo sustentable y diversificado.<br \/>\nPOR ELLO<br \/>\nEl Honorable Concejo Deliberante de Rivadavia, Mendoza, en uso de sus facultades:<\/p>\n<p>DECLARA<\/p>\n<p>Art\u00edculo 1\u00b0: Declarar Inter\u00e9s Departamental el cent\u00e9simo aniversario de la creaci\u00f3n de<br \/>\nYACIMIENTOS PETROLIFEROS FISCALES (YPF) a conmemorarse el 3 de junio de<br \/>\n2022.<br \/>\nArt\u00edculo 2\u00b0: Comun\u00edquese al Departamento Ejecutivo a sus efectos, e ins\u00e9rtese en el Libro<br \/>\nde Declaraciones de este Cuerpo.<br \/>\nDada en la Sala de Sesiones \u201cBandera Nacional Argentina\u201d, del Honorable Concejo<br \/>\nDeliberante de Rivadavia, Mendoza, a los 29 de noviembres de 2022.<\/p>\n<p>ILIANA ROQUE\u00a0 \u00a0 \u00a0 \u00a0 \u00a0 \u00a0 \u00a0 \u00a0 \u00a0 \u00a0 \u00a0 \u00a0 HERN\u00c1N AMAT<br \/>\nSECRETARIA H. C.D.\u00a0 \u00a0 \u00a0 \u00a0 \u00a0 \u00a0 \u00a0 PRESIDENTE H. C. D.<\/p>\n<p>Cpde. Expte. No 2022-00125-5 H.C.D<\/p>\n","protected":false},"excerpt":{"rendered":"<p>VISTO: El Expediente No 2022-00125-5, caratulado: Bloque Frente de Todos P\/J, concejal Villalba, presenta proyecto de Declaraci\u00f3n: Declarar Departamental, por el cent\u00e9simo aniversario de la creaci\u00f3n de (YPF), y CONSIDERANDO: El decreto presidencial que crea la Direcci\u00f3n General de Yacimientos Petrol\u00edferos Fiscales. La ley 26741 de que declara de Inter\u00e9s P\u00fablico Nacional el logro de [&hellip;]<\/p>\n","protected":false},"author":1,"featured_media":0,"comment_status":"closed","ping_status":"closed","sticky":false,"template":"","format":"standard","meta":{"_acf_changed":false,"footnotes":""},"categories":[66],"tags":[],"class_list":["post-11508","post","type-post","status-publish","format-standard","hentry","category-declaraciones"],"acf":[],"_links":{"self":[{"href":"https:\/\/coworkdigital.com.ar\/hcd\/wp-json\/wp\/v2\/posts\/11508","targetHints":{"allow":["GET"]}}],"collection":[{"href":"https:\/\/coworkdigital.com.ar\/hcd\/wp-json\/wp\/v2\/posts"}],"about":[{"href":"https:\/\/coworkdigital.com.ar\/hcd\/wp-json\/wp\/v2\/types\/post"}],"author":[{"embeddable":true,"href":"https:\/\/coworkdigital.com.ar\/hcd\/wp-json\/wp\/v2\/users\/1"}],"replies":[{"embeddable":true,"href":"https:\/\/coworkdigital.com.ar\/hcd\/wp-json\/wp\/v2\/comments?post=11508"}],"version-history":[{"count":0,"href":"https:\/\/coworkdigital.com.ar\/hcd\/wp-json\/wp\/v2\/posts\/11508\/revisions"}],"wp:attachment":[{"href":"https:\/\/coworkdigital.com.ar\/hcd\/wp-json\/wp\/v2\/media?parent=11508"}],"wp:term":[{"taxonomy":"category","embeddable":true,"href":"https:\/\/coworkdigital.com.ar\/hcd\/wp-json\/wp\/v2\/categories?post=11508"},{"taxonomy":"post_tag","embeddable":true,"href":"https:\/\/coworkdigital.com.ar\/hcd\/wp-json\/wp\/v2\/tags?post=11508"}],"curies":[{"name":"wp","href":"https:\/\/api.w.org\/{rel}","templated":true}]}}