{"id":11513,"date":"2023-07-07T12:23:09","date_gmt":"2023-07-07T12:23:09","guid":{"rendered":"http:\/\/rivadaviamendoza.gob.ar\/hcd\/?p=11513"},"modified":"2023-07-07T12:23:09","modified_gmt":"2023-07-07T12:23:09","slug":"declaracion-n-59-2022","status":"publish","type":"post","link":"https:\/\/coworkdigital.com.ar\/hcd\/declaracion-n-59-2022\/","title":{"rendered":"DECLARACION N\u00b0 59-2022"},"content":{"rendered":"<p>VISTO:<br \/>\nEl Expediente N\u00b02022-00447-3, caratulado: Bloque Acci\u00f3n y Militancia Peronista<br \/>\nConcejal Campos presenta Proyecto de Declaraci\u00f3n: Colocaci\u00f3n de guardarra\u00edl en calle El<br \/>\nDique y Colombo, y<br \/>\nCONSIDERANDO:<br \/>\nEl reclamo constante de los vecinos debido a las altas velocidades con la que<br \/>\ncirculan los veh\u00edculos y los constantes accidentes.<br \/>\nQue, los vecinos y vecinas del lugar reclaman a trav\u00e9s de una nota con firmas, el<br \/>\nexceso de velocidad con el que transitan los veh\u00edculos, sobre todo en la llamada \u201ccurva<br \/>\npeligrosa\u201d ubicada en la intersecci\u00f3n de calle Colombo y el Dique.<br \/>\nQue, se registran que suceden constantemente accidentes debido a lo mencionado<br \/>\ncon anterioridad, poniendo en riesgo la vida de los vecinos y transe\u00fantes que circulan por la<br \/>\nzona.<br \/>\nQue, es un derecho de los habitantes que el Estado atienda a sus reclamos y pueda<br \/>\ngarantizar una vida libre de peligro en las zonas donde desarrollan sus actividades<br \/>\ncotidianas.<br \/>\nPOR ELLO<br \/>\nEl Honorable Concejo Deliberante de Rivadavia, Mendoza, en uso de sus facultades:<\/p>\n<p>DECLARA<\/p>\n<p>Art\u00edculo 1\u00b0: Solicitar la colocaci\u00f3n de guardarra\u00edles en la intersecci\u00f3n de calles Colombo y<br \/>\nEl Dique.<br \/>\nArt\u00edculo 2\u00b0: Comun\u00edquese al Departamento Ejecutivo a sus efectos, e ins\u00e9rtese en el Libro<br \/>\nde Declaraciones de este Cuerpo.<br \/>\nDada en la Sala de Sesiones \u201cBandera Nacional Argentina\u201d, del Honorable Concejo<br \/>\nDeliberante de Rivadavia, Mendoza, a los 30 de noviembres de 2022.<\/p>\n<p>ILIANA ROQUE HERN\u00c1N AMAT<br \/>\nSECRETARIA H. C.D. PRESIDENTE H. C. D.<br \/>\nCpde. Expte. No 2022-00447-3 H.C.D<\/p>\n","protected":false},"excerpt":{"rendered":"<p>VISTO: El Expediente N\u00b02022-00447-3, caratulado: Bloque Acci\u00f3n y Militancia Peronista Concejal Campos presenta Proyecto de Declaraci\u00f3n: Colocaci\u00f3n de guardarra\u00edl en calle El Dique y Colombo, y CONSIDERANDO: El reclamo constante de los vecinos debido a las altas velocidades con la que circulan los veh\u00edculos y los constantes accidentes. Que, los vecinos y vecinas del lugar [&hellip;]<\/p>\n","protected":false},"author":1,"featured_media":0,"comment_status":"closed","ping_status":"closed","sticky":false,"template":"","format":"standard","meta":{"_acf_changed":false,"footnotes":""},"categories":[66],"tags":[],"class_list":["post-11513","post","type-post","status-publish","format-standard","hentry","category-declaraciones"],"acf":[],"_links":{"self":[{"href":"https:\/\/coworkdigital.com.ar\/hcd\/wp-json\/wp\/v2\/posts\/11513","targetHints":{"allow":["GET"]}}],"collection":[{"href":"https:\/\/coworkdigital.com.ar\/hcd\/wp-json\/wp\/v2\/posts"}],"about":[{"href":"https:\/\/coworkdigital.com.ar\/hcd\/wp-json\/wp\/v2\/types\/post"}],"author":[{"embeddable":true,"href":"https:\/\/coworkdigital.com.ar\/hcd\/wp-json\/wp\/v2\/users\/1"}],"replies":[{"embeddable":true,"href":"https:\/\/coworkdigital.com.ar\/hcd\/wp-json\/wp\/v2\/comments?post=11513"}],"version-history":[{"count":0,"href":"https:\/\/coworkdigital.com.ar\/hcd\/wp-json\/wp\/v2\/posts\/11513\/revisions"}],"wp:attachment":[{"href":"https:\/\/coworkdigital.com.ar\/hcd\/wp-json\/wp\/v2\/media?parent=11513"}],"wp:term":[{"taxonomy":"category","embeddable":true,"href":"https:\/\/coworkdigital.com.ar\/hcd\/wp-json\/wp\/v2\/categories?post=11513"},{"taxonomy":"post_tag","embeddable":true,"href":"https:\/\/coworkdigital.com.ar\/hcd\/wp-json\/wp\/v2\/tags?post=11513"}],"curies":[{"name":"wp","href":"https:\/\/api.w.org\/{rel}","templated":true}]}}