{"id":11521,"date":"2023-07-07T12:41:21","date_gmt":"2023-07-07T12:41:21","guid":{"rendered":"http:\/\/rivadaviamendoza.gob.ar\/hcd\/?p=11521"},"modified":"2023-07-07T12:41:21","modified_gmt":"2023-07-07T12:41:21","slug":"declaracion-n-02-2023","status":"publish","type":"post","link":"https:\/\/coworkdigital.com.ar\/hcd\/declaracion-n-02-2023\/","title":{"rendered":"DECLARACION N\u00b0 02-2023"},"content":{"rendered":"<p>VISTO:<br \/>\nEl Expediente No 2023-00047-0, caratulado: Bloque Juan Domingo Per\u00f3n, concejal<br \/>\nNovello presenta Proyecto de Declaraci\u00f3n: Declarar de Inter\u00e9s Cultural \u201cPeatonal Show\u201d, y<br \/>\nCONSIDERANDO:<br \/>\nQue los vecinos empresarios de la zona de influencia de la realizaci\u00f3n de este show,<br \/>\nde los organizadores y de los particulares que se acercan a disfrutar del mismo, solicitan<br \/>\neste reconocimiento dada la trascendencia de dicho espect\u00e1culo para las noches en el<br \/>\ndepartamento.<br \/>\nQue en la organizaci\u00f3n del espect\u00e1culo interviene la Municipalidad de Rivadavia,<br \/>\npor lo que institucionalmente reviste un car\u00e1cter de inter\u00e9s para el municipio.<br \/>\nQue debe ser prioritario para el desarrollo cultural del departamento incentivar la<br \/>\nparticipaci\u00f3n de j\u00f3venes y adultos de esta ciudad, brind\u00e1ndoles la posibilidad y apoyo<br \/>\nnecesario a efectos de facilitarles su intervenci\u00f3n.<br \/>\nQue cualquier evento cultural promueve el di\u00e1logo, crean sentimientos y marcan<br \/>\nuna identidad, es necesario reconocerlo y utilizar todas las herramientas necesarias para que<br \/>\nel mismo perdure en el tiempo, dado que ejerce una gran importancia en el contexto social,<br \/>\ncultural, pol\u00edtico y econ\u00f3mico del departamento.<br \/>\nQue entre los objetivos de la organizaci\u00f3n se encuentran los de proporcionar un<br \/>\nsentido de identidad y continuidad que promueva el respeto por la diversidad cultural y la<br \/>\ncreatividad humana; colaborar en el desarrollo profesional y en la promoci\u00f3n y difusi\u00f3n de<br \/>\nlas compa\u00f1\u00edas y artistas que participan de car\u00e1cter local y nacional, fomentando las<br \/>\nrelaciones entre diversas regiones de nuestro pa\u00eds.<br \/>\nQue la importancia del evento est\u00e1 radicada no solo como espect\u00e1culo nacional, sino<br \/>\nque fomenta el trabajo de empresas gastron\u00f3micas radicadas en nuestro departamento y sus<br \/>\nproveedores.<br \/>\nQue el espect\u00e1culo se lleva adelante todos los s\u00e1bados y domingos desde el a\u00f1o<br \/>\n2006 en la peatonal Arist\u00f3bulo, del departamento, llevando adelante presentaciones de<br \/>\nprimer nivel para, aproximadamente 2000 personas cada fin de semana con la presentaci\u00f3n<br \/>\nde importantes artistas locales y nacionales.<br \/>\nPOR ELLO<br \/>\nEl Honorable Concejo Deliberante de Rivadavia, Mendoza, en uso de sus facultades:<\/p>\n<p>DECLARA<\/p>\n<p>Art\u00edculo 1\u00b0: Declarase de Inter\u00e9s Municipal, Comunitario y Cultural, el evento \u201cPeatonal<br \/>\nShow\u201d, que tiene lugar todos los s\u00e1bados y domingos en la peatonal Arist\u00f3bulo del Valle<br \/>\ndel departamento.<br \/>\nArt\u00edculo 2\u00b0: Comun\u00edquese al Departamento Ejecutivo a sus efectos, e ins\u00e9rtese en el Libro<br \/>\nde Declaraciones de este Cuerpo.<\/p>\n<p>Dada en la Sala de Sesiones \u201cBandera Nacional Argentina\u201d, del<br \/>\nHonorable Concejo Deliberante de Rivadavia, Mendoza, a los 04 d\u00edas del mes de abril de<br \/>\n2023.<\/p>\n<p>ILIANA ROQUE\u00a0 \u00a0 \u00a0 \u00a0 \u00a0 \u00a0 \u00a0 \u00a0 \u00a0 \u00a0 \u00a0 \u00a0 \u00a0 HERN\u00c1N AMAT<br \/>\nSECRETARIA H. C.D.\u00a0 \u00a0 \u00a0 \u00a0 \u00a0 \u00a0 \u00a0 \u00a0 PRESIDENTE H. C. D.<br \/>\nCpde. Expte. No 2023-00047-0 H.C.D<\/p>\n","protected":false},"excerpt":{"rendered":"<p>VISTO: El Expediente No 2023-00047-0, caratulado: Bloque Juan Domingo Per\u00f3n, concejal Novello presenta Proyecto de Declaraci\u00f3n: Declarar de Inter\u00e9s Cultural \u201cPeatonal Show\u201d, y CONSIDERANDO: Que los vecinos empresarios de la zona de influencia de la realizaci\u00f3n de este show, de los organizadores y de los particulares que se acercan a disfrutar del mismo, solicitan este [&hellip;]<\/p>\n","protected":false},"author":1,"featured_media":0,"comment_status":"closed","ping_status":"closed","sticky":false,"template":"","format":"standard","meta":{"_acf_changed":false,"footnotes":""},"categories":[66],"tags":[],"class_list":["post-11521","post","type-post","status-publish","format-standard","hentry","category-declaraciones"],"acf":[],"_links":{"self":[{"href":"https:\/\/coworkdigital.com.ar\/hcd\/wp-json\/wp\/v2\/posts\/11521","targetHints":{"allow":["GET"]}}],"collection":[{"href":"https:\/\/coworkdigital.com.ar\/hcd\/wp-json\/wp\/v2\/posts"}],"about":[{"href":"https:\/\/coworkdigital.com.ar\/hcd\/wp-json\/wp\/v2\/types\/post"}],"author":[{"embeddable":true,"href":"https:\/\/coworkdigital.com.ar\/hcd\/wp-json\/wp\/v2\/users\/1"}],"replies":[{"embeddable":true,"href":"https:\/\/coworkdigital.com.ar\/hcd\/wp-json\/wp\/v2\/comments?post=11521"}],"version-history":[{"count":0,"href":"https:\/\/coworkdigital.com.ar\/hcd\/wp-json\/wp\/v2\/posts\/11521\/revisions"}],"wp:attachment":[{"href":"https:\/\/coworkdigital.com.ar\/hcd\/wp-json\/wp\/v2\/media?parent=11521"}],"wp:term":[{"taxonomy":"category","embeddable":true,"href":"https:\/\/coworkdigital.com.ar\/hcd\/wp-json\/wp\/v2\/categories?post=11521"},{"taxonomy":"post_tag","embeddable":true,"href":"https:\/\/coworkdigital.com.ar\/hcd\/wp-json\/wp\/v2\/tags?post=11521"}],"curies":[{"name":"wp","href":"https:\/\/api.w.org\/{rel}","templated":true}]}}