{"id":11526,"date":"2023-07-07T12:46:59","date_gmt":"2023-07-07T12:46:59","guid":{"rendered":"http:\/\/rivadaviamendoza.gob.ar\/hcd\/?p=11526"},"modified":"2023-07-07T12:46:59","modified_gmt":"2023-07-07T12:46:59","slug":"declaracion-n-04-2023-2","status":"publish","type":"post","link":"https:\/\/coworkdigital.com.ar\/hcd\/declaracion-n-04-2023-2\/","title":{"rendered":"DECLARACION N\u00b0 04-2023"},"content":{"rendered":"<p>VISTO:<br \/>\nEl Expediente N o 2023-00070-2, caratulado Bloque Frente de Todos P\/J, concejal<br \/>\nVillalba, presenta Proyecto de Declaraci\u00f3n: Creaci\u00f3n de un Instituto de Educaci\u00f3n en el<br \/>\ndistrito de Los Campamentos, y<br \/>\nCONSIDERANDO:<br \/>\nLa necesidad de ampliar la oferta de educaci\u00f3n superior orientada a la matriz<br \/>\nproductiva, documentada en el Plan Municipal de Ordenamiento Territorial (PMOT).<br \/>\nQue la educaci\u00f3n es un derecho humano fundamental que debe ser garantizado por<br \/>\nel Estado en todos sus niveles y modalidades.<br \/>\nQue el acceso a la educaci\u00f3n superior en zonas rurales y alejadas de los centros<br \/>\nurbanos es un desaf\u00edo que debe ser abordado por las autoridades educativas.<br \/>\nQue en la zona de Los Campamentos, La Central y El Mirador existe una<br \/>\nimportante demanda de formaci\u00f3n superior por parte de los j\u00f3venes y adultos que desean<br \/>\ncontinuar sus estudios y mejorar sus posibilidades de inserci\u00f3n laboral.<br \/>\nQue la Direcci\u00f3n General de Escuelas de la provincia de Mendoza tiene como<br \/>\nobjetivo promover y desarrollar la educaci\u00f3n superior en la regi\u00f3n.<br \/>\nQue la ampliaci\u00f3n de la matriz productiva del departamento de Rivadavia es un<br \/>\nobjetivo prioritario para el desarrollo econ\u00f3mico y social de la regi\u00f3n.<br \/>\nQue las carreras que se ofrecen en el departamento no est\u00e1n en relaci\u00f3n con las<br \/>\nactividades econ\u00f3micas, lo que puede generar una desconexi\u00f3n entre la formaci\u00f3n y las<br \/>\nnecesidades del mercado laboral.<br \/>\nQue existe una migraci\u00f3n de poblaci\u00f3n, principalmente joven, a otras jurisdicciones<br \/>\nen busca de empleo y de oferta educativa m\u00e1s amplia, lo que puede generar una fuga de<br \/>\ntalentos y una p\u00e9rdida de capital humano.<br \/>\nQue la educaci\u00f3n superior no universitaria cumple un rol fundamental en la<br \/>\ndefinici\u00f3n de los perfiles laborales de la poblaci\u00f3n.<br \/>\nQue el PMOT propone que la oferta educativa est\u00e9 vinculada al perfil econ\u00f3mico<br \/>\nterritorial para dar sostenibilidad a las pol\u00edticas de empleo y evitar la desconexi\u00f3n entre la<br \/>\nformaci\u00f3n y las necesidades del mercado laboral.<br \/>\nQue se presenta la necesidad de una mayor diversificaci\u00f3n de la oferta educativa y<br \/>\nde una mejor coordinaci\u00f3n entre la formaci\u00f3n y las necesidades del mercado laboral.<br \/>\nPOR ELLO<br \/>\nEl Honorable Concejo Deliberante de Rivadavia, Mendoza, en uso de sus facultades:<\/p>\n<p>DECLARA<\/p>\n<p>Art\u00edculo 1\u00b0: Este Honorable Concejo Deliberante, ver\u00eda con agrado que la Direcci\u00f3n<br \/>\nGeneral de Escuelas, estudie la necesidad de contar con un Instituto de Ense\u00f1anza Superior<br \/>\nen el distrito de Los Campamentos del Departamento de Rivadavia, con orientaci\u00f3n t\u00e9cnica<br \/>\ndestinada a generar recursos humanos para la ampliaci\u00f3n de la matriz productiva del<br \/>\nDepartamento, con el impacto en la oferta educativa de los distritos de Los Campamentos,<br \/>\nLa Central y El Mirador.<br \/>\nArt\u00edculo 2\u00b0: Este Honorable Concejo Deliberante ver\u00eda con agrado que la Direcci\u00f3n<br \/>\nGeneral de Escuelas, en el proceso de creaci\u00f3n del Instituto Superior garantice la<br \/>\nparticipaci\u00f3n activa de actores locales, tales como estudiantes, docentes, organizaciones<br \/>\nsociales y representantes del Municipio, con el objeto de orientar la oferta acad\u00e9mica del<br \/>\nInstituto a las necesidades y demandas productivas de la regi\u00f3n.<br \/>\nArt\u00edculo 3\u00b0: Comunicar la presente declaraci\u00f3n a la Direcci\u00f3n General de Escuelas de la<br \/>\nprovincia de Mendoza, a las C\u00e1maras de Senadores y Diputados de la provincia, al<br \/>\nDepartamento Ejecutivo Municipal, a las autoridades educativas y representantes pol\u00edticos<br \/>\nde la regi\u00f3n, y a los medios de comunicaci\u00f3n locales.<\/p>\n<p>Art\u00edculo 4\u00b0: Comun\u00edquese al Departamento Ejecutivo a sus efectos, e ins\u00e9rtese en el Libro<br \/>\nde Declaraciones de este Cuerpo.<br \/>\nDada en la Sala de Sesiones \u201cBandera Nacional Argentina\u201d, del Honorable Concejo<br \/>\nDeliberante de Rivadavia, Mendoza, a los 17 d\u00edas del mes de abril de 2023.<\/p>\n<p>ILIANA ROQUE\u00a0 \u00a0 \u00a0 \u00a0 \u00a0 \u00a0 \u00a0 \u00a0 \u00a0 \u00a0 \u00a0 \u00a0 \u00a0 \u00a0 \u00a0 \u00a0 \u00a0 \u00a0 \u00a0 \u00a0 HERN\u00c1N AMAT<br \/>\nSECRETARIA H.C.D\u00a0 \u00a0 \u00a0 \u00a0 \u00a0 \u00a0 \u00a0 \u00a0 \u00a0 \u00a0 \u00a0 \u00a0 \u00a0 \u00a0 \u00a0 \u00a0 PRESIDENTE H.C.D<br \/>\nCpde. Expte. No2023-00070-2 H.C.D<\/p>\n","protected":false},"excerpt":{"rendered":"<p>VISTO: El Expediente N o 2023-00070-2, caratulado Bloque Frente de Todos P\/J, concejal Villalba, presenta Proyecto de Declaraci\u00f3n: Creaci\u00f3n de un Instituto de Educaci\u00f3n en el distrito de Los Campamentos, y CONSIDERANDO: La necesidad de ampliar la oferta de educaci\u00f3n superior orientada a la matriz productiva, documentada en el Plan Municipal de Ordenamiento Territorial (PMOT). [&hellip;]<\/p>\n","protected":false},"author":1,"featured_media":0,"comment_status":"closed","ping_status":"closed","sticky":false,"template":"","format":"standard","meta":{"_acf_changed":false,"footnotes":""},"categories":[66],"tags":[],"class_list":["post-11526","post","type-post","status-publish","format-standard","hentry","category-declaraciones"],"acf":[],"_links":{"self":[{"href":"https:\/\/coworkdigital.com.ar\/hcd\/wp-json\/wp\/v2\/posts\/11526","targetHints":{"allow":["GET"]}}],"collection":[{"href":"https:\/\/coworkdigital.com.ar\/hcd\/wp-json\/wp\/v2\/posts"}],"about":[{"href":"https:\/\/coworkdigital.com.ar\/hcd\/wp-json\/wp\/v2\/types\/post"}],"author":[{"embeddable":true,"href":"https:\/\/coworkdigital.com.ar\/hcd\/wp-json\/wp\/v2\/users\/1"}],"replies":[{"embeddable":true,"href":"https:\/\/coworkdigital.com.ar\/hcd\/wp-json\/wp\/v2\/comments?post=11526"}],"version-history":[{"count":0,"href":"https:\/\/coworkdigital.com.ar\/hcd\/wp-json\/wp\/v2\/posts\/11526\/revisions"}],"wp:attachment":[{"href":"https:\/\/coworkdigital.com.ar\/hcd\/wp-json\/wp\/v2\/media?parent=11526"}],"wp:term":[{"taxonomy":"category","embeddable":true,"href":"https:\/\/coworkdigital.com.ar\/hcd\/wp-json\/wp\/v2\/categories?post=11526"},{"taxonomy":"post_tag","embeddable":true,"href":"https:\/\/coworkdigital.com.ar\/hcd\/wp-json\/wp\/v2\/tags?post=11526"}],"curies":[{"name":"wp","href":"https:\/\/api.w.org\/{rel}","templated":true}]}}