{"id":11533,"date":"2023-07-07T12:57:46","date_gmt":"2023-07-07T12:57:46","guid":{"rendered":"http:\/\/rivadaviamendoza.gob.ar\/hcd\/?p=11533"},"modified":"2023-07-07T12:57:46","modified_gmt":"2023-07-07T12:57:46","slug":"declaracion-n-07-2023-2","status":"publish","type":"post","link":"https:\/\/coworkdigital.com.ar\/hcd\/declaracion-n-07-2023-2\/","title":{"rendered":"DECLARACION N\u00b0 07-2023"},"content":{"rendered":"<p>VISTO:<br \/>\nEl Expediente No 2023-00088-4, caratulado Sabrina Villegas, Coordinadora de<br \/>\nReinas del Festival \u201cPor Los Chicos\u201d, solicita Declarar de Inter\u00e9s Departamental y Cultural<br \/>\nel Festival \u201cPor los Chicos\u201d y la elecci\u00f3n de la Reina del Festival, y.<br \/>\nCONSIDERANDO:<br \/>\nQue el Festival por \u201cLos Chicos\u201d colabora en la construcci\u00f3n de comunidad y<br \/>\nsentido de pertenencia, generando espacios inclusivos donde se forjan lazos y valores<br \/>\nprimordiales.<br \/>\nQue dicho Festival es de gran importancia en la obtenci\u00f3n de fondos para que la<br \/>\ncomunidad pueda desarrollar actividades deportivas no profesionales, contar con<br \/>\ninstalaciones para la educaci\u00f3n no formal, fomentar la cultura y promover el respeto del<br \/>\nmedio ambiente.<br \/>\nQue el Festival realiza la elecci\u00f3n de su reina para ser representado por ellas y que<br \/>\nsean el puente a las inquietudes y necesidades de los vecinos.<br \/>\nQue la figura de las reinas representa la cultura mendocina.<br \/>\nQue las mujeres portan gran importancia social al ser la voz de su pueblo.<br \/>\nQue es necesario el apoyo de las autoridades para que las reinas lleven a cabo sus<br \/>\nproyectos sociales en donde prima la noble intenci\u00f3n de beneficiar a clubes sociales y<br \/>\ndeportivos e instituciones educativas, apuntando a infancias y al trayecto de las<br \/>\nadolescencias.<br \/>\nQue los proyectos de Reina y Virreina del Festival \u201cPor Los Chicos\u201d son referidos a<br \/>\nderechos humanos, derechos de los ni\u00f1os, cuidado de mascotas y educaci\u00f3n vial,<br \/>\nvisibilizando la responsabilidad de las reinas electas cada a\u00f1o y la escucha constante a las<br \/>\ninquietudes de los ciudadanos de cada distrito.<br \/>\nQue las reinas son electas por la Comisi\u00f3n de Reinas de La Central (CORELAC),<br \/>\ncomisi\u00f3n sin fines de lucro, integrada por reinas de mandato cumplido, quienes desde la<br \/>\nexperiencia aportan la contenci\u00f3n necesaria para el cumplimiento de sus roles y<br \/>\nresponsabilidades sociales m\u00e1s all\u00e1 de la belleza f\u00edsica.<br \/>\nPOR ELLO<br \/>\nEl Honorable Concejo Deliberante de Rivadavia, Mendoza, en uso de sus<br \/>\nfacultades:<\/p>\n<p>DECLARA<\/p>\n<p>Art\u00edculo No1: Declarar de Inter\u00e9s Departamental y Cultural el Festival \u201cPor los Chicos\u201d y<br \/>\nla elecci\u00f3n de la Reina del Festival \u201cPor Los Chicos\u201d, del distrito La Central.<br \/>\nArt\u00edculo No2: Hacer entrega de un diploma institucional con dicha menci\u00f3n.<br \/>\nArt\u00edculo No3: Comun\u00edquese al Departamento Ejecutivo a sus efectos, e ins\u00e9rtese en el<br \/>\nLibro de Resoluciones de este Cuerpo.<br \/>\nDada en la Sala de Sesiones \u201cBandera Nacional Argentina\u201d, del Honorable Concejo<br \/>\nDeliberante de Rivadavia, Mendoza, a los 09 d\u00edas del mes de mayo de 2023.<\/p>\n<p>ILIANA ROQUE\u00a0 \u00a0 \u00a0 \u00a0 \u00a0 \u00a0 \u00a0 \u00a0 \u00a0 \u00a0 \u00a0 \u00a0 \u00a0 HERN\u00c1N AMAT<br \/>\nSECRETARIA H.C.D.\u00a0 \u00a0 \u00a0 \u00a0 \u00a0 \u00a0 \u00a0 \u00a0 \u00a0PRESIDENTE H. C. D.<\/p>\n<p>Cpde. Expte. No 2023-00088-4 H.C.D<\/p>\n","protected":false},"excerpt":{"rendered":"<p>VISTO: El Expediente No 2023-00088-4, caratulado Sabrina Villegas, Coordinadora de Reinas del Festival \u201cPor Los Chicos\u201d, solicita Declarar de Inter\u00e9s Departamental y Cultural el Festival \u201cPor los Chicos\u201d y la elecci\u00f3n de la Reina del Festival, y. CONSIDERANDO: Que el Festival por \u201cLos Chicos\u201d colabora en la construcci\u00f3n de comunidad y sentido de pertenencia, generando [&hellip;]<\/p>\n","protected":false},"author":1,"featured_media":0,"comment_status":"closed","ping_status":"closed","sticky":false,"template":"","format":"standard","meta":{"_acf_changed":false,"footnotes":""},"categories":[66],"tags":[],"class_list":["post-11533","post","type-post","status-publish","format-standard","hentry","category-declaraciones"],"acf":[],"_links":{"self":[{"href":"https:\/\/coworkdigital.com.ar\/hcd\/wp-json\/wp\/v2\/posts\/11533","targetHints":{"allow":["GET"]}}],"collection":[{"href":"https:\/\/coworkdigital.com.ar\/hcd\/wp-json\/wp\/v2\/posts"}],"about":[{"href":"https:\/\/coworkdigital.com.ar\/hcd\/wp-json\/wp\/v2\/types\/post"}],"author":[{"embeddable":true,"href":"https:\/\/coworkdigital.com.ar\/hcd\/wp-json\/wp\/v2\/users\/1"}],"replies":[{"embeddable":true,"href":"https:\/\/coworkdigital.com.ar\/hcd\/wp-json\/wp\/v2\/comments?post=11533"}],"version-history":[{"count":0,"href":"https:\/\/coworkdigital.com.ar\/hcd\/wp-json\/wp\/v2\/posts\/11533\/revisions"}],"wp:attachment":[{"href":"https:\/\/coworkdigital.com.ar\/hcd\/wp-json\/wp\/v2\/media?parent=11533"}],"wp:term":[{"taxonomy":"category","embeddable":true,"href":"https:\/\/coworkdigital.com.ar\/hcd\/wp-json\/wp\/v2\/categories?post=11533"},{"taxonomy":"post_tag","embeddable":true,"href":"https:\/\/coworkdigital.com.ar\/hcd\/wp-json\/wp\/v2\/tags?post=11533"}],"curies":[{"name":"wp","href":"https:\/\/api.w.org\/{rel}","templated":true}]}}