{"id":11735,"date":"2023-07-11T13:44:41","date_gmt":"2023-07-11T13:44:41","guid":{"rendered":"http:\/\/rivadaviamendoza.gob.ar\/hcd\/?p=11735"},"modified":"2023-07-11T13:44:41","modified_gmt":"2023-07-11T13:44:41","slug":"resolucion-n-16-2023","status":"publish","type":"post","link":"https:\/\/coworkdigital.com.ar\/hcd\/resolucion-n-16-2023\/","title":{"rendered":"RESOLUCION N\u00b0 16-2023"},"content":{"rendered":"<p>VISTO:<br \/>\nEl Expediente No 2023-00107-2 caratulado Interbloque Sembrar, concejales, Amar<br \/>\n-Pichilli- Mansur presentan Proyecto de Resoluci\u00f3n: Regulaci\u00f3n del Patrimonio Hist\u00f3rico,<br \/>\ny<br \/>\nCONSIDERANDO:<br \/>\nLa importancia de reconocer nuestra historia y nuestra tradici\u00f3n y la Ley N\u00b06.034 y<br \/>\nsus modificatorias y reglamentaciones.<br \/>\nQue la tradici\u00f3n es el conjunto de bienes culturales que se transmite de generaci\u00f3n<br \/>\nen generaci\u00f3n dentro de una comunidad y se trata de aquellas costumbres y manifestaciones<br \/>\nque cada sociedad considera valiosas y las mantiene para que sean aprendidas por las<br \/>\nnuevas generaciones, como parte indispensable del legado cultural.<br \/>\nQue la tradici\u00f3n hace referencia a un legado, a una costumbre y a una creencia que<br \/>\nse heredan y son transmitidas a lo largo del tiempo.<br \/>\nQue dichas transmisiones terminan configurando la identidad y la cultura de pueblos<br \/>\ny naciones, y se van modificando junto a las distintas \u00e9pocas y generaciones que las<br \/>\nreproducen, buscando mantener y preservar la herencia.<br \/>\nQue, en Argentina, el 10 de noviembre de cada a\u00f1o se conmemora el D\u00eda de la<br \/>\nTradici\u00f3n por el nacimiento del poeta argentino Jos\u00e9 Hern\u00e1ndez, escritor del Mart\u00edn Fierro,<br \/>\nuna de las obras de referencia sobre costumbres nacionales.<br \/>\nQue el Centro Tradicionalista \u201cFog\u00f3n de Rivadavia\u201d es una de las instituciones que<br \/>\nm\u00e1s ha trabajado en la historia de nuestro departamento para mantener y fortalecer nuestra<br \/>\ntradici\u00f3n.<br \/>\nQue seg\u00fan informe del Ministerio de Turismo y Cultura del Gobierno de Mendoza<br \/>\nobrante en Solicitud de Informaci\u00f3n P\u00fablica en Ticket N\u00b0 3730305, con fecha 21 de abril<br \/>\nde 2023, consta que seg\u00fan los archivos consultados s\u00f3lo se encuentran registradas cuatro<br \/>\nPatrimonios Culturales en nuestro Departamento.<br \/>\nQue desde el regreso de la democracia hasta la fecha han sido numerosos los<br \/>\nproyectos de vecinos y vecinas para declarar como Patrimonio distintas iniciativas.<br \/>\nQue es responsabilidad del Departamento Ejecutivo gestionar las inscripciones<br \/>\ncorrespondientes luego de aprobadas las normas en este Cuerpo.<br \/>\nPOR ELLO:<br \/>\nEl Honorable Concejo Deliberante de Rivadavia, Mendoza, en uso de sus facultades:<\/p>\n<p>RESUELVE<\/p>\n<p>Art\u00edculo 1\u00b0: Solicitar al Departamento Ejecutivo que gestione ante la Direcci\u00f3n de<br \/>\nPatrimonio del Ministerio de Turismo y Cultura de la Provincia de Mendoza, y cualquier<br \/>\notro organismo que corresponda por Ley 6.034 y sus modificatorias, la inscripci\u00f3n como<br \/>\nPatrimonio las siguientes:<br \/>\n\u25cf Ordenanza N\u00b0 2.504 &#8211; 1987: Declara Patrimonio Cultural a la casa que<br \/>\nperteneci\u00f3 a Isaac Estrella.<br \/>\n\u25cf Ordenanza N\u00b0 2.936 &#8211; 1992: Declara Patrimonio Departamental a todas las<br \/>\nespecies arb\u00f3rea existentes en plazas y paseos del Departamento de Rivadavia.<br \/>\n\u25cf Ordenanza N\u00b0 3.352 &#8211; 1995: Declara Patrimonio Hist\u00f3rico-Cultural el predio<br \/>\nubicado en Calle Jos\u00e9 Hern\u00e1ndez que ocupa el Centro Tradicionalista \u201cFog\u00f3n de<br \/>\nRivadavia\u201d.<br \/>\n\u25cf Ordenanza N\u00b0 4.297 &#8211; 2007: Declara Patrimonio Hist\u00f3rico Cultural el edificio<br \/>\nque alberga las dependencias de la Comisar\u00eda 13 de la Polic\u00eda de Mendoza y el<br \/>\nRegistro Civil.<br \/>\n\u25cf Ordenanza N\u00b0 4.427 &#8211; 2009: Declara Patrimonio Hist\u00f3rico Cultural la obra<br \/>\nart\u00edstica de \u201cLolo Golazo Recabarren\u201d.<\/p>\n<p>\u25cf Ordenanza N\u00b0 4.464 &#8211; 2009: Declara Patrimonio Hist\u00f3rico y Cultural al Centro<br \/>\nCultural Municipal \u201cJuan Centorbi\u201d.<br \/>\n\u25cf Ordenanza N\u00b0 4.556 &#8211; 2011: Declara como obras de Patrimonio Hist\u00f3rico,<br \/>\nCultural y Ambiental al sistema de acequias emplazadas en la ciudad y distritos.<br \/>\n\u25cf Ordenanza N\u00b0 4.661 &#8211; 2012: Declara Patrimonio Cultural a la Banda Municipal<br \/>\nde M\u00fasica \u201cBlas Blotta\u201d.<br \/>\n\u25cf Declaraci\u00f3n N\u00b0 26 &#8211; 2016: Declara Patrimonio Cultural al edificio de la<br \/>\nEstaci\u00f3n \u201cRivadavia\u201d del ex Ferrocarril Gran Oeste argentino.<br \/>\n\u25cf Declaraci\u00f3n N\u00b0 59 &#8211; 2016: Declara Patrimonio Hist\u00f3rico y Cultural a la Bodega<br \/>\nFamiliar.<br \/>\n\u25cf Ordenanza N\u00b0 5.118 &#8211; 2022: Declara Patrimonio Cultural al Anfiteatro \u201cDoctor<br \/>\nC\u00e9sar Pl\u00e1stina\u201d.<br \/>\n\u25cf Ordenanza N\u00b0 5.142 &#8211; 2022: Declara Patrimonio Cultural e Hist\u00f3rico al \u00faltimo<br \/>\nKiosco de Diarios y Revistas de la d\u00e9cada del 60.<\/p>\n<p>Art\u00edculo 2\u00b0: Comun\u00edquese al Departamento Ejecutivo a sus efectos, e ins\u00e9rtese en el Libro<br \/>\nde Resoluciones de este Cuerpo.<\/p>\n<p>Dada en la Sala de Sesiones \u201cBandera Nacional Argentina\u201d, del Honorable Concejo<br \/>\nDeliberante de Rivadavia, Mendoza, a los 16 d\u00edas del mes de mayo de 2023.<\/p>\n<p>ILIANA ROQUE HERN\u00c1N AMAT<br \/>\nSECRETARIA H.C.D PRESIDENTE H.C.D<\/p>\n<p>Cpde. Expte. N.o 2023-00107-2 H.C.D.<\/p>\n","protected":false},"excerpt":{"rendered":"<p>VISTO: El Expediente No 2023-00107-2 caratulado Interbloque Sembrar, concejales, Amar -Pichilli- Mansur presentan Proyecto de Resoluci\u00f3n: Regulaci\u00f3n del Patrimonio Hist\u00f3rico, y CONSIDERANDO: La importancia de reconocer nuestra historia y nuestra tradici\u00f3n y la Ley N\u00b06.034 y sus modificatorias y reglamentaciones. Que la tradici\u00f3n es el conjunto de bienes culturales que se transmite de generaci\u00f3n en [&hellip;]<\/p>\n","protected":false},"author":1,"featured_media":0,"comment_status":"closed","ping_status":"closed","sticky":false,"template":"","format":"standard","meta":{"_acf_changed":false,"footnotes":""},"categories":[65],"tags":[],"class_list":["post-11735","post","type-post","status-publish","format-standard","hentry","category-resoluciones"],"acf":[],"_links":{"self":[{"href":"https:\/\/coworkdigital.com.ar\/hcd\/wp-json\/wp\/v2\/posts\/11735","targetHints":{"allow":["GET"]}}],"collection":[{"href":"https:\/\/coworkdigital.com.ar\/hcd\/wp-json\/wp\/v2\/posts"}],"about":[{"href":"https:\/\/coworkdigital.com.ar\/hcd\/wp-json\/wp\/v2\/types\/post"}],"author":[{"embeddable":true,"href":"https:\/\/coworkdigital.com.ar\/hcd\/wp-json\/wp\/v2\/users\/1"}],"replies":[{"embeddable":true,"href":"https:\/\/coworkdigital.com.ar\/hcd\/wp-json\/wp\/v2\/comments?post=11735"}],"version-history":[{"count":0,"href":"https:\/\/coworkdigital.com.ar\/hcd\/wp-json\/wp\/v2\/posts\/11735\/revisions"}],"wp:attachment":[{"href":"https:\/\/coworkdigital.com.ar\/hcd\/wp-json\/wp\/v2\/media?parent=11735"}],"wp:term":[{"taxonomy":"category","embeddable":true,"href":"https:\/\/coworkdigital.com.ar\/hcd\/wp-json\/wp\/v2\/categories?post=11735"},{"taxonomy":"post_tag","embeddable":true,"href":"https:\/\/coworkdigital.com.ar\/hcd\/wp-json\/wp\/v2\/tags?post=11735"}],"curies":[{"name":"wp","href":"https:\/\/api.w.org\/{rel}","templated":true}]}}