{"id":14491,"date":"2025-05-05T13:38:33","date_gmt":"2025-05-05T13:38:33","guid":{"rendered":"https:\/\/coworkdigital.com.ar\/hcd\/?p=14491"},"modified":"2025-05-05T13:38:47","modified_gmt":"2025-05-05T13:38:47","slug":"el-hcd-de-rivadavia-reconocio-a-mujeres-destacadas","status":"publish","type":"post","link":"https:\/\/coworkdigital.com.ar\/hcd\/el-hcd-de-rivadavia-reconocio-a-mujeres-destacadas\/","title":{"rendered":"El HCD de Rivadavia reconoci\u00f3 a mujeres destacadas."},"content":{"rendered":"<p style=\"font-weight: 400;\">El Honorable Concejo Deliberante de Rivadavia realiz\u00f3 el acto Reconocimiento a Mujeres Destacadas Rivadavienses, edici\u00f3n 2025.<\/p>\n<p style=\"font-weight: 400;\">La convocatoria se realiz\u00f3 seg\u00fan lo establece la Ordenanza Municipal N\u00b0 5039\/2021 y su modificatoria, la Ordenanza N\u00b0 5187\/2024, normativa que permite visibilizar y valorar el compromiso, el esfuerzo y la trayectoria de mujeres que han dejado una huella imborrable en el Departamento de Rivadavia.<\/p>\n<p style=\"font-weight: 400;\">Estuvieron presentes la vicepresidente 1\u00b0 a cargo de la presidencia del HCD, Laura Abate Cano, los ediles: Alicia Kihn, Silvana Francese, Alejandro Flores, Johanna Genovese, Juan Manuel Villalba y el secretario del HCD, Pablo Micheli.<\/p>\n<p style=\"font-weight: 400;\">\n<p style=\"font-weight: 400;\"><strong>MAR\u00cdA LAURA ESSAYAG<\/strong><\/p>\n<p style=\"font-weight: 400;\">Mar\u00eda Laura es hija, hermana, madre, compa\u00f1era, docente, formadora de formadores, militante social, educadora popular&#8230; y sobre todo, sembradora de esperanza.<\/p>\n<p style=\"font-weight: 400;\">Nacida en una familia donde la educaci\u00f3n era ra\u00edz y horizonte, se form\u00f3 y forj\u00f3 en nuestra querida Escuela Normal, la misma que luego la recibir\u00eda como maestra. Su andar por la Facultad de Filosof\u00eda y Letras coincidi\u00f3 con uno de los momentos m\u00e1s convulsos de nuestra historia reciente, pero ni la crisis ni la incertidumbre detuvieron sus sue\u00f1os. Egres\u00f3 con honores y, desde entonces, no ha dejado de abrir caminos.<\/p>\n<p style=\"font-weight: 400;\">Desde las aulas hasta los barrios, desde los libros hasta el teatro, desde las jornadas acad\u00e9micas hasta los espacios m\u00e1s vulnerables, su hacer docente ha sido y es un acto de amor, de lucha, de justicia y de ternura. Ha hecho de la pr\u00e1ctica un puente con la vida real, y del barrio, un aula con ventanas al mundo.<\/p>\n<p style=\"font-weight: 400;\">Celebramos su entrega, su pasi\u00f3n, su coraje. Porque hablar de Laura es hablar de una educaci\u00f3n que se ensucia los pies en el territorio, que se conmueve, que se pregunta, que crea, que sue\u00f1a. Porque ense\u00f1ar, tambi\u00e9n es abrazar.<\/p>\n<p style=\"font-weight: 400;\">\n<p style=\"font-weight: 400;\"><strong>KAREN MIRANDA<\/strong><\/p>\n<p style=\"font-weight: 400;\">La historia de una mujer valiente, apasionada y tenaz: Karen Miranda, oriunda de Los Campamentos, que desde muy joven desafi\u00f3 estereotipos y rompi\u00f3 moldes con fuerza y determinaci\u00f3n.<\/p>\n<p style=\"font-weight: 400;\">Desde que descubri\u00f3 su amor por la mec\u00e1nica en la escuela t\u00e9cnica, Karen fue abri\u00e9ndose paso en un mundo hist\u00f3ricamente masculinizado. Arm\u00f3 un karting premiado a nivel nacional, estudi\u00f3 Petr\u00f3leo y Gas, y trabaj\u00f3 en talleres, inspecciones t\u00e9cnicas, y hoy se desempe\u00f1a como operadora de producci\u00f3n en YPF, llevando el orgullo de su esfuerzo a lo m\u00e1s alto.<\/p>\n<p style=\"font-weight: 400;\">Pero su historia no es solo profesional. En 2018, un accidente casi le arrebata todo\u2026 menos su esp\u00edritu. Le dijeron que no volver\u00eda a correr, a jugar f\u00fatbol, ni a ejercer su carrera. Pero ella eligi\u00f3 no creer en esos l\u00edmites. Eligi\u00f3 vivir, luchar y so\u00f1ar m\u00e1s fuerte.<\/p>\n<p style=\"font-weight: 400;\">Karen nos ense\u00f1a que todo es posible y que cuando la pasi\u00f3n gu\u00eda los pasos, nada puede detenernos. Su testimonio es una bandera para quienes se atreven a ser, a construir su camino, a decir \u201cs\u00ed puedo\u201d en voz alta, incluso cuando todo parece decir lo contrario. Ella nos recuerda que el coraje tambi\u00e9n se escribe con nombre de mujer.<\/p>\n<p style=\"font-weight: 400;\"><strong>\u00a0<\/strong><\/p>\n<p style=\"font-weight: 400;\"><strong>AIDA MOI<\/strong><\/p>\n<p style=\"font-weight: 400;\">Nacida el 17 de septiembre de 1936, en una \u00e9poca marcada por desaf\u00edos, A\u00edda supo desde muy joven que su camino estaba ligado al conocimiento y al servicio. Hija de Jos\u00e9 Moi, hist\u00f3rico administrador de Gargantini, creci\u00f3 en un hogar lleno de valores que marcar\u00edan para siempre su manera de ense\u00f1ar, vivir y servir.<\/p>\n<p style=\"font-weight: 400;\">Graduada con honores, inici\u00f3 su carrera como docente comenz\u00f3 en la Escuela Bautista Gargantini y continu\u00f3 en la Escuela Fragata Sarmiento, pero fue en la Escuela Heriberto Baeza y, especialmente, en la Escuela Normal donde Aida dej\u00f3 una huella imborrable. Como maestra de segundo grado, form\u00f3 a generaciones enteras con ternura, paciencia y una pasi\u00f3n por ense\u00f1ar que trascend\u00eda los contenidos. Sus alumnos no solo aprendieron a leer y escribir: aprendieron a ser mejores personas y hoy recuerdan a la Se\u00f1orita A\u00edda con gran ternura y admiraci\u00f3n.<\/p>\n<p style=\"font-weight: 400;\">Aida se jubil\u00f3 en 1989, pero su legado sigue vivo. Es madre de Luis Horacio y Mar\u00eda Gabriela, abuela de Luis, Mar\u00eda del Pilar, Mar\u00eda Constanza e Ignacio. Ella es sobre todo, una gu\u00eda para quienes creen que educar es un acto de amor y transformaci\u00f3n.<\/p>\n<p style=\"font-weight: 400;\">Hoy, la comunidad Rivadaviense la reconoce no solo por su trayectoria, sino por el inmenso coraz\u00f3n con el que sembr\u00f3 futuro. Gracias, Aida, por ser faro, por ser ra\u00edz, por ser maestra de la vida. Su nombre est\u00e1 escrito no solo en las p\u00e1ginas de la historia educativa, sino tambi\u00e9n en el alma de cada ni\u00f1o y joven estudiante.<\/p>\n<p style=\"font-weight: 400;\">\n<p style=\"font-weight: 400;\"><strong>ANA MAR\u00cdA LIZANA<\/strong><\/p>\n<p style=\"font-weight: 400;\">La trayectoria de una mujer que ha dejado huella en su comunidad con su compromiso, dedicaci\u00f3n y amor por el saber: Ana Mar\u00eda.<\/p>\n<p style=\"font-weight: 400;\">Se form\u00f3 \u00edntegramente en la Escuela Normal de Rivadavia, y luego parti\u00f3 a C\u00f3rdoba con una meta clara: convertirse en profesional. Con esfuerzo y perseverancia, obtuvo el t\u00edtulo de Abogada y m\u00e1s tarde de Escribana, regresando a su tierra natal para ejercer con pasi\u00f3n.<\/p>\n<p style=\"font-weight: 400;\">Comenz\u00f3 su camino laboral junto a su cu\u00f1ado, el Escribano Roberto Sliba, y en 1980 inaugur\u00f3 su propia escriban\u00eda en la casa paterna de calle Lavalle. Pero su entrega no se limit\u00f3 a lo jur\u00eddico: tambi\u00e9n fue docente, compartiendo su conocimiento con generaciones de estudiantes en diversas escuelas de Jun\u00edn y Rivadavia.<\/p>\n<p style=\"font-weight: 400;\">Ana Mar\u00eda no se detuvo nunca. A lo largo de los a\u00f1os, continu\u00f3 perfeccion\u00e1ndose, con maestr\u00edas, cursos y capacitaciones, manteni\u00e9ndose siempre actualizada y activa. Hoy, sigue ejerciendo con la misma vocaci\u00f3n que la impuls\u00f3 desde el primer d\u00eda.<\/p>\n<p style=\"font-weight: 400;\">Este reconocimiento es un humilde homenaje a una mujer \u00edntegra, apasionada y comprometida, que supo abrir caminos y dejar huellas imborrables en la educaci\u00f3n, la justicia y en cada persona que tuvo el privilegio de conocerla.<\/p>\n<p style=\"font-weight: 400;\"><strong>\u00a0<\/strong><\/p>\n<p style=\"font-weight: 400;\"><strong>MAR\u00cdA CRISTINA EL\u00cdAS DE \u00c1LVAREZ<\/strong><\/p>\n<p style=\"font-weight: 400;\">Nacida en Rivadavia, en el coraz\u00f3n de una familia trabajadora descendiente de inmigrantes \u00e1rabes e italianos, creci\u00f3 con valores firmes: el amor por la educaci\u00f3n y el esfuerzo como motor de vida.<\/p>\n<p style=\"font-weight: 400;\">Desde muy joven, mientras estudiaba para ser maestra, Cristina ya trabajaba en el comercio para colaborar con su hogar. Al recibirse, dedic\u00f3 su vocaci\u00f3n a la docencia, dejando huella en las aulas de varias escuelas de la provincia, en especial en la querida Escuela Enrique Tittarelli.<\/p>\n<p style=\"font-weight: 400;\">Su esp\u00edritu inquieto y solidario nunca se detuvo. Emprendi\u00f3, trabaj\u00f3 junto a su esposo en la hist\u00f3rica Imprenta Carreras, y fue convocada por la Cooperadora del Hospital Saporiti, donde encontr\u00f3 un nuevo lugar para entregar su coraz\u00f3n.<\/p>\n<p style=\"font-weight: 400;\">Hoy, con 71 a\u00f1os de vida, Cristina sigue m\u00e1s activa que nunca, siendo parte vital de la Cooperadora del Hospital Carlos Saporiti y colaborando incansablemente con instituciones educativas y entidades de bien p\u00fablico.<\/p>\n<p style=\"font-weight: 400;\">Cristina El\u00edas no solo es una trabajadora incansable. Es, sobre todo, una mujer que nunca dej\u00f3 de sembrar amor, servicio y compromiso en cada paso que dio.<\/p>\n<p style=\"font-weight: 400;\">\n<p style=\"font-weight: 400;\"><strong>MARISA CAROLINA FRANCO<\/strong><\/p>\n<p style=\"font-weight: 400;\">Hoy reconocemos la labor incansable y profundamente humana de Marisa Carolina Franco, una mujer cuya vida cambi\u00f3 para siempre desde el momento en que fue salvada por una perrita llamada Nachita. Aquel primer encuentro en 2006 no solo marc\u00f3 el inicio de su camino como rescatista y protectora, sino que despert\u00f3 en ella una misi\u00f3n de alma: ser la voz de quienes no pueden hablar.<\/p>\n<p style=\"font-weight: 400;\">Desde entonces, Marisa ha dedicado su vida a proteger, cuidar y amar a los animales m\u00e1s vulnerables. Marisa no est\u00e1 sola: junto a otras mujeres valientes y sensibles, conforma una red de corazones comprometidos con una sola misi\u00f3n: que ninguna vida sea indiferente, que ninguna patita quede olvidada. Porque como ella misma dice: \u201cser su voz no es una elecci\u00f3n, es una misi\u00f3n del alma\u201d. Marisa no es solo Marisa, es Yamila, Yani, Karen, Merlina, Paula, Agustina, Ver\u00f3nica, Camila, Flor y todos aquellos quienes colaboran en Animalistas de Rivadavia.<\/p>\n<p style=\"font-weight: 400;\">Con este reconocimiento, celebramos su amor, su lucha, y su ejemplo. Porque mientras exista un ser esperando ser salvado, Marisa y su manada estar\u00e1n ah\u00ed. Unidas. Siempre.<\/p>\n<p style=\"font-weight: 400;\">\n","protected":false},"excerpt":{"rendered":"<p>El Honorable Concejo Deliberante de Rivadavia realiz\u00f3 el acto Reconocimiento a Mujeres Destacadas Rivadavienses, edici\u00f3n 2025. La convocatoria se realiz\u00f3 seg\u00fan lo establece la Ordenanza Municipal N\u00b0 5039\/2021 y su modificatoria, la Ordenanza N\u00b0 5187\/2024, normativa que permite visibilizar y valorar el compromiso, el esfuerzo y la trayectoria de mujeres que han dejado una huella [&hellip;]<\/p>\n","protected":false},"author":1,"featured_media":14496,"comment_status":"open","ping_status":"open","sticky":false,"template":"","format":"standard","meta":{"_acf_changed":false,"footnotes":""},"categories":[69],"tags":[],"class_list":["post-14491","post","type-post","status-publish","format-standard","has-post-thumbnail","hentry","category-novedades"],"acf":[],"_links":{"self":[{"href":"https:\/\/coworkdigital.com.ar\/hcd\/wp-json\/wp\/v2\/posts\/14491","targetHints":{"allow":["GET"]}}],"collection":[{"href":"https:\/\/coworkdigital.com.ar\/hcd\/wp-json\/wp\/v2\/posts"}],"about":[{"href":"https:\/\/coworkdigital.com.ar\/hcd\/wp-json\/wp\/v2\/types\/post"}],"author":[{"embeddable":true,"href":"https:\/\/coworkdigital.com.ar\/hcd\/wp-json\/wp\/v2\/users\/1"}],"replies":[{"embeddable":true,"href":"https:\/\/coworkdigital.com.ar\/hcd\/wp-json\/wp\/v2\/comments?post=14491"}],"version-history":[{"count":1,"href":"https:\/\/coworkdigital.com.ar\/hcd\/wp-json\/wp\/v2\/posts\/14491\/revisions"}],"predecessor-version":[{"id":14497,"href":"https:\/\/coworkdigital.com.ar\/hcd\/wp-json\/wp\/v2\/posts\/14491\/revisions\/14497"}],"wp:featuredmedia":[{"embeddable":true,"href":"https:\/\/coworkdigital.com.ar\/hcd\/wp-json\/wp\/v2\/media\/14496"}],"wp:attachment":[{"href":"https:\/\/coworkdigital.com.ar\/hcd\/wp-json\/wp\/v2\/media?parent=14491"}],"wp:term":[{"taxonomy":"category","embeddable":true,"href":"https:\/\/coworkdigital.com.ar\/hcd\/wp-json\/wp\/v2\/categories?post=14491"},{"taxonomy":"post_tag","embeddable":true,"href":"https:\/\/coworkdigital.com.ar\/hcd\/wp-json\/wp\/v2\/tags?post=14491"}],"curies":[{"name":"wp","href":"https:\/\/api.w.org\/{rel}","templated":true}]}}