{"id":1628,"date":"2014-10-07T13:50:47","date_gmt":"2014-10-07T13:50:47","guid":{"rendered":"http:\/\/rd.gov.ar\/wp4\/?p=1628"},"modified":"2014-10-07T13:50:47","modified_gmt":"2014-10-07T13:50:47","slug":"ordenanza-4746-2014","status":"publish","type":"post","link":"https:\/\/coworkdigital.com.ar\/hcd\/ordenanza-4746-2014\/","title":{"rendered":"Ordenanza 4746-2014"},"content":{"rendered":"<p style=\"text-align: center;\"><strong><img fetchpriority=\"high\" decoding=\"async\" class=\"wp-image-1054 aligncenter\" src=\"http:\/\/rd.gov.ar\/wp4\/wp-content\/uploads\/2017\/02\/encabezado-300x60.jpg\" alt=\"\" width=\"669\" height=\"134\" \/><\/strong><\/p>\n<p style=\"text-align: center;\"><strong>ORDENANZA N\u00ba 4746<\/strong><\/p>\n<p style=\"text-align: justify;\"><strong>VISTO:<\/strong><br \/>\nLa visi\u00f3n es uno de los cinco sentidos que tiene el ser humano. Su importancia en la vida es esencial, y<\/p>\n<p style=\"text-align: justify;\"><strong>CONSIDERANDO:<\/strong><br \/>\nQue\u00a0 est\u00e1 compuesto por ojos, parpados, nervios, huesos zona cerebral entre otras estructuras necesarias para la visi\u00f3n.<br \/>\nQue todos estos elementos deben madurar de acuerdo a la edad de la persona. Muchas enfermedades, accidentes y visi\u00f3n de refracci\u00f3n atentan contra ella.<br \/>\nQue la visi\u00f3n termina de desarrollarse alrededor de los nueve a\u00f1os, por ello es fundamental los controles desde que nace hasta esa edad de manera generalizada,<br \/>\nQue la Escuela es el lugar donde mejor se puede prevenir y detectar algunas patolog\u00edas oculares, por la cantidad de ni\u00f1os que concurren diariamente,<br \/>\nQue de acuerdo a la Ley Provincial 6837\/00 de Creaci\u00f3n en el \u00e1mbito de la Provincia de Mendoza, del Programa de Prevenci\u00f3n de Patolog\u00edas Visuales\u00a0 en estudiantes de niveles: Inicial, Primario, Especial, Basico de Adultos y Colegios privados es fundamental que se desarrollen acciones tendientes a concientizar, prevenir, detectar y tratar a los ni\u00f1os y ni\u00f1as que presenten patolog\u00edas visuales a fin de garantizar su derecho a la salud y a su trayectoria educativa.<br \/>\nQue de acuerdo a la mencionada Ley las distintas entidades sociales e instituciones p\u00fablicas del departamento deben de colaborar con implementaci\u00f3n del Programa.<br \/>\nComo conclusi\u00f3n, decimos que prevenir y cuidar la salud en general, es responsabilidad de todos los integrantes de la sociedad y esta ordenanza tiende a concientizar de ello<\/p>\n<p style=\"text-align: justify;\"><strong>POR ELLO:<\/strong><br \/>\nEl Honorable Concejo Deliberante de Rivadavia, Mendoza, y en uso de sus facultades<\/p>\n<p style=\"text-align: center;\"><strong>ORDENA<\/strong><\/p>\n<p style=\"text-align: justify;\"><strong>Art\u00edculo 1\u00ba:<\/strong> Adhi\u00e9rase a la Ley provincial 6837\/00 que establece la creaci\u00f3n en el \u00e1mbito Municipal del Programa de Prevenci\u00f3n y Tratamiento de patolog\u00edas visuales denominado <em>\u201cCuidemos nuestra visi\u00f3n, jugando\u201d<\/em>.<\/p>\n<p style=\"text-align: justify;\"><strong>Art\u00edculo 2\u00ba:<\/strong> El Municipio imprimir\u00e1 y distribuir\u00e1 \u201ccarteles de prueba\u201d o \u201ctabla optotipos\u201d en todas las aulas de las escuelas primarias (estatales, privadas y CEBJAS) del departamento y Jardines Maternales (SEOS) y de Nivel Inicial para detectar problemas visuales.<\/p>\n<p style=\"text-align: justify;\"><strong>Art\u00edculo 3\u00ba:<\/strong> Para llevar adelante este programa los docentes recibir\u00e1n capacitaci\u00f3n a trav\u00e9s de especialistas que orienten las actividades l\u00fadicas y pedag\u00f3gicas en el aula con los ni\u00f1os y ni\u00f1as para facilitar la detecci\u00f3n y tratamiento.<\/p>\n<p style=\"text-align: justify;\"><strong>Art\u00edculo 4\u00ba:<\/strong> La implementaci\u00f3n y coordinaci\u00f3n del programa, estar\u00e1 a cargo del \u00c1rea de Desarrollo Social de la Municipalidad de Rivadavia quien coordinar\u00e1 con el Ministerio de Salud y la Direcci\u00f3n General de Escuelas asistencia y tratamiento de las patolog\u00edas visuales detectadas.<\/p>\n<p style=\"text-align: justify;\"><strong>Art\u00edculo 5\u00ba:<\/strong> Las entidades sociales y privadas que deseen colaborar con el programa, deber\u00e1n coordinar\u00a0 las acciones con la Direcci\u00f3n de Desarrollo Social y Salud de la Municipalidad de Rivadavia.<\/p>\n<p style=\"text-align: justify;\"><strong>Art\u00edculo 6\u00ba:<\/strong> Comun\u00edquese al Departamento Ejecutivo a sus efectos e ins\u00e9rtese en el Libro de Ordenanzas de este Cuerpo.<\/p>\n<p style=\"text-align: justify;\">Dada en la Sala de Sesiones \u201cBandera Nacional Argentina\u201d del Honorable Concejo Deliberante de Rivadavia, Mendoza, a los 07 d\u00edas del mes de octubre de 2014.<\/p>\n<table>\n<tbody>\n<tr>\n<td style=\"text-align: center;\">ORLANDO JAVIER RODRIGUEZ<\/td>\n<td style=\"text-align: center;\">FLORINDA SEOANE<\/td>\n<\/tr>\n<tr>\n<td style=\"text-align: center;\">SECRETARIO H.C.D.<\/td>\n<td style=\"text-align: center;\">PRESIDENTE H.C.D.<\/td>\n<\/tr>\n<\/tbody>\n<\/table>\n<p style=\"text-align: right;\">Cpde. Expte. N\u00ba N\u00ba2014-00230-3 H. C.D<\/p>\n","protected":false},"excerpt":{"rendered":"<p>ORDENANZA N\u00ba 4746 VISTO: La visi\u00f3n es uno de los cinco sentidos que tiene el ser humano. Su importancia en la vida es esencial, y CONSIDERANDO: Que\u00a0 est\u00e1 compuesto por ojos, parpados, nervios, huesos zona cerebral entre otras estructuras necesarias para la visi\u00f3n. Que todos estos elementos deben madurar de acuerdo a la edad de [&hellip;]<\/p>\n","protected":false},"author":1,"featured_media":983,"comment_status":"closed","ping_status":"closed","sticky":false,"template":"","format":"standard","meta":{"_acf_changed":false,"footnotes":""},"categories":[63,64],"tags":[],"class_list":["post-1628","post","type-post","status-publish","format-standard","has-post-thumbnail","hentry","category-ordenanzas","category-ordenanzasanteriores"],"acf":[],"_links":{"self":[{"href":"https:\/\/coworkdigital.com.ar\/hcd\/wp-json\/wp\/v2\/posts\/1628","targetHints":{"allow":["GET"]}}],"collection":[{"href":"https:\/\/coworkdigital.com.ar\/hcd\/wp-json\/wp\/v2\/posts"}],"about":[{"href":"https:\/\/coworkdigital.com.ar\/hcd\/wp-json\/wp\/v2\/types\/post"}],"author":[{"embeddable":true,"href":"https:\/\/coworkdigital.com.ar\/hcd\/wp-json\/wp\/v2\/users\/1"}],"replies":[{"embeddable":true,"href":"https:\/\/coworkdigital.com.ar\/hcd\/wp-json\/wp\/v2\/comments?post=1628"}],"version-history":[{"count":0,"href":"https:\/\/coworkdigital.com.ar\/hcd\/wp-json\/wp\/v2\/posts\/1628\/revisions"}],"wp:featuredmedia":[{"embeddable":true,"href":"https:\/\/coworkdigital.com.ar\/hcd\/wp-json\/wp\/v2\/media\/983"}],"wp:attachment":[{"href":"https:\/\/coworkdigital.com.ar\/hcd\/wp-json\/wp\/v2\/media?parent=1628"}],"wp:term":[{"taxonomy":"category","embeddable":true,"href":"https:\/\/coworkdigital.com.ar\/hcd\/wp-json\/wp\/v2\/categories?post=1628"},{"taxonomy":"post_tag","embeddable":true,"href":"https:\/\/coworkdigital.com.ar\/hcd\/wp-json\/wp\/v2\/tags?post=1628"}],"curies":[{"name":"wp","href":"https:\/\/api.w.org\/{rel}","templated":true}]}}