{"id":1720,"date":"2013-11-29T13:30:40","date_gmt":"2013-11-29T13:30:40","guid":{"rendered":"http:\/\/rd.gov.ar\/wp4\/?p=1720"},"modified":"2013-11-29T13:30:40","modified_gmt":"2013-11-29T13:30:40","slug":"ordenanza-4713-2013","status":"publish","type":"post","link":"https:\/\/coworkdigital.com.ar\/hcd\/ordenanza-4713-2013\/","title":{"rendered":"Ordenanza 4713-2013"},"content":{"rendered":"<p style=\"text-align: center;\"><strong><img fetchpriority=\"high\" decoding=\"async\" class=\"wp-image-1054 aligncenter\" src=\"http:\/\/rd.gov.ar\/wp4\/wp-content\/uploads\/2017\/02\/encabezado-300x60.jpg\" alt=\"\" width=\"669\" height=\"134\" \/><\/strong><\/p>\n<p style=\"text-align: center;\"><strong>ORDENANZA N\u00ba4.713<\/strong><\/p>\n<p><strong>VISTO:<\/strong><br \/>\nEl Expediente N\u00ba 2011-18947-5-P \u201cPEREYRA, ANA NOEM\u00cd, PABLO ALBERTO y LIDIA FIDELINA, Donaci\u00f3n de terreno con cargo\u201d, y<\/p>\n<p style=\"text-align: justify;\"><strong>CONSIDERANDO:<\/strong><br \/>\nQue la calle Italia, es de fundamental importancia para el desarrollo y circulaci\u00f3n del Radio Urbano.<br \/>\nQue dicha calle, entre 25 de Mayo y Rep\u00fablica del Libano, se encuentra librada al Uso P\u00fablico y por Ordenanza N\u00ba 4.397 del a\u00f1o 2008, fue\u201c Declarada de Utilidad P\u00fablica\u201d.<br \/>\nQue a fojas 01 se presentan los herederos universales de Pablo Pereyra Donaire y Eufemia Zapata de Pereyra Donaire (Titulares Registrales), y ofrecen en car\u00e1cter de Donaci\u00f3n con cargo un rasgo de terreno de la Parcela N.C. 10-01-03-0045-000291-0000-2, que consta de una superficie seg\u00fan mensura de 462,45 m2 y superficie seg\u00fan t\u00edtulo de 510,47 m2, de acuerdo con el Plano de Mensura aprobado en la Direcci\u00f3n Provincial de Catastro\u00a0 al N\u00ba 10\/17291 de Rivadavia; Inscripto en el Registro de la Propiedad como 1ra. Asiento N\u00ba 4462, Fs 287, T\u00ba 37-A de Rivadavia, Padr\u00f3n de Rentas: 10\/10937-9, Padr\u00f3n Municipal: 0909-B.<br \/>\nQue en fojas 04 Declaratoria de Herederos resuelve como Herederos \u00danicos y Universales a Lidia Rosa Fidelina, Pablo Alberto y Ana Mar\u00eda Noem\u00ed Pereyra y tener por designada como Administradora Definitiva a Lidia Rosa Fidelina Pereyra, quien acepta el cargo conferido.<br \/>\nQue el ofrecimiento de Donaci\u00f3n es con el Cargo de Compensar la deuda que posee el Padr\u00f3n Municipal N\u00ba 0909, el que seg\u00fan informe adjunto de la Oficina de Recaudaciones, Movimientos de Cuenta Corriente con fecha 05\/11\/2013 acredita una deuda total de $ 62.705,60.<br \/>\nQue de acuerdo con la Tasaci\u00f3n realizada por el Martillero P\u00fablico y Corredor P\u00fablico Inmobiliario Pascual Javier Rosales con fecha setiembre de 2012 y actualizaci\u00f3n realizada con fecha: Noviembre 2013, la que arroja un valor por m2. de $ 250,00 y un total de $ 115.612,50.<br \/>\nQue el valor del bien inmueble asume la cifra de $115.612,50, siendo el total de la deuda de $62.750,60, por lo que el porcentual de la deuda no supera el 54,28% del valor del terreno.<\/p>\n<p style=\"text-align: justify;\"><strong>POR ELLO:<\/strong><br \/>\nEl Honorable Concejo Deliberante de Rivadavia, Mendoza, y en uso de sus facultades:<\/p>\n<p style=\"text-align: center;\"><strong>ORDENA<\/strong><\/p>\n<p style=\"text-align: justify;\"><strong>Art\u00edculo 1\u00ba:<\/strong> Ac\u00e9ptese la donaci\u00f3n ofrecida por los Sres. Lidia Rosa Fidelina, Pablo Alberto y Ana Mar\u00eda Noem\u00ed Pereyra en car\u00e1cter de Herederos Universales y \u00danicos de do\u00f1a Eufemia Zapata de Pereyra Donaire y Pablo Pereyra Donaire. La superficie donada seg\u00fan mensura es de 462,45 m2. y seg\u00fan T\u00edtulo es de 510,47 m2. de la Fracci\u00f3n A, N.C. 10-01-03-0045-000291-0000-2, Padr\u00f3n de Rentas 10\/10937-9 de Rivadavia, inscripta en el Registro de la Propiedad Ra\u00edz como 1ra Inscripci\u00f3n al N\u00ba 4462, Fs. 287, T\u00ba 37-A de Rivadavia.<\/p>\n<p style=\"text-align: justify;\"><strong>Art\u00edculo 2\u00ba:<\/strong>\u00a0 Cond\u00f3nese la deuda por Tasas y Servicios del Padr\u00f3n Municipal 0909.<\/p>\n<p style=\"text-align: justify;\"><strong>Art\u00edculo 3\u00ba:<\/strong>\u00a0 El Departamento Ejecutivo deber\u00e1 realizar los actos \u00fatiles y necesarios ante el Registro de la Propiedad, para desglosar del T\u00edtulo la superficie correspondiente a esta donaci\u00f3n.<\/p>\n<p style=\"text-align: justify;\"><strong>Art\u00edculo 4\u00ba:<\/strong> Comun\u00edquese al Departamento Ejecutivo a sus efectos e ins\u00e9rtese en el Libro de Ordenanzas de este Cuerpo.<\/p>\n<p style=\"text-align: justify;\">Dada en la Sala de Sesiones \u201cBandera Nacional Argentina\u201d del Honorable Concejo\u00a0 Deliberante de Rivadavia, Mendoza, a los 29 d\u00edas del mes de noviembre de 2013.<\/p>\n<table>\n<tbody>\n<tr>\n<td style=\"text-align: center;\">ORLANDO JAVIER RODRIGUEZ<\/td>\n<td style=\"text-align: center;\">FLORINDA SEOANE<\/td>\n<\/tr>\n<tr>\n<td style=\"text-align: center;\">SECRETARIO H.C.D.<\/td>\n<td style=\"text-align: center;\">PRESIDENTE H.C.D.<\/td>\n<\/tr>\n<\/tbody>\n<\/table>\n<p style=\"text-align: right;\">Cpde. Expte. N\u00ba 2013-00293-2 H.C.D.<br \/>\nN\u00ba2011-18947-5 D.E.<\/p>\n","protected":false},"excerpt":{"rendered":"<p>ORDENANZA N\u00ba4.713 VISTO: El Expediente N\u00ba 2011-18947-5-P \u201cPEREYRA, ANA NOEM\u00cd, PABLO ALBERTO y LIDIA FIDELINA, Donaci\u00f3n de terreno con cargo\u201d, y CONSIDERANDO: Que la calle Italia, es de fundamental importancia para el desarrollo y circulaci\u00f3n del Radio Urbano. Que dicha calle, entre 25 de Mayo y Rep\u00fablica del Libano, se encuentra librada al Uso P\u00fablico [&hellip;]<\/p>\n","protected":false},"author":1,"featured_media":983,"comment_status":"closed","ping_status":"closed","sticky":false,"template":"","format":"standard","meta":{"_acf_changed":false,"footnotes":""},"categories":[63,64],"tags":[],"class_list":["post-1720","post","type-post","status-publish","format-standard","has-post-thumbnail","hentry","category-ordenanzas","category-ordenanzasanteriores"],"acf":[],"_links":{"self":[{"href":"https:\/\/coworkdigital.com.ar\/hcd\/wp-json\/wp\/v2\/posts\/1720","targetHints":{"allow":["GET"]}}],"collection":[{"href":"https:\/\/coworkdigital.com.ar\/hcd\/wp-json\/wp\/v2\/posts"}],"about":[{"href":"https:\/\/coworkdigital.com.ar\/hcd\/wp-json\/wp\/v2\/types\/post"}],"author":[{"embeddable":true,"href":"https:\/\/coworkdigital.com.ar\/hcd\/wp-json\/wp\/v2\/users\/1"}],"replies":[{"embeddable":true,"href":"https:\/\/coworkdigital.com.ar\/hcd\/wp-json\/wp\/v2\/comments?post=1720"}],"version-history":[{"count":0,"href":"https:\/\/coworkdigital.com.ar\/hcd\/wp-json\/wp\/v2\/posts\/1720\/revisions"}],"wp:featuredmedia":[{"embeddable":true,"href":"https:\/\/coworkdigital.com.ar\/hcd\/wp-json\/wp\/v2\/media\/983"}],"wp:attachment":[{"href":"https:\/\/coworkdigital.com.ar\/hcd\/wp-json\/wp\/v2\/media?parent=1720"}],"wp:term":[{"taxonomy":"category","embeddable":true,"href":"https:\/\/coworkdigital.com.ar\/hcd\/wp-json\/wp\/v2\/categories?post=1720"},{"taxonomy":"post_tag","embeddable":true,"href":"https:\/\/coworkdigital.com.ar\/hcd\/wp-json\/wp\/v2\/tags?post=1720"}],"curies":[{"name":"wp","href":"https:\/\/api.w.org\/{rel}","templated":true}]}}