{"id":1730,"date":"2013-11-12T15:00:37","date_gmt":"2013-11-12T15:00:37","guid":{"rendered":"http:\/\/rd.gov.ar\/wp4\/?p=1730"},"modified":"2013-11-12T15:00:37","modified_gmt":"2013-11-12T15:00:37","slug":"ordenanza-4708-2013","status":"publish","type":"post","link":"https:\/\/coworkdigital.com.ar\/hcd\/ordenanza-4708-2013\/","title":{"rendered":"Ordenanza 4708-2013"},"content":{"rendered":"<p style=\"text-align: center;\"><strong><img fetchpriority=\"high\" decoding=\"async\" class=\"wp-image-1054 aligncenter\" src=\"http:\/\/rd.gov.ar\/wp4\/wp-content\/uploads\/2017\/02\/encabezado-300x60.jpg\" alt=\"\" width=\"669\" height=\"134\" \/><\/strong><\/p>\n<p style=\"text-align: center;\"><strong>ORDENANZA N\u00ba4.708<\/strong><\/p>\n<p style=\"text-align: justify;\"><strong>VISTO:<\/strong><br \/>\nQue gran parte de la Regi\u00f3n productiva de la Zona Este se encuentra afectada por la plaga de la vid, conocida como LOBESIA BOTRANA, o polilla de la vid, y<\/p>\n<p style=\"text-align: justify;\"><strong>CONSIDERANDO:<\/strong><br \/>\nQue la actividad VITIVINICOLA es la principal explotaci\u00f3n agr\u00edcola desarrollada en la Zona Este de Mendoza, la que m\u00e1s hect\u00e1reas ocupa y la que m\u00e1s puestos de trabajo genera, siendo en consecuencia la principal actividad dinamizadora de la riqueza en el territorio.<br \/>\nPese a ello, nuestra actividad vitivin\u00edcola viene siendo castigada por un incesante ciclo econ\u00f3mico depresivo, que en muchos casos ha significado un abandono definitivo de los cultivos vit\u00edcolas, con estimaciones que alcanzan grandes porcentajes de la superficie cultivada. Esta situaci\u00f3n ha provocado esencialmente una ca\u00edda de la producci\u00f3n en cantidades cercana al 40%, que se agrava por las malas condiciones macroecon\u00f3micas implementadas en el pa\u00eds por el PEN, que han causado la p\u00e9rdida de competitividad en el rubro exportaciones, y en paralelo una baja constante del consumo interno, debido a la carencia de recursos de la poblaci\u00f3n, afectada por un escenario inflacionario que no se detiene, circunstancias \u00e9stas que han diezmado las econom\u00edas regionales, y particularmente en nuestra zona a la actividad agroindustrial, hecho que se ha visto reflejado en la baja de precios de la uva de distintas variedades, &#8211; destinadas a la elaboraci\u00f3n de vinos, tranquilos y espumantes &#8211;\u00a0 del mosto concentrado, e incluso tambi\u00e9n de los frutales y olivares con respecto a a\u00f1os anteriores, lo que se agrava, si le sumamos la extensi\u00f3n de los plazos de pago a la que se ven sujetos los productores. El escenario descripto, pone en evidencia que los recursos financieros para los pr\u00f3ximos ciclos agr\u00edcolas ser\u00e1n muy escasos, con serias posibilidades de que se afecte la mano de obra y el empleo.<br \/>\nA ese marco de situaci\u00f3n, se han adicionado las recientes heladas, que por sus niveles record de bajas temperaturas y persistencia de las mismas, han da\u00f1ado gravemente a los frutos de carozo y uvas de mesa o traslado, sin que se sepa a ciencia cierta a la fecha en cuanto impactar\u00e1n en las dem\u00e1s variedades y cultivos, contingencia inusual en la provincia y especialmente en nuestro departamento, que motiv\u00f3 la declaraci\u00f3n de emergencia agr\u00edcola departamental mediante Declaraci\u00f3n N\u00ba 26\/13, y que en el \u00e1mbito provincial impulsaron la declaraci\u00f3n de emergencia agr\u00edcola nacional para la asistencia a productores, con los efectos y alcances de la normativa nacional.<br \/>\nY por si faltaran problemas en la actividad central de la provincia, se agrega el ingreso de la plaga LOBESIA BOTRANA, que tiene a gran parte del territorio departamental declarado en Cuarentena, siendo esta calamidad natural causada por falencias e impericia de los organismos de control, tanto nacionales como provinciales, puesto que a la fecha de ingreso de dicha plaga nuestra provincia contaba de antemano con barreras fitosanitarias en toda su frontera geogr\u00e1fica, las cuales no funcionaron, pese haber sido notificados por los servicios de sanidad Chilenos, que hab\u00edan informado que estaba instalada esta plaga\u00a0 y dictado en consecuencia una alerta amarilla, en su territorio. Es evidente que la precitada enfermedad ingres\u00f3 a nuestra provincia por motivos ajenos a los vitivinicultores, que no obstante ello, hoy deben asumir los costos y tareas para combatir su erradicaci\u00f3n, bajo un esquema previsto y coordinado por SENASA en el nivel nacional y el ISCAMEN en el nivel provincial.<br \/>\nSeg\u00fan informes t\u00e9cnicos, los da\u00f1os ocasionados por la polilla del racimo pueden ser directos, debido a los ataques de las larvas en sus distintas generaciones e indirectos, debido a la entrada de otros agentes pat\u00f3genos. Da\u00f1os directos de larvas de primera generaci\u00f3n: Las larvas da\u00f1an las inflorescencias, destruyendo botones florales, flores e incluso frutitos reci\u00e9n cuajados Reuni\u00e9ndolos en glom\u00e9rulos. Los ataques de esta primera generaci\u00f3n no se traducir\u00edan en p\u00e9rdidas de cantidad ni calidad de cosecha, ya que existe una compensaci\u00f3n en el tama\u00f1o de los frutos cuajados. Da\u00f1os directos de larvas de segunda y tercera generaci\u00f3n: Estas larvas atacan a las bayas, perfor\u00e1ndolas, penetrando en su interior y aliment\u00e1ndose de su pulpa. Por ello producen p\u00e9rdidas de cosecha, tanto cuantitativas como, sobre todo cualitativas produciendo p\u00e9rdidas de calidad, derivadas de las heridas producidas. Da\u00f1os indirectos: Los da\u00f1os indirectos ocasionados como consecuencia de los ataques de la polilla son las posibles apariciones de diversas podredumbres de origen f\u00fangico, como <em>Botrytis cinerea.<\/em><br \/>\nEste programa N\u00ba 729\/10 de Senasa, exige la realizaci\u00f3n de distintas tareas culturales; como labores post-cosecha de recolecci\u00f3n y enterrado de restos de uvas, con un riego posterior para impedir que el fr\u00edo de invierno da\u00f1e los cultivos, hecho que solo es posible, si el productor cuenta con agua de perforaci\u00f3n, ya que los turnos de riego se encuentran en corta hasta agosto, conforme la normativa de Irrigaci\u00f3n; y labores durante el ciclo vegetativo, que exigen dos pulverizaciones por mes con distintos productos fitosanitarios, que antes distribu\u00eda gratuitamente la autoridad de contralor y ahora debe asumir el productor, sin perjuicio que adem\u00e1s debe disponer de equipos pulverizadores, personal, combustible y de las reparaciones l\u00f3gicas a fin de realizar las mismas, siendo dificultoso adem\u00e1s de oneroso, coordinarlas con las dem\u00e1s tareas, de riego, curaciones, otras pulverizaciones, aradas, rastreadas y dem\u00e1s labores culturales inherentes al ciclo agr\u00edcola.<br \/>\nSi bien la realizaci\u00f3n de tales labores resultan convenientes y necesarias a los efectos de erradicar la plaga, evitar su propagaci\u00f3n y mitigar los da\u00f1os que ella produce, los productores no est\u00e1n en condiciones, ni con recursos suficientes para poder hacerlas en tiempo y forma como lo instruyen y supervisan los organismos estatales que controlan la ejecuci\u00f3n de las mismas, y que incluso imponen multas por su inejecuci\u00f3n.<br \/>\nLos afectados ha presentado diversas notas de reclamos, e incluso han organizado reuniones con organizaciones y funcionarios para encontrar paliativos a esta plaga y para morigera las sanciones del programa de SENASA.<br \/>\nSe justifica por tal motivo, que el estado provincial, a trav\u00e9s de sus Ministerios y autoridades competentes, adopte medidas paliativas adecuadas, suspenda la imposici\u00f3n de multas y destine recursos financieros suficientes para facilitar dichas labores, que sean comprensivos de todos costos e \u00edtems que demanden las labores culturales adicionales a las convencionales del proceso productivo, sobre todo en el marco de la emergencia agr\u00edcola decretada en la provincia, pues de otra manera no se pueden ser afrontadas por los productores, hoy inmersos en una coyuntura de asfixia financiero.<\/p>\n<p style=\"text-align: justify;\"><strong>POR ELLO:<\/strong><br \/>\nEl Honorable Concejo Deliberante de Rivadavia, Mendoza, y en uso de sus facultades:<\/p>\n<p style=\"text-align: center;\"><strong>ORDENA<\/strong><\/p>\n<p style=\"text-align: justify;\"><strong>Art\u00edculo 1\u00ba:<\/strong> Instr\u00fayase al Departamento Ejecutivo, para que a trav\u00e9s de la Direcci\u00f3n de Desarrollo Econ\u00f3mico,\u00a0 realice gestiones urgentes ante el Ministerio de la Producci\u00f3n y dem\u00e1s reparticiones p\u00fablicas vinculadas al desarrollo agr\u00edcola, tendientes a adoptar medidas paliativas destinadas a combatir y erradicar la plaga LOBESIA BOTRANA (POLILLA DE LA VID), que tiene a gran parte del territorio departamental declarado en Cuarentena.<\/p>\n<p style=\"text-align: justify;\"><strong>Art\u00edculo 2\u00ba:<\/strong> Instar al MINISTERIO DE LA PRODUCCI\u00d3N, a fin de que instituya en el marco de la emergencia agr\u00edcola decretada, un programa de asistencia financiera destinado a subsidiar a los productores de las zonas cuarentenadas por la plaga LOBESIA BOTRANA (POLILLA DE LA VID), mediante un importe por hect\u00e1rea que sea comprensivo de todos costos que demanden las curaciones y dem\u00e1s labores culturales &#8211; adicionales al proceso productivo-, tendientes a erradicar la precitada plaga en la provincia de Mendoza, dicha asistencia financiera deber\u00e1 tambi\u00e9n hacerse extensiva as aquellos productores que hubieran efectuado las tareas y curaciones trevistas por el programa de erradicacion de SENASA, como medida de trato equitativo.<\/p>\n<p style=\"text-align: justify;\"><strong>Art\u00edculo 3\u00ba:<\/strong> Comunicar al SENASA e ISCAMEN los alcances de la presente, inst\u00e1ndolo a su vez, en el marco de la emergencia agropecuaria decretada, a fin de que proceda a suspender la imposici\u00f3n de multas derivadas de la inejecuci\u00f3n de curaciones adicionales destinadas a erradicar la plaga LOBESIA BOTRANA (POLILLA DE LA VID).<\/p>\n<p style=\"text-align: justify;\"><strong>Art\u00edculo 4\u00ba:<\/strong> Rem\u00edtase copia de la presente a ambas C\u00e1maras de la Legislatura Provincial y al Centro de Vi\u00f1ateros y Bodegueros del Este, para su conocimiento y dem\u00e1s efectos.-<\/p>\n<p style=\"text-align: justify;\"><strong>Art\u00edculo 5\u00ba:<\/strong> Comun\u00edquese al Departamento Ejecutivo a sus efectos e ins\u00e9rtese en el Libro de Ordenanzas de este Cuerpo.<\/p>\n<p style=\"text-align: justify;\">Dada en la Sala de Sesiones \u201cBandera Nacional Argentina\u201d del Honorable Concejo\u00a0 Deliberante de Rivadavia, Mendoza, a los 12 d\u00edas del mes de noviembre de 2013.<\/p>\n<table>\n<tbody>\n<tr>\n<td style=\"text-align: center;\">ORLANDO JAVIER RODRIGUEZ<\/td>\n<td style=\"text-align: center;\">JAVIER FORNASARI<\/td>\n<\/tr>\n<tr>\n<td style=\"text-align: center;\">SECRETARIO H.C.D.<\/td>\n<td style=\"text-align: center;\">VICE- PRESIDENTE\u00a0 H.C.D.<\/td>\n<\/tr>\n<\/tbody>\n<\/table>\n<p style=\"text-align: right;\">Cpde. Expte. N\u00ba 2013-00263-5 H.C.D.<\/p>\n","protected":false},"excerpt":{"rendered":"<p>ORDENANZA N\u00ba4.708 VISTO: Que gran parte de la Regi\u00f3n productiva de la Zona Este se encuentra afectada por la plaga de la vid, conocida como LOBESIA BOTRANA, o polilla de la vid, y CONSIDERANDO: Que la actividad VITIVINICOLA es la principal explotaci\u00f3n agr\u00edcola desarrollada en la Zona Este de Mendoza, la que m\u00e1s hect\u00e1reas ocupa [&hellip;]<\/p>\n","protected":false},"author":1,"featured_media":983,"comment_status":"closed","ping_status":"closed","sticky":false,"template":"","format":"standard","meta":{"_acf_changed":false,"footnotes":""},"categories":[63,64],"tags":[],"class_list":["post-1730","post","type-post","status-publish","format-standard","has-post-thumbnail","hentry","category-ordenanzas","category-ordenanzasanteriores"],"acf":[],"_links":{"self":[{"href":"https:\/\/coworkdigital.com.ar\/hcd\/wp-json\/wp\/v2\/posts\/1730","targetHints":{"allow":["GET"]}}],"collection":[{"href":"https:\/\/coworkdigital.com.ar\/hcd\/wp-json\/wp\/v2\/posts"}],"about":[{"href":"https:\/\/coworkdigital.com.ar\/hcd\/wp-json\/wp\/v2\/types\/post"}],"author":[{"embeddable":true,"href":"https:\/\/coworkdigital.com.ar\/hcd\/wp-json\/wp\/v2\/users\/1"}],"replies":[{"embeddable":true,"href":"https:\/\/coworkdigital.com.ar\/hcd\/wp-json\/wp\/v2\/comments?post=1730"}],"version-history":[{"count":0,"href":"https:\/\/coworkdigital.com.ar\/hcd\/wp-json\/wp\/v2\/posts\/1730\/revisions"}],"wp:featuredmedia":[{"embeddable":true,"href":"https:\/\/coworkdigital.com.ar\/hcd\/wp-json\/wp\/v2\/media\/983"}],"wp:attachment":[{"href":"https:\/\/coworkdigital.com.ar\/hcd\/wp-json\/wp\/v2\/media?parent=1730"}],"wp:term":[{"taxonomy":"category","embeddable":true,"href":"https:\/\/coworkdigital.com.ar\/hcd\/wp-json\/wp\/v2\/categories?post=1730"},{"taxonomy":"post_tag","embeddable":true,"href":"https:\/\/coworkdigital.com.ar\/hcd\/wp-json\/wp\/v2\/tags?post=1730"}],"curies":[{"name":"wp","href":"https:\/\/api.w.org\/{rel}","templated":true}]}}