{"id":1732,"date":"2013-10-29T15:29:20","date_gmt":"2013-10-29T15:29:20","guid":{"rendered":"http:\/\/rd.gov.ar\/wp4\/?p=1732"},"modified":"2013-10-29T15:29:20","modified_gmt":"2013-10-29T15:29:20","slug":"ordenanza-4707-2013","status":"publish","type":"post","link":"https:\/\/coworkdigital.com.ar\/hcd\/ordenanza-4707-2013\/","title":{"rendered":"Ordenanza 4707-2013"},"content":{"rendered":"<p style=\"text-align: center;\"><strong><img fetchpriority=\"high\" decoding=\"async\" class=\"wp-image-1054 aligncenter\" src=\"http:\/\/rd.gov.ar\/wp4\/wp-content\/uploads\/2017\/02\/encabezado-300x60.jpg\" alt=\"\" width=\"669\" height=\"134\" \/><\/strong><\/p>\n<p style=\"text-align: center;\"><strong>ORDENANZA N\u00ba4.707<\/strong><\/p>\n<p style=\"text-align: justify;\"><strong>VISTO:<\/strong><br \/>\nLa necesidad de crear un Complejo Cultural, orientado de la multiplicidad cultural del Departamento, y<\/p>\n<p style=\"text-align: justify;\"><strong>CONSIDERANDO:<\/strong><br \/>\nQue, Am\u00e9rica Latina ha sido un territorio hist\u00f3ricamente pleno de valores e identidad cultural propios, que a lo largo de su evoluci\u00f3n ha ido interrelacionando cada espacio de su geograf\u00eda, por medio de su gente y su desarrollo social.<br \/>\nQue, la din\u00e1mica sociocultural de los \u00faltimos tiempos ha hecho que todos esos procesos hayan conseguido un instrumento verdaderamente consolidado de ese proceso natural, ya que la misma gente ha dise\u00f1ado y creado espacios para el encuentro y di\u00e1logo permanente de sus culturas entre sus habitantes y sus creadores y su realidad social, cient\u00edfica, econ\u00f3mica y tur\u00edstica.<br \/>\nQue, cada sociedad ha ido creando esos espacios con un concepto cultural de proyecci\u00f3n e inter\u00e9s incalculable. Su acci\u00f3n diaria comprometida con la construcci\u00f3n de la ciudadan\u00eda, el mejoramiento de la calidad de vida y la posibilidad de difusi\u00f3n y promoci\u00f3n de nuestros rasgos culturales y con los que nos identifican con cada comunidad, ha posicionado en el colectivo lo que hoy conocemos como Complejos Culturales, corazones culturales de cada localidad, pueblo o ciudad.<br \/>\nQue, tales espacios contribuyen con su din\u00e1mica y trabajo a estimular el dise\u00f1o de pol\u00edticas culturales que rinden un beneficio directo a cada poblaci\u00f3n y muy especialmente a su entorno.<br \/>\nQue, esta acci\u00f3n, en el caso de Rivadavia, podemos estudiarla y disfrutarla actualmente en el Centro Cultural \u201cJuan Centorbi\u201d. Por su ubicaci\u00f3n en el casco central de la Ciudad, ha tomado como norte de su gesti\u00f3n, desde cada uno de sus programas y actividades, la revalorizaci\u00f3n y rescate del espacio urbano como objeto cultural del hombre. Es decir que no s\u00f3lo produce y genera actividades,\u00a0 programas culturales en su recinto interno, en su compromiso de gesti\u00f3n, sino que dise\u00f1a y estimula la mirada a todo el Departamento como objeto cultural.<br \/>\nQue, dichos Complejos indiscutiblemente son esos espacios catalizadores de la vida cultural de las comunidades, que a lo largo de muchos a\u00f1os como instituciones de naturaleza multidisciplinaria se convierten en referentes de ni\u00f1os, j\u00f3venes y adultos, quienes encuentran en estos sitios la posibilidad del conocimiento y descubrimiento en diferentes \u00e1reas.<br \/>\nQue, vemos as\u00ed, entonces, c\u00f3mo estos espacios de expansi\u00f3n de emociones se convierten en patrimonios vivos de cada ciudad. Esto, b\u00e1sicamente, se debe a su perfil de vocaci\u00f3n integrador y a los criterios que tienen por su propia naturaleza.<br \/>\nQue, un Complejo Cultural se diferencia de otro recinto destinado a la difusi\u00f3n de diferentes expresiones creadoras por su relaci\u00f3n con el usuario o p\u00fablico, puesto que han dinamizado y cambiado absolutamente los criterios de gesti\u00f3n cultural, de lo que debe ser primero un n\u00facleo cultural, por su concepci\u00f3n de lo que es y de c\u00f3mo se asume el concepto de cultura. A diferencia de otros espacios educativos culturales, que parecen resistirse a la din\u00e1mica cultural y quedarse solamente en la concepci\u00f3n, ya agotada, de ser meros contenedores de obras de arte o de representaciones cl\u00e1sicas. Los Complejos Culturales han ido avanzando en los \u00faltimos treinta a\u00f1os como verdaderos espacios abiertos de interacci\u00f3n interna-externa y, l\u00f3gicamente, externa-interna. A tal punto que en muchas ciudades marcan las pautas de gesti\u00f3n en el d\u00eda a d\u00eda del quehacer cultural por ser innovadores, pero cargados de una profundidad en el compromiso cultural educativo, de construcci\u00f3n de ciudadan\u00eda y por permitir con criterios de pluralidad la verdadera participaci\u00f3n de creadores y la comunidad en su conjunto.<br \/>\nQue, hoy en d\u00eda podemos afirmar que la acci\u00f3n cultural desde uno de estos lugares de gesti\u00f3n multidisciplinaria, como centro de convergencia de diferentes factores y actores de una localidad, los conllevan a ser agentes de transformaci\u00f3n y estimuladores de las diferentes manifestaciones creadoras del hombre.<br \/>\nQue, vivimos momentos de gesti\u00f3n y autogesti\u00f3n. Todos los actores culturales (el Estado en todas sus instancias, instituciones, organizaciones, proyectos, individualidades, etc.) dise\u00f1an, desarrollan y establecen estrategias con los creadores para la promoci\u00f3n y difusi\u00f3n de las artes y la cultura, interactuando en beneficio de la comunidad y por ende de la sociedad.<br \/>\nQue, nuestro Centro Cultural \u201cJuan Centorbi\u201d, ubicado sobre calle Lavalle, actualmente hoy tiene perspectiva a funcionar exclusivamente como CINE TEATRO, sumado a esto todos los reacondicionamientos tendientes a brindarle a la sociedad espect\u00e1culos teatrales y la proyecci\u00f3n de \u00faltima generaci\u00f3n\u00a0 CINE 3D, y ofrecerle a la sociedad una oferta variada e innovadora semanalmente. De este modo, todos los talleres culturales, como clases de idiomas, clases de apoyo de diversas asignaturas, baile, el coro de ni\u00f1os y adultos, pintura, macram\u00e9, gimnasia art\u00edstica, yoga, etc., resultan poco beneficiosos que ocupen su edificio, por lo cual ser\u00eda conveniente destinar otro espacio f\u00edsico que pueda albergar no s\u00f3lo los talleres culturales, sino que incorporen, teniendo en cuenta un concepto de cultura amplio e integrador, otros referentes de la cultura.<br \/>\nPor otro lado, teniendo en cuenta la Ordenanza N\u00ba4.672\u00a0 que prev\u00e9 destinar un espacio f\u00edsico para la creaci\u00f3n de un Complejo de Bibliotecas, la actual Biblioteca \u201cBernardino Rivadavia\u201d, la Biblioteca del Terciario \u201cProfesor Francisco Humberto Tolosa\u201d y una \u00faltima, prevista por el Gobierno de la Provincia de Mendoza. Atento a esto, se cree conveniente que la Biblioteca Bernardino Rivadavia no sea trasladada del actual lugar y que hist\u00f3ricamente ha ocupado. Ser\u00eda un inconveniente para toda la comunidad de Rivadavia, ya que su ubicaci\u00f3n es un lugar clave y estrat\u00e9gico no solo para los vecinos del Villa Cabecera, sino tambi\u00e9n para aquellas personas que provienen del interior de nuestro Departamento.<br \/>\nEn raz\u00f3n que\u00a0 la Provincia ha comprometido partidas presupuestarias para la construcci\u00f3n de una Biblioteca en terreno situado frente a la Escuela\u00a0 Francisco H\u00a0 Tolosa, resulta conveniente re direccionar la inversi\u00f3n prevista por la Municipalidad para el desarrollo de actividades igualmente culturales pero en otro predio a fin de beneficiar con estas dos obras a mayor cantidad de vecinos.<\/p>\n<p style=\"text-align: justify;\"><strong> POR ELLO:<\/strong><br \/>\nEl Honorable Concejo Deliberante de Rivadavia, Mendoza, y en uso de sus facultades:<\/p>\n<p style=\"text-align: center;\"><strong>ORDENA<\/strong><\/p>\n<p style=\"text-align: justify;\"><strong>Art\u00edculo 1\u00b0:<\/strong> Derogar la Ordenanza N\u00ba 4.679\/13.<\/p>\n<p style=\"text-align: justify;\"><strong>Art\u00edculo 2\u00b0:<\/strong> Autorizar al Departamento Ejecutivo, a realizar los traspasos de partidas necesarios para\u00a0 la construcci\u00f3n de un Complejo Cultural, tendiente a desarrollar e interrelacionar los diferentes espacios geogr\u00e1ficos, pero sobre todo, a promover la participaci\u00f3n de variados actores socioculturales de nuestro Departamento.<\/p>\n<p style=\"text-align: justify;\"><strong>Art\u00edculo 3\u00b0:<\/strong> Autorizar al Departamento Ejecutivo, a realizar los convenios correspondientes para la utilizaci\u00f3n del terreno disponible, ubicado en la Plaza del B\u00b0 Independencia de la Ciudad de Rivadavia, entre calles Mariano G\u00f3mez, Constituci\u00f3n, Alejandro Aguado y Fleming.<\/p>\n<p style=\"text-align: justify;\"><strong>Art\u00edculo 4\u00b0:<\/strong> Comun\u00edquese al Departamento Ejecutivo a sus efectos e ins\u00e9rtese en el Libro de Ordenanzas de este Cuerpo.<\/p>\n<p style=\"text-align: justify;\">Dada en la Sala de Sesiones \u201cBandera Nacional Argentina\u201d del Honorable Concejo\u00a0 Deliberante de Rivadavia, Mendoza, a los 29 d\u00edas del mes de octubre de 2013.<\/p>\n<table>\n<tbody>\n<tr>\n<td style=\"text-align: center;\">ORLANDO JAVIER RODRIGUEZ<\/td>\n<td style=\"text-align: center;\">FLORINDA SEOANE<\/td>\n<\/tr>\n<tr>\n<td style=\"text-align: center;\">SECRETARIO H.C.D.<\/td>\n<td style=\"text-align: center;\">PRESIDENTE H.C.D.<\/td>\n<\/tr>\n<\/tbody>\n<\/table>\n<p style=\"text-align: right;\">Cpde. Expte. N\u00ba 2013-00257-7 H.C.D.<\/p>\n","protected":false},"excerpt":{"rendered":"<p>ORDENANZA N\u00ba4.707 VISTO: La necesidad de crear un Complejo Cultural, orientado de la multiplicidad cultural del Departamento, y CONSIDERANDO: Que, Am\u00e9rica Latina ha sido un territorio hist\u00f3ricamente pleno de valores e identidad cultural propios, que a lo largo de su evoluci\u00f3n ha ido interrelacionando cada espacio de su geograf\u00eda, por medio de su gente y [&hellip;]<\/p>\n","protected":false},"author":1,"featured_media":983,"comment_status":"closed","ping_status":"closed","sticky":false,"template":"","format":"standard","meta":{"_acf_changed":false,"footnotes":""},"categories":[63,64],"tags":[],"class_list":["post-1732","post","type-post","status-publish","format-standard","has-post-thumbnail","hentry","category-ordenanzas","category-ordenanzasanteriores"],"acf":[],"_links":{"self":[{"href":"https:\/\/coworkdigital.com.ar\/hcd\/wp-json\/wp\/v2\/posts\/1732","targetHints":{"allow":["GET"]}}],"collection":[{"href":"https:\/\/coworkdigital.com.ar\/hcd\/wp-json\/wp\/v2\/posts"}],"about":[{"href":"https:\/\/coworkdigital.com.ar\/hcd\/wp-json\/wp\/v2\/types\/post"}],"author":[{"embeddable":true,"href":"https:\/\/coworkdigital.com.ar\/hcd\/wp-json\/wp\/v2\/users\/1"}],"replies":[{"embeddable":true,"href":"https:\/\/coworkdigital.com.ar\/hcd\/wp-json\/wp\/v2\/comments?post=1732"}],"version-history":[{"count":0,"href":"https:\/\/coworkdigital.com.ar\/hcd\/wp-json\/wp\/v2\/posts\/1732\/revisions"}],"wp:featuredmedia":[{"embeddable":true,"href":"https:\/\/coworkdigital.com.ar\/hcd\/wp-json\/wp\/v2\/media\/983"}],"wp:attachment":[{"href":"https:\/\/coworkdigital.com.ar\/hcd\/wp-json\/wp\/v2\/media?parent=1732"}],"wp:term":[{"taxonomy":"category","embeddable":true,"href":"https:\/\/coworkdigital.com.ar\/hcd\/wp-json\/wp\/v2\/categories?post=1732"},{"taxonomy":"post_tag","embeddable":true,"href":"https:\/\/coworkdigital.com.ar\/hcd\/wp-json\/wp\/v2\/tags?post=1732"}],"curies":[{"name":"wp","href":"https:\/\/api.w.org\/{rel}","templated":true}]}}