{"id":1738,"date":"2013-09-10T10:00:35","date_gmt":"2013-09-10T10:00:35","guid":{"rendered":"http:\/\/rd.gov.ar\/wp4\/?p=1738"},"modified":"2013-09-10T10:00:35","modified_gmt":"2013-09-10T10:00:35","slug":"ordenanza-4704-2013","status":"publish","type":"post","link":"https:\/\/coworkdigital.com.ar\/hcd\/ordenanza-4704-2013\/","title":{"rendered":"Ordenanza 4704-2013"},"content":{"rendered":"<p style=\"text-align: center;\"><strong><img fetchpriority=\"high\" decoding=\"async\" class=\"wp-image-1054 aligncenter\" src=\"http:\/\/rd.gov.ar\/wp4\/wp-content\/uploads\/2017\/02\/encabezado-300x60.jpg\" alt=\"\" width=\"669\" height=\"134\" \/><\/strong><\/p>\n<p style=\"text-align: center;\"><strong>ORDENANZA N\u00b0 4.704<\/strong><\/p>\n<p style=\"text-align: justify;\"><strong>VISTO:<\/strong><br \/>\nEl Expediente Municipal N\u00ba 2013-12487-6-D, caratulado: \u201cDirecci\u00f3n de Desarrollo Social, solicita Eval\u00fae proyecto de Ordenanza Programa de Reciclado\u201d, y<\/p>\n<p style=\"text-align: justify;\"><strong>CONSIDERANDO:<\/strong><br \/>\nQue\u00a0 la Municipalidad de Rivadavia en el a\u00f1o 2004 se acredit\u00f3 como titular de la Red Argentina de Comunidades Saludables.<br \/>\nQue contin\u00faa la realizaci\u00f3n de actividades de promoci\u00f3n de salud para generar entornos saludables fomentando la generaci\u00f3n de proyectos desde las entidades intermedias.<br \/>\nQue los ni\u00f1os, ni\u00f1as y adolescentes son presente no futuro.<br \/>\nQue la Ley N\u00ba 26.061 de Protecci\u00f3n Integral de los Derechos de los ni\u00f1os\/ni\u00f1as y adolescentes establece: \u201celaboraci\u00f3n de pol\u00edticas p\u00fablicas\u201d y \u201cresponsabilidad Gubernamental\u201d para garantizar el ejercicio de los derechos; debe mantener siempre presente el inter\u00e9s superior de los ni\u00f1os\/ni\u00f1as y adolescentes como sujeto de derecho. (T\u00edtulo I \u2013 Disposiciones Generales- Arts. 4\u00ba y 5\u00ba).<br \/>\nQue el Estado Municipal ha asumido la responsabilidad de formular y ejecutar pol\u00edticas p\u00fablicas, con la participaci\u00f3n de otras instituciones y organizaciones de la sociedad civil destinadas a los ni\u00f1os, ni\u00f1as y adolescentes del Departamento.<br \/>\nQue desde el \u00c1rea de Desarrollo Social y Salud, se crea un espacio que jerarquiza las acciones para garantizar los derechos, \u201cCentro de Coordinaci\u00f3n d e Pol\u00edticas P\u00fablicas\u201d, cuya misi\u00f3n es fortalecer las redes locales, no superponer acciones, optimizar recursos.<br \/>\nQue desde hace m\u00e1s de diez a\u00f1os se viene ejecutando el \u201cPrograma Municipal de Promoci\u00f3n y Protecci\u00f3n de Derechos\u201d, cuyo objetivo es contribuir a mejorar la calidad de vida de los ni\u00f1os\/as y adolescentes del Departamento, generando su participaci\u00f3n e inclusi\u00f3n en tareas coordinadas con organizaciones de la comunidad u otros efectores p\u00fablicos, garantizando el respeto y el ejercicio de los derechos, que acorten la distancia entre lo que establece la ley y la realidad.<br \/>\nQue en 1995 se sanciona la Ley Provincial N\u00ba 6.354 de Protecci\u00f3n Integral del Ni\u00f1o y Adolescente que invitaba a los municipios a la creaci\u00f3n de los Consejos departamentales de Ni\u00f1ez y Adolescencia. Se concret\u00f3 por Ordenanza N\u00ba 3.428\/96.<br \/>\nQue diez a\u00f1os despu\u00e9s, el Congreso Nacional sanciona la Ley N\u00ba 26.061 que establece un marco afirmativo unificado. Esta norma hace que se modifique la Ordenanza de 1996 a trav\u00e9s de la Ordenanza N\u00ba 4.467\/2009 estableciendo la creaci\u00f3n del CONSEJO DEPARTAMENTAL DE LA INFANCIA Y ADOLESCENCIA.<br \/>\nQue el equipo de Ni\u00f1ez del \u00c1rea de Desarrollo Social, ha impulsado la constituci\u00f3n del Consejo en las escuelas primarias mediante talleres recreativos en los cuales se tuvo en cuenta la propuesta de los ni\u00f1os, se realizaron encuentros donde el tema fue la participaci\u00f3n, derechos y responsabilidades, actividades deportivas, cuidado de la salud y el medio ambiente, etc.<br \/>\nQue en las escuelas secundarias se impuls\u00f3 el fortalecimiento y\/o la creaci\u00f3n de los Centros de Estudiantes, realizando actividades con los equipos t\u00e9cnicos de las escuelas. A propuesta de los delegados de los cursos se realizaron talleres de formaci\u00f3n sobre el cuidado del medio ambiente, prevenci\u00f3n y promoci\u00f3n de la salud sexual y reproductiva, adicciones, derecho de libre asociaci\u00f3n. De estos encuentros surgi\u00f3 la Asociaci\u00f3n de Centros de Estudiantes de Rivadavia.<br \/>\nQue de las propuestas sugeridas por alumnos\/as de 7 a 12 a\u00f1os, miembros de Consejo surgen como com\u00fan: \u201cReciclado de botellas y bolsas. Recolecci\u00f3n de pl\u00e1sticos. Cuidar el medio ambiente promoviendo la forestaci\u00f3n y no contaminando el agua, colocar juegos y limpiar plazas, realizar talleres o tardes de lectura\u201d.<br \/>\nQue a partir de las propuestas que realizaron los ni\u00f1os, ni\u00f1as y adolescentes del Departamento, se impulsa el PROGRAMA DE RECICLADO: es necesario ver a los residuos, no solamente como basura, sino como recurso aprovechable.<br \/>\nQue el objetivo del Programa es agregar una mirada ecologista y social al problema de la basura; orientar valores y comportamientos colectivos hacia objetivos de sustentabilidad ecol\u00f3gica y equidad social. Concientizar sobre la importancia del medio ambiente y la promoci\u00f3n de emprendimientos sociales.<br \/>\nLograr la participaci\u00f3n de las instituciones educativas que contribuyan a una comunidad saludable.<br \/>\nIncentivar a la participaci\u00f3n de los ni\u00f1os\/as y adolescentes como sujetos de derechos sociales, pol\u00edticos, culturales y de solidaridad a trav\u00e9s de la defensa de los espacios p\u00fablicos.<br \/>\nQue el Programa comenzar\u00eda en las escuelas del Departamento, impulsando una campa\u00f1a de recolecci\u00f3n de botellas pl\u00e1sticas (PET), metal, papel, tetra, cart\u00f3n y otros, con el prop\u00f3sito de brindar la mater\u00eda prima para emprendimientos de reciclado.<br \/>\nQue se coordinar\u00e1 con los directivos de las escuelas mediante convenio el proceso de recolecci\u00f3n, clasificaci\u00f3n, reducci\u00f3n y destino final de residuos reciclables. Quienes recibir\u00e1n una retribuci\u00f3n en car\u00e1cter de premio que ser\u00e1 destinado a proyectos y\/o programas de estudio \u2013 solidarios aprobados por consejo de ni\u00f1os y centros de estudiantes.<br \/>\nQue los bolsones ser\u00e1n recolectados por la Direcci\u00f3n de Servicios P\u00fablicos y ser\u00e1n depositados en un PUNTO VERDE.<\/p>\n<p style=\"text-align: justify;\"><strong>POR ELLO:<\/strong><br \/>\nEl Honorable Concejo Deliberante de Rivadavia, Mendoza, y en uso de sus facultades:<\/p>\n<p style=\"text-align: center;\"><strong>ORDENA<\/strong><\/p>\n<p style=\"text-align: justify;\"><strong>Art\u00edculo 1\u00ba:<\/strong> Autor\u00edcese al Departamento Ejecutivo a implementar el Programa de Reciclado en las\u00a0 escuelas.<\/p>\n<p style=\"text-align: justify;\"><strong>Art\u00edculo 2\u00ba:<\/strong> Autor\u00edcese al Departamento Ejecutivo a pagar una retribuci\u00f3n en car\u00e1cter de premio a las escuelas de hasta un 100% m\u00e1s de lo que pagar los acopiadores por cada kilo de material por reciclar.<\/p>\n<p style=\"text-align: justify;\"><strong>Art\u00edculo 3\u00ba:<\/strong> Autor\u00edcese al Departamento Ejecutivo a vender los materiales recolectados a los acopiadores que tengan mejor precio de compra en el mercado.<\/p>\n<p style=\"text-align: justify;\"><strong>Art\u00edculo 4\u00ba:<\/strong> Comun\u00edquese al Departamento Ejecutivo, a sus efectos e ins\u00e9rtese en el Libro de Ordenanzas de este Cuerpo.<\/p>\n<p style=\"text-align: justify;\">Dada en la Sala de Sesiones \u201cBandera Nacional Argentina\u201d del Honorable Concejo Deliberante de Rivadavia, Mendoza, a los 10 d\u00edas del mes de setiembre de 2013.<\/p>\n<table>\n<tbody>\n<tr>\n<td style=\"text-align: center;\">ORLANDO JAVIER RODRIGUEZ<\/td>\n<td style=\"text-align: center;\">FLORINDA SEOANE<\/td>\n<\/tr>\n<tr>\n<td style=\"text-align: center;\">SECRETARIO H.C.D.<\/td>\n<td style=\"text-align: center;\">PRESIDENTE H.C.D.<\/td>\n<\/tr>\n<\/tbody>\n<\/table>\n<p style=\"text-align: right;\">Cpde. Expte. N\u00ba 2013-00213-0 H.C.D<br \/>\nN\u00ba2013-12487-6 D.E.<\/p>\n","protected":false},"excerpt":{"rendered":"<p>ORDENANZA N\u00b0 4.704 VISTO: El Expediente Municipal N\u00ba 2013-12487-6-D, caratulado: \u201cDirecci\u00f3n de Desarrollo Social, solicita Eval\u00fae proyecto de Ordenanza Programa de Reciclado\u201d, y CONSIDERANDO: Que\u00a0 la Municipalidad de Rivadavia en el a\u00f1o 2004 se acredit\u00f3 como titular de la Red Argentina de Comunidades Saludables. Que contin\u00faa la realizaci\u00f3n de actividades de promoci\u00f3n de salud para [&hellip;]<\/p>\n","protected":false},"author":1,"featured_media":983,"comment_status":"closed","ping_status":"closed","sticky":false,"template":"","format":"standard","meta":{"_acf_changed":false,"footnotes":""},"categories":[63,64],"tags":[],"class_list":["post-1738","post","type-post","status-publish","format-standard","has-post-thumbnail","hentry","category-ordenanzas","category-ordenanzasanteriores"],"acf":[],"_links":{"self":[{"href":"https:\/\/coworkdigital.com.ar\/hcd\/wp-json\/wp\/v2\/posts\/1738","targetHints":{"allow":["GET"]}}],"collection":[{"href":"https:\/\/coworkdigital.com.ar\/hcd\/wp-json\/wp\/v2\/posts"}],"about":[{"href":"https:\/\/coworkdigital.com.ar\/hcd\/wp-json\/wp\/v2\/types\/post"}],"author":[{"embeddable":true,"href":"https:\/\/coworkdigital.com.ar\/hcd\/wp-json\/wp\/v2\/users\/1"}],"replies":[{"embeddable":true,"href":"https:\/\/coworkdigital.com.ar\/hcd\/wp-json\/wp\/v2\/comments?post=1738"}],"version-history":[{"count":0,"href":"https:\/\/coworkdigital.com.ar\/hcd\/wp-json\/wp\/v2\/posts\/1738\/revisions"}],"wp:featuredmedia":[{"embeddable":true,"href":"https:\/\/coworkdigital.com.ar\/hcd\/wp-json\/wp\/v2\/media\/983"}],"wp:attachment":[{"href":"https:\/\/coworkdigital.com.ar\/hcd\/wp-json\/wp\/v2\/media?parent=1738"}],"wp:term":[{"taxonomy":"category","embeddable":true,"href":"https:\/\/coworkdigital.com.ar\/hcd\/wp-json\/wp\/v2\/categories?post=1738"},{"taxonomy":"post_tag","embeddable":true,"href":"https:\/\/coworkdigital.com.ar\/hcd\/wp-json\/wp\/v2\/tags?post=1738"}],"curies":[{"name":"wp","href":"https:\/\/api.w.org\/{rel}","templated":true}]}}