{"id":1763,"date":"2013-05-28T14:46:31","date_gmt":"2013-05-28T14:46:31","guid":{"rendered":"http:\/\/rd.gov.ar\/wp4\/?p=1763"},"modified":"2013-05-28T14:46:31","modified_gmt":"2013-05-28T14:46:31","slug":"ordenanza-4692-2013","status":"publish","type":"post","link":"https:\/\/coworkdigital.com.ar\/hcd\/ordenanza-4692-2013\/","title":{"rendered":"Ordenanza 4692-2013"},"content":{"rendered":"<p style=\"text-align: center;\"><strong><img fetchpriority=\"high\" decoding=\"async\" class=\"wp-image-1054 aligncenter\" src=\"http:\/\/rd.gov.ar\/wp4\/wp-content\/uploads\/2017\/02\/encabezado-300x60.jpg\" alt=\"\" width=\"669\" height=\"134\" \/><\/strong><\/p>\n<p style=\"text-align: center;\"><strong>ORDENANZA N\u00ba4.692<\/strong><\/p>\n<p style=\"text-align: justify;\"><strong>VISTO:<\/strong><br \/>\nEl Expediente Municipal N\u00ba 2013-03353 y acumulados en los que, un grupo de vecinos solicita la revisi\u00f3n de la Ordenanza N\u00ba 4.559, y<\/p>\n<p style=\"text-align: justify;\"><strong>CONSIDERANDO:<\/strong><br \/>\nQue, la Ordenanza N\u00ba 4.559 incorpora al ejido urbano a la Calle Col\u00f3n, en el tramo que va desde Calle Cha\u00f1ar\u00a0 y Finca Catena, la que en su mayor\u00eda tiene propiedades cuyos frentes presentan medidas superiores en relaci\u00f3n a los del n\u00facleo convencional.<br \/>\nQue, al ser incorporada en el padr\u00f3n territorial, los vecinos frentistas deben abonar tasas por servicios municipales por metro lineal, tal como se cobra en el radio urbano.<br \/>\nQue, con la vigencia de la Ordenanza N\u00ba 4.559, se incurri\u00f3 en una situaci\u00f3n de injusticia\u00a0 cobrando tasas onerosas a propiedades que no ten\u00edan caracter\u00edsticas residenciales, sino rurales.<br \/>\nQue, adem\u00e1s en la actualidad los servicios prestados\u00a0 en la mencionada calle no se condicen con los prestados en el resto de los barrios de la ciudad y en consecuencia existe una desproporcionalidad en perjuicio para los vecinos frentistas abarcados por la norma citada.<br \/>\nQue, es intenci\u00f3n de este Municipio ser ecu\u00e1nime en el cobro de las tasas en todo el territorio Departamental.<br \/>\nQue, como consecuencia de ello, y a efectos de reconstituir los principios de igualdad, proporcionalidad y justicia, resulta necesario derogar la mencionada norma.<br \/>\nQue, como consecuencia de ello, es necesario condonar la deuda generada por la situaci\u00f3n expuesta y para el caso de aquellos vecinos que acrediten haber efectuado el pago, aplicar lo previsto en el C\u00f3digo Tributario Municipal.<\/p>\n<p style=\"text-align: justify;\"><strong>POR ELLO:<\/strong><br \/>\nEl Honorable Concejo Deliberante de Rivadavia, Mendoza, y en uso de sus facultades:<\/p>\n<p style=\"text-align: center;\"><strong>ORDENA<\/strong><\/p>\n<p style=\"text-align: justify;\"><strong>Art\u00edculo 1\u00ba:<\/strong> Der\u00f3guese la Ordenanza N\u00ba 4.559.<\/p>\n<p style=\"text-align: justify;\"><strong>Art\u00edculo 2\u00ba:<\/strong> Proc\u00e9dase a condonar las deudas de los vecinos frentistas a Calle prolongaci\u00f3n Col\u00f3n entre Cha\u00f1ar y Finca Catena que hubieran generado a causa de la aplicaci\u00f3n de la Ordenanza N\u00ba4.559.<\/p>\n<p style=\"text-align: justify;\"><strong>Art\u00edculo 3\u00ba:<\/strong> En caso de vecinos frentistas que acrediten haber efectuado pagos por concepto de tasas por servicios en cumplimiento de lo dispuesto por la Ordenanza N\u00ba4.559, deber\u00e1 aplicarse lo previsto en el Art\u00edculo 78 y concordantes del C\u00f3digo Tributario Municipal.<\/p>\n<p style=\"text-align: justify;\"><strong>Art\u00edculo 4\u00ba:<\/strong> Comun\u00edquese a los vecinos frentistas de la prolongaci\u00f3n de Calle Col\u00f3n entre Cha\u00f1ar y Finca Catena de la presente Ordenanza.<\/p>\n<p style=\"text-align: justify;\"><strong>Art\u00edculo 5\u00ba:<\/strong> Comun\u00edquese al Departamento Ejecutivo a sus efectos e ins\u00e9rtese en el Libro de Ordenanzas de este Cuerpo.<\/p>\n<p style=\"text-align: justify;\">Dada en la Sala de Sesiones Bandera Nacional Argentina del Honorable Concejo Deliberante de Rivadavia, Mendoza, a los 28 d\u00edas del mes de mayo de 2013.<\/p>\n<table>\n<tbody>\n<tr>\n<td style=\"text-align: center;\">ORLANDO JAVIER RODRIGUEZ<\/td>\n<td style=\"text-align: center;\">FLORINDA SEOANE<\/td>\n<\/tr>\n<tr>\n<td style=\"text-align: center;\">SECRETARIO H.C.D.<\/td>\n<td style=\"text-align: center;\">PRESIDENTE H.C.D.<\/td>\n<\/tr>\n<\/tbody>\n<\/table>\n<p style=\"text-align: right;\">Cpde. Expte. N\u00ba 2013-00023-3 H.C.D.<br \/>\nN\u00ba2013-03353-1 D.E.<br \/>\nN\u00ba2010-17446-0 D.E.<br \/>\nN\u00ba2010-00533-4 D.E.<br \/>\nN\u00ba2010-16759-7 D.E.<br \/>\nN\u00ba2009-05971-4 D.E.<br \/>\nN\u00ba2012-02362-4 D.E.<\/p>\n","protected":false},"excerpt":{"rendered":"<p>ORDENANZA N\u00ba4.692 VISTO: El Expediente Municipal N\u00ba 2013-03353 y acumulados en los que, un grupo de vecinos solicita la revisi\u00f3n de la Ordenanza N\u00ba 4.559, y CONSIDERANDO: Que, la Ordenanza N\u00ba 4.559 incorpora al ejido urbano a la Calle Col\u00f3n, en el tramo que va desde Calle Cha\u00f1ar\u00a0 y Finca Catena, la que en su [&hellip;]<\/p>\n","protected":false},"author":1,"featured_media":983,"comment_status":"closed","ping_status":"closed","sticky":false,"template":"","format":"standard","meta":{"_acf_changed":false,"footnotes":""},"categories":[63,64],"tags":[],"class_list":["post-1763","post","type-post","status-publish","format-standard","has-post-thumbnail","hentry","category-ordenanzas","category-ordenanzasanteriores"],"acf":[],"_links":{"self":[{"href":"https:\/\/coworkdigital.com.ar\/hcd\/wp-json\/wp\/v2\/posts\/1763","targetHints":{"allow":["GET"]}}],"collection":[{"href":"https:\/\/coworkdigital.com.ar\/hcd\/wp-json\/wp\/v2\/posts"}],"about":[{"href":"https:\/\/coworkdigital.com.ar\/hcd\/wp-json\/wp\/v2\/types\/post"}],"author":[{"embeddable":true,"href":"https:\/\/coworkdigital.com.ar\/hcd\/wp-json\/wp\/v2\/users\/1"}],"replies":[{"embeddable":true,"href":"https:\/\/coworkdigital.com.ar\/hcd\/wp-json\/wp\/v2\/comments?post=1763"}],"version-history":[{"count":0,"href":"https:\/\/coworkdigital.com.ar\/hcd\/wp-json\/wp\/v2\/posts\/1763\/revisions"}],"wp:featuredmedia":[{"embeddable":true,"href":"https:\/\/coworkdigital.com.ar\/hcd\/wp-json\/wp\/v2\/media\/983"}],"wp:attachment":[{"href":"https:\/\/coworkdigital.com.ar\/hcd\/wp-json\/wp\/v2\/media?parent=1763"}],"wp:term":[{"taxonomy":"category","embeddable":true,"href":"https:\/\/coworkdigital.com.ar\/hcd\/wp-json\/wp\/v2\/categories?post=1763"},{"taxonomy":"post_tag","embeddable":true,"href":"https:\/\/coworkdigital.com.ar\/hcd\/wp-json\/wp\/v2\/tags?post=1763"}],"curies":[{"name":"wp","href":"https:\/\/api.w.org\/{rel}","templated":true}]}}