{"id":1825,"date":"2012-11-21T09:20:10","date_gmt":"2012-11-21T09:20:10","guid":{"rendered":"http:\/\/rd.gov.ar\/wp4\/?p=1825"},"modified":"2012-11-21T09:20:10","modified_gmt":"2012-11-21T09:20:10","slug":"ordenanza-4661-2012","status":"publish","type":"post","link":"https:\/\/coworkdigital.com.ar\/hcd\/ordenanza-4661-2012\/","title":{"rendered":"Ordenanza 4661-2012"},"content":{"rendered":"<p style=\"text-align: center;\"><strong><img fetchpriority=\"high\" decoding=\"async\" class=\"wp-image-1054 aligncenter\" src=\"http:\/\/rd.gov.ar\/wp4\/wp-content\/uploads\/2017\/02\/encabezado-300x60.jpg\" alt=\"\" width=\"669\" height=\"134\" \/><\/strong><\/p>\n<p style=\"text-align: center;\"><strong>ORDENANZA N\u00ba4661<\/strong><\/p>\n<p style=\"text-align: justify;\"><strong>VISTO:<\/strong><br \/>\nLa necesidad de proteger, conservar y acrecentar todos aquellos bienes que conforman el Patrimonio Cultural de nuestro Departamento, y<\/p>\n<p style=\"text-align: justify;\"><strong>CONSIDERANDO:<\/strong><br \/>\nQue este Concejo Deliberante sancion\u00f3 la Ordenanza N\u00ba 3.880, (el 29 de noviembre del a\u00f1o 2000), mediante la cual se adhiere en todos sus t\u00e9rminos a las Leyes Provinciales N\u00ba 6.034 y N\u00ba 6.133 de Patrimonio Cultural de Mendoza, entendiendo que estas piezas legales\u00a0 representan <em>\u201cun gran esfuerzo por dar \u00edmpetu a aquello que los pueblos no pueden olvidar: que en su pasado y su legado hist\u00f3rico, porque los pueblos que olvidan o desconocen su pasado no puedan proyectarse hacia un auspicioso futuro\u2026.\u201d<\/em> Tambi\u00e9n compartimos la filosof\u00eda contenida en la definici\u00f3n de Patrimonio Cultural elaborada por la Conferencia Mundial de la UNESCO (celebrada en M\u00e9xico en 1982) que dice: <em>\u201cEl Patrimonio Cultural de un pueblo comprende las obras de sus artistas, arquitectos, m\u00fasicos, escritores y sabios, as\u00ed como las creaciones an\u00f3nimas sugeridas del alma popular, y el conjunto de valores que han sentido con la vida, es decir, las obras materiales y no materiales que expresan la creatividad de ese pueblo, la lengua, los ritos, las creencias, los lugares, monumentos hist\u00f3ricos, la literatura, las obras de arte, los archivos y bibliotecas\u201d<\/em>.<br \/>\nQue es propicio que este Departamento Deliberativo se manifieste a favor de la protecci\u00f3n, conservaci\u00f3n y acrecentamiento de todos aquellos bienes que conforman el Patrimonio Cultural de Rivadavia, en particular, en este caso de la Banda Municipal de M\u00fasica \u201cBlas Blotta\u201d. (Acerca de la misma, se agregar\u00e1 una pormenorizada historia en el Anexo).<\/p>\n<p style=\"text-align: justify;\"><strong>POR ELLO:<\/strong><br \/>\nEl Concejo Deliberante de Rivadavia, Mendoza, y en uso de sus facultades:<\/p>\n<p style=\"text-align: center;\"><strong>ORDENA<\/strong><\/p>\n<p style=\"text-align: justify;\"><strong>Art\u00edculo 1\u00ba:<\/strong> Declarar Patrimonio Cultural del Departamento de Rivadavia, a la Banda Municipal de M\u00fasica \u201cBlas Blotta\u201d.<\/p>\n<p style=\"text-align: justify;\"><strong>Art\u00edculo 2\u00ba:<\/strong> Rem\u00edtase copia de la presente pieza legal y del anexo que la acompa\u00f1a, a la Direcci\u00f3n de Patrimonio Cultural de la Provincia, a los efectos de que ese Organismo eval\u00fae la pertinencia de declarar a la Banda Municipal de M\u00fasica \u201cBlas Blotta\u201d, Patrimonio Cultural de la Provincia de Mendoza.<\/p>\n<p style=\"text-align: justify;\"><strong>Art\u00edculo 3\u00ba:<\/strong> Comun\u00edquese al Departamento Ejecutivo a sus efectos e ins\u00e9rtese en el Libro de Ordenanzas de este Cuerpo.<\/p>\n<p style=\"text-align: justify;\">Dada en la Sala de Sesiones Bandera Nacional Argentina del Concejo Deliberante de Rivadavia, Mendoza, a los 21 d\u00edas del mes de noviembre de 2012.<\/p>\n<table>\n<tbody>\n<tr>\n<td style=\"text-align: center;\">JAVIER RODR\u00cdGUEZ<\/td>\n<td style=\"text-align: center;\">JUAN CARLOS AG\u00dcERO<\/td>\n<\/tr>\n<tr>\n<td style=\"text-align: center;\">SECRETARIO H.C.D.<\/td>\n<td style=\"text-align: center;\">VICEPRESIDENTE\u00a0 1\u00ba C.D.<br \/>\nA\/C PRESIDENCIA C.D.<\/td>\n<\/tr>\n<\/tbody>\n<\/table>\n<p style=\"text-align: right;\">Cpde. Expte. N\u00ba 2012-00316-2 C.D.<\/p>\n","protected":false},"excerpt":{"rendered":"<p>ORDENANZA N\u00ba4661 VISTO: La necesidad de proteger, conservar y acrecentar todos aquellos bienes que conforman el Patrimonio Cultural de nuestro Departamento, y CONSIDERANDO: Que este Concejo Deliberante sancion\u00f3 la Ordenanza N\u00ba 3.880, (el 29 de noviembre del a\u00f1o 2000), mediante la cual se adhiere en todos sus t\u00e9rminos a las Leyes Provinciales N\u00ba 6.034 y [&hellip;]<\/p>\n","protected":false},"author":1,"featured_media":983,"comment_status":"closed","ping_status":"closed","sticky":false,"template":"","format":"standard","meta":{"_acf_changed":false,"footnotes":""},"categories":[63,64],"tags":[],"class_list":["post-1825","post","type-post","status-publish","format-standard","has-post-thumbnail","hentry","category-ordenanzas","category-ordenanzasanteriores"],"acf":[],"_links":{"self":[{"href":"https:\/\/coworkdigital.com.ar\/hcd\/wp-json\/wp\/v2\/posts\/1825","targetHints":{"allow":["GET"]}}],"collection":[{"href":"https:\/\/coworkdigital.com.ar\/hcd\/wp-json\/wp\/v2\/posts"}],"about":[{"href":"https:\/\/coworkdigital.com.ar\/hcd\/wp-json\/wp\/v2\/types\/post"}],"author":[{"embeddable":true,"href":"https:\/\/coworkdigital.com.ar\/hcd\/wp-json\/wp\/v2\/users\/1"}],"replies":[{"embeddable":true,"href":"https:\/\/coworkdigital.com.ar\/hcd\/wp-json\/wp\/v2\/comments?post=1825"}],"version-history":[{"count":0,"href":"https:\/\/coworkdigital.com.ar\/hcd\/wp-json\/wp\/v2\/posts\/1825\/revisions"}],"wp:featuredmedia":[{"embeddable":true,"href":"https:\/\/coworkdigital.com.ar\/hcd\/wp-json\/wp\/v2\/media\/983"}],"wp:attachment":[{"href":"https:\/\/coworkdigital.com.ar\/hcd\/wp-json\/wp\/v2\/media?parent=1825"}],"wp:term":[{"taxonomy":"category","embeddable":true,"href":"https:\/\/coworkdigital.com.ar\/hcd\/wp-json\/wp\/v2\/categories?post=1825"},{"taxonomy":"post_tag","embeddable":true,"href":"https:\/\/coworkdigital.com.ar\/hcd\/wp-json\/wp\/v2\/tags?post=1825"}],"curies":[{"name":"wp","href":"https:\/\/api.w.org\/{rel}","templated":true}]}}