{"id":1833,"date":"2012-11-06T12:20:33","date_gmt":"2012-11-06T12:20:33","guid":{"rendered":"http:\/\/rd.gov.ar\/wp4\/?p=1833"},"modified":"2012-11-06T12:20:33","modified_gmt":"2012-11-06T12:20:33","slug":"ordenanza-4656-2012","status":"publish","type":"post","link":"https:\/\/coworkdigital.com.ar\/hcd\/ordenanza-4656-2012\/","title":{"rendered":"Ordenanza 4656-2012"},"content":{"rendered":"<p style=\"text-align: center;\"><strong><img fetchpriority=\"high\" decoding=\"async\" class=\"wp-image-1054 aligncenter\" src=\"http:\/\/rd.gov.ar\/wp4\/wp-content\/uploads\/2017\/02\/encabezado-300x60.jpg\" alt=\"\" width=\"669\" height=\"134\" \/><\/strong><\/p>\n<p style=\"text-align: center;\"><strong>ORDENANZA N\u00ba4.656<\/strong><\/p>\n<p style=\"text-align: justify;\"><strong>VISTO:<\/strong><br \/>\nEl Expediente N\u00ba2011-00119-1, referido vecinos del Distrito La Reducci\u00f3n, solicitan se nomine B\u00ba DON ROBERTO BERLO\u00ccN y adem\u00e1s que se nombre su calle principal JES\u00daS CARRERA, y<\/p>\n<p style=\"text-align: justify;\"><strong>CONSIDERANDO:<\/strong><br \/>\nQue analizado el pedido de los Vecinos del Distrito La Reducci\u00f3n, de este Departamento, donde fundamentan la necesidad de nominar al Barrio, con el nombre de Don Roberto Berlo\u00edn y a su calle principal Don Jes\u00fas Cabrera.<br \/>\nQue el principal fundamento por el cual los vecinos solicitan este pedido es la valiosa labor del Licenciado Roberto Berlo\u00edn con la Comunidad, el cual\u00a0 ejerci\u00f3 en su actividad docente como profesor en establecimientos secundarios, terciarios y universitarios; entre otras actividades: fue Presidente del Club Atl\u00e9tico Rivadavia, Miembro de la Comisi\u00f3n de Defensa Civil, miembro de la Comisi\u00f3n Pro Construcci\u00f3n del Centro Integral de Educaci\u00f3n\u00a0 Media de Rivadavia; en la Actividad Pol\u00edtica: fue Concejal, Legislador Provincial, Candidato a Intendente por la U.C.R., destacado ciudadano que en el a\u00f1o 1987 con gran generosidad don\u00f3 con fondos provenientes de su dieta de legislador el terreno de dos hect\u00e1reas, ubicadas frente a Calle Centenario en el cual hoy, 40 familias poseen un hogar digno y propio (Cooperativa de Vivienda Centenario Sur Ltda.).<br \/>\nQue en su actividad pol\u00edtica tuvo una profusa labor legislativa destac\u00e1ndose entre sus proyectos como legislador, \u2026 La ley de pavimentaci\u00f3n Ruta El Mirador (Rivadavia) \u2013 El 23 (Santa Rosa) y de la variante Florida \u2013 La Bandera a Guillermo Cano \u2013 Justo Estrada; Ley de Construcci\u00f3n de Edificio para escuela Miguel Escorihuela Gasc\u00f3n (Andrade); Proyecto de Ley Plan de reconstrucci\u00f3n y funcionamiento del sistema de desag\u00fce de la Provincia para la recuperaci\u00f3n de los suelos afectados por\u00a0 revenici\u00f3n; Proyecto de Ley para aprobar Plan de Defensa aluvional del R\u00edo Tunuy\u00e1n Inferior; Ley de construcci\u00f3n del edificio escolar \u201cAlfonso Do\u00f1a Del R\u00edo\u201d; Ley de construcci\u00f3n del edificio escolar Juan H. Vieytes (Los Campamentos); Ley de expropiaci\u00f3n de terrenos a Gargantini SAIC en quiebra, donde se encuentra el Club Gargantini y la Capilla Virgen de los Olivos; Proyecto de titularizaci\u00f3n de Docentes Provinciales y modificaci\u00f3n del estatuto docente; Proyecto de Ley para la creaci\u00f3n del Instituto de perfeccionamiento docente; Ley de remodelaci\u00f3n y ampliaci\u00f3n del edificio escolar \u201cHeriberto Baeza (Los Campamentos)\u201d; Ley por donaci\u00f3n de terrenos para construcci\u00f3n de la \u201cEscuela Nacional de Comercio Mario Casale\u201d; Ley para refacci\u00f3n de edificio escolar \u201cBernardino Rivadavia\u201d; Declaraci\u00f3n de Inter\u00e9s Provincial del Primer Encuentro Nacional de Estudiantes Terciarios realizado en Rivadavia; Ley para el aprovechamiento de los Recursos Forestales del Estado Provincial; Declaraci\u00f3n solicitando al B.H.N. la entrega inmediata de viviendas a los propietarios del B\u00ba Mutul Cuyo, el cual se dio cumplimiento.<br \/>\nQue siempre este ciudadano se preocup\u00f3 por el bienestar de las familias del Distrito La Reducci\u00f3n y de todo el Departamento de Rivadavia.<br \/>\nQue adem\u00e1s cabe en esta solicitud, el nombramiento de la calle principal de este barrio como Don Jes\u00fas Carrera, vecino del Distrito La Reducci\u00f3n quien siempre fue un gran colaborador de esta comunidad.<\/p>\n<p style=\"text-align: justify;\"><strong>POR ELLO:<\/strong><br \/>\nEl Concejo Deliberante de Rivadavia, Mendoza, y en uso de sus facultades:<\/p>\n<p style=\"text-align: center;\"><strong>ORDENA<\/strong><\/p>\n<p style=\"text-align: justify;\"><strong>Art\u00edculo 1\u00ba:<\/strong> Nom\u00ednese con el nombre de Barrio <strong>DON ROBERTO BERLO\u00cdN<\/strong>, al Barrio ubicado en el Distrito La Reducci\u00f3n.<\/p>\n<p style=\"text-align: justify;\"><strong>Art\u00edculo 2\u00ba:<\/strong> Nom\u00ednese con el nombre de Calle <strong>DON JES\u00daS CARRERA<\/strong>, a la calle principal del citado barrio.<\/p>\n<p style=\"text-align: justify;\"><strong>Art\u00edculo 3\u00ba:<\/strong> Por Secretar\u00eda de este Cuerpo, rem\u00edtase copia de la presente a los vecinos del barrio citado, y a la Comisi\u00f3n de la Coopertativa de Vivienda Centenario Sur, del Distrito La Reducci\u00f3n.<\/p>\n<p style=\"text-align: justify;\"><strong>Art\u00edculo 4\u00ba:<\/strong> Comun\u00edquese al Departamento Ejecutivo a sus efectos e ins\u00e9rtese en el Libro de Ordenanzas de este Cuerpo.<\/p>\n<p style=\"text-align: justify;\">Dada en la Sala de Sesiones Bandera Nacional Argentina del Concejo Deliberante de Rivadavia, Mendoza, a los 06 d\u00edas del mes de noviembre de 2012.<\/p>\n<table>\n<tbody>\n<tr>\n<td style=\"text-align: center;\">JAVIER RODR\u00cdGUEZ<\/td>\n<td style=\"text-align: center;\">JUAN CARLOS AG\u00dcERO<\/td>\n<\/tr>\n<tr>\n<td style=\"text-align: center;\">SECRETARIO H.C.D.<\/td>\n<td style=\"text-align: center;\">A\/C\u00a0 PRESIDENCIA\u00a0 C.D.<\/td>\n<\/tr>\n<\/tbody>\n<\/table>\n<p style=\"text-align: right;\">Cpde. Expte. N\u00ba 2011-00119-1 C.D.<\/p>\n","protected":false},"excerpt":{"rendered":"<p>ORDENANZA N\u00ba4.656 VISTO: El Expediente N\u00ba2011-00119-1, referido vecinos del Distrito La Reducci\u00f3n, solicitan se nomine B\u00ba DON ROBERTO BERLO\u00ccN y adem\u00e1s que se nombre su calle principal JES\u00daS CARRERA, y CONSIDERANDO: Que analizado el pedido de los Vecinos del Distrito La Reducci\u00f3n, de este Departamento, donde fundamentan la necesidad de nominar al Barrio, con el [&hellip;]<\/p>\n","protected":false},"author":1,"featured_media":983,"comment_status":"closed","ping_status":"closed","sticky":false,"template":"","format":"standard","meta":{"_acf_changed":false,"footnotes":""},"categories":[63,64],"tags":[],"class_list":["post-1833","post","type-post","status-publish","format-standard","has-post-thumbnail","hentry","category-ordenanzas","category-ordenanzasanteriores"],"acf":[],"_links":{"self":[{"href":"https:\/\/coworkdigital.com.ar\/hcd\/wp-json\/wp\/v2\/posts\/1833","targetHints":{"allow":["GET"]}}],"collection":[{"href":"https:\/\/coworkdigital.com.ar\/hcd\/wp-json\/wp\/v2\/posts"}],"about":[{"href":"https:\/\/coworkdigital.com.ar\/hcd\/wp-json\/wp\/v2\/types\/post"}],"author":[{"embeddable":true,"href":"https:\/\/coworkdigital.com.ar\/hcd\/wp-json\/wp\/v2\/users\/1"}],"replies":[{"embeddable":true,"href":"https:\/\/coworkdigital.com.ar\/hcd\/wp-json\/wp\/v2\/comments?post=1833"}],"version-history":[{"count":0,"href":"https:\/\/coworkdigital.com.ar\/hcd\/wp-json\/wp\/v2\/posts\/1833\/revisions"}],"wp:featuredmedia":[{"embeddable":true,"href":"https:\/\/coworkdigital.com.ar\/hcd\/wp-json\/wp\/v2\/media\/983"}],"wp:attachment":[{"href":"https:\/\/coworkdigital.com.ar\/hcd\/wp-json\/wp\/v2\/media?parent=1833"}],"wp:term":[{"taxonomy":"category","embeddable":true,"href":"https:\/\/coworkdigital.com.ar\/hcd\/wp-json\/wp\/v2\/categories?post=1833"},{"taxonomy":"post_tag","embeddable":true,"href":"https:\/\/coworkdigital.com.ar\/hcd\/wp-json\/wp\/v2\/tags?post=1833"}],"curies":[{"name":"wp","href":"https:\/\/api.w.org\/{rel}","templated":true}]}}