{"id":1849,"date":"2012-09-18T14:33:45","date_gmt":"2012-09-18T14:33:45","guid":{"rendered":"http:\/\/rd.gov.ar\/wp4\/?p=1849"},"modified":"2012-09-18T14:33:45","modified_gmt":"2012-09-18T14:33:45","slug":"ordenanza-4647-2012","status":"publish","type":"post","link":"https:\/\/coworkdigital.com.ar\/hcd\/ordenanza-4647-2012\/","title":{"rendered":"Ordenanza 4647-2012"},"content":{"rendered":"<p style=\"text-align: center;\"><strong><img fetchpriority=\"high\" decoding=\"async\" class=\"wp-image-1054 aligncenter\" src=\"http:\/\/rd.gov.ar\/wp4\/wp-content\/uploads\/2017\/02\/encabezado-300x60.jpg\" alt=\"\" width=\"669\" height=\"134\" \/><\/strong><\/p>\n<p style=\"text-align: center;\"><strong>ORDENANZA N\u00ba4.647<\/strong><\/p>\n<p style=\"text-align: justify;\"><strong>VISTO:<\/strong><br \/>\nEl Expediente Municipal N\u00ba2012-00419-4-A, por el cual el \u00c1rea de Vivienda eleva pedido adhesi\u00f3n a la Resoluci\u00f3n N\u00ba1491\/2011, solicitado por el Instituto Provincial de la Vivienda, y<\/p>\n<p style=\"text-align: justify;\"><strong>CONSIDERANDO:<\/strong><br \/>\nQue, el Instituto Provincial de la Vivienda (IPV) solicita adherir a la Resoluci\u00f3n N\u00ba1491\/2011 de dicho organismo, la cual dispone que los Municipios podr\u00e1n ser tomadores de cr\u00e9ditos en el marco del Plan de construcci\u00f3n de Viviendas Sociales, Rurales y por Ayuda Mutua, seg\u00fan lo dispuesto en el Art\u00edculo N\u00ba2 de la Ley Provincial N\u00ba8095 y el Programa de Financiamiento de la Vivienda Social, Rural y por Ayuda Mutua, creado por Resoluci\u00f3n N\u00ba1324\/2010 del Honorable Directorio del I.P.V.,\u00a0 la cual este Municipio ya adhiri\u00f3 mediante Ordenanza N\u00ba4579-2011.<\/p>\n<p style=\"text-align: justify;\"><strong>POR ELLO:<\/strong><br \/>\nEl Concejo Deliberante de Rivadavia, Mendoza, y en uso de sus facultades:<\/p>\n<p style=\"text-align: center;\"><strong>ORDENA<\/strong><\/p>\n<p style=\"text-align: justify;\"><strong>Art\u00edculo 1\u00ba:<\/strong> Adherir en todas y cada una de sus partes a la Resoluci\u00f3n N\u00ba1491 del a\u00f1o 2011, emanada por el Instituto Provincial de la Vivienda de la Provincia de Mendoza.<\/p>\n<p style=\"text-align: justify;\"><strong>Art\u00edculo 2\u00ba:<\/strong> Comun\u00edquese al Departamento Ejecutivo a sus efectos e ins\u00e9rtese en el Libro de Ordenanzas de este Cuerpo.<\/p>\n<p style=\"text-align: justify;\">Dada en la Sala de Sesiones Bandera Nacional Argentina del Concejo Deliberante de Rivadavia, Mendoza, a los 18 d\u00edas del mes de setiembre de 2012.<\/p>\n<table>\n<tbody>\n<tr>\n<td style=\"text-align: center;\">JAVIER RODR\u00cdGUEZ<\/td>\n<td style=\"text-align: center;\">JUAN CARLOS AG\u00dcERO<\/td>\n<\/tr>\n<tr>\n<td style=\"text-align: center;\">SECRETARIO C.D.<\/td>\n<td style=\"text-align: center;\">VICE PRESIDENTE 1\u00ba<br \/>\nA\/C PRESIDENCIA\u00a0 C.D.<\/td>\n<\/tr>\n<\/tbody>\n<\/table>\n<p style=\"text-align: right;\">Cpde. Expte. N\u00ba 2012-00233-9 C.D.<br \/>\nN\u00ba2012-00419-4 D.E.<\/p>\n","protected":false},"excerpt":{"rendered":"<p>ORDENANZA N\u00ba4.647 VISTO: El Expediente Municipal N\u00ba2012-00419-4-A, por el cual el \u00c1rea de Vivienda eleva pedido adhesi\u00f3n a la Resoluci\u00f3n N\u00ba1491\/2011, solicitado por el Instituto Provincial de la Vivienda, y CONSIDERANDO: Que, el Instituto Provincial de la Vivienda (IPV) solicita adherir a la Resoluci\u00f3n N\u00ba1491\/2011 de dicho organismo, la cual dispone que los Municipios podr\u00e1n [&hellip;]<\/p>\n","protected":false},"author":1,"featured_media":983,"comment_status":"closed","ping_status":"closed","sticky":false,"template":"","format":"standard","meta":{"_acf_changed":false,"footnotes":""},"categories":[63,64],"tags":[],"class_list":["post-1849","post","type-post","status-publish","format-standard","has-post-thumbnail","hentry","category-ordenanzas","category-ordenanzasanteriores"],"acf":[],"_links":{"self":[{"href":"https:\/\/coworkdigital.com.ar\/hcd\/wp-json\/wp\/v2\/posts\/1849","targetHints":{"allow":["GET"]}}],"collection":[{"href":"https:\/\/coworkdigital.com.ar\/hcd\/wp-json\/wp\/v2\/posts"}],"about":[{"href":"https:\/\/coworkdigital.com.ar\/hcd\/wp-json\/wp\/v2\/types\/post"}],"author":[{"embeddable":true,"href":"https:\/\/coworkdigital.com.ar\/hcd\/wp-json\/wp\/v2\/users\/1"}],"replies":[{"embeddable":true,"href":"https:\/\/coworkdigital.com.ar\/hcd\/wp-json\/wp\/v2\/comments?post=1849"}],"version-history":[{"count":0,"href":"https:\/\/coworkdigital.com.ar\/hcd\/wp-json\/wp\/v2\/posts\/1849\/revisions"}],"wp:featuredmedia":[{"embeddable":true,"href":"https:\/\/coworkdigital.com.ar\/hcd\/wp-json\/wp\/v2\/media\/983"}],"wp:attachment":[{"href":"https:\/\/coworkdigital.com.ar\/hcd\/wp-json\/wp\/v2\/media?parent=1849"}],"wp:term":[{"taxonomy":"category","embeddable":true,"href":"https:\/\/coworkdigital.com.ar\/hcd\/wp-json\/wp\/v2\/categories?post=1849"},{"taxonomy":"post_tag","embeddable":true,"href":"https:\/\/coworkdigital.com.ar\/hcd\/wp-json\/wp\/v2\/tags?post=1849"}],"curies":[{"name":"wp","href":"https:\/\/api.w.org\/{rel}","templated":true}]}}