{"id":1974,"date":"2011-09-06T11:00:08","date_gmt":"2011-09-06T11:00:08","guid":{"rendered":"http:\/\/rd.gov.ar\/wp4\/?p=1974"},"modified":"2011-09-06T11:00:08","modified_gmt":"2011-09-06T11:00:08","slug":"ordenanza-4594-2011","status":"publish","type":"post","link":"https:\/\/coworkdigital.com.ar\/hcd\/ordenanza-4594-2011\/","title":{"rendered":"Ordenanza 4594-2011"},"content":{"rendered":"<p style=\"text-align: center;\"><strong><img fetchpriority=\"high\" decoding=\"async\" class=\"wp-image-1054 aligncenter\" src=\"http:\/\/rd.gov.ar\/wp4\/wp-content\/uploads\/2017\/02\/encabezado-300x60.jpg\" alt=\"\" width=\"669\" height=\"134\" \/><\/strong><\/p>\n<p style=\"text-align: center;\"><strong>ORDENANZA N\u00ba4594<\/strong><\/p>\n<p style=\"text-align: justify;\"><strong>VISTO<\/strong><br \/>\nQue el tramo de la calle Liberal entre las calles Lamadrid y prolongaci\u00f3n de Calle Sargento Cabral o Calle N\u00ba3 del Barrio Inmaculada Concepci\u00f3n, que no poseen el nexo de agua potable, debiendo los frentistas del costado Sur de la calle Liberal tomar agua potable desde la Calle Maza, y<\/p>\n<p style=\"text-align: justify;\"><strong>CONSIDERANDO<br \/>\n<\/strong>Que, actualmente la Calle Liberal se encuentra abierta y librada al uso p\u00fablico, pero legalmente nunca fue donado al Municipio, por parte del Se\u00f1or Antonio Penacchio.<br \/>\nQue, por Ordenanza N\u00ba4258, el d\u00eda 13 de junio de 2006, fue aceptada la donaci\u00f3n de Calle Liberal desde Calle Lamadrid hasta la propiedad del Se\u00f1or Penacchio, hacia el este, por parte de Juan In\u00e9s Rosa y Juan N\u00e9lida Alicia.<br \/>\nQue, para realizar el nexo la calle Liberal debe ser declarada abierta y librada al uso p\u00fablico por parte del Concejo Deliberante, con el objeto de confeccionar el proyecto de dicho nexo para ser presentado a Ay SAM S.A.; para su aprobaci\u00f3n y posterior ejecuci\u00f3n.<\/p>\n<p style=\"text-align: justify;\"><strong>POR ELLO<br \/>\n<\/strong>El Concejo Deliberante de Rivadavia, Mendoza, y en uso de sus facultades:<\/p>\n<p style=\"text-align: center;\"><strong>ORDENA<\/strong><\/p>\n<p style=\"text-align: justify;\"><strong>Art\u00edculo 1\u00ba:<\/strong> Declarese de Utilidad P\u00fablica y sujeto a Expropiaci\u00f3n, abierta y liberada al uso p\u00fablico, una franja de terreno propiedad de Antonio Penacchio ubicada en prolongaci\u00f3n de Calle Liberal, entre Calle Lamadrid y prolongaci\u00f3n Sargento Cabral o Calle N\u00ba1 del Barrio Inmaculada Concepci\u00f3n con una superficie aproximada de 1.340m2.<\/p>\n<p style=\"text-align: justify;\"><strong>Art\u00edculo 2\u00ba:<\/strong> Por la Direcci\u00f3n de Obras Privadas y Planificaci\u00f3n se deber\u00e1 confeccionar el plano respectivo de la superficie exacta a expropiar.<\/p>\n<p style=\"text-align: justify;\"><strong>Art\u00edculo 3\u00ba:<\/strong> Autorizar al Departamento Ejecutivo a elaborar un proyecto de Ley para ser presentado por un Legislador a la Honorable Legislatura, en conformidad con el Art\u00edculo 16\u00ba de la Constituci\u00f3n de Mendoza.<\/p>\n<p style=\"text-align: justify;\"><strong>Art\u00edculo 4\u00ba:<\/strong> La propiedad esta identificada por la siguiente N.C. 10-99-02-0500-669274-0000-7; Padr\u00f3n de Rentas N\u00ba 10\/14955-7 e inscripta en el Registro de la Propiedad bajo el N\u00ba20.007, fs.429, Tomo 49D de Rivadavia.<\/p>\n<p style=\"text-align: justify;\"><strong>Art\u00edculo 5\u00ba:<\/strong> Comun\u00edquese al Departamento Ejecutivo a sus efectos e ins\u00e9rtese en el Libro de Ordenanzas de este Cuerpo.<\/p>\n<p style=\"text-align: justify;\">Dada en la Sala de Sesiones Bandera Nacional Argentina del Concejo Deliberante de Rivadavia, Mendoza, a los 06 d\u00edas del mes de setiembre de 2011.<\/p>\n<table>\n<tbody>\n<tr>\n<td style=\"text-align: center;\">JAVIER RODR\u00cdGUEZ<\/td>\n<td style=\"text-align: center;\">MAURICIO DI C\u00c9SARE<\/td>\n<\/tr>\n<tr>\n<td style=\"text-align: center;\">SECRETARIO C.D.<\/td>\n<td style=\"text-align: center;\">PRESIDENTE C.D.<\/td>\n<\/tr>\n<\/tbody>\n<\/table>\n<p style=\"text-align: right;\">Cpde. Expte. N\u00ba 2011-00227-2 C.D.<br \/>\nN\u00ba2011-09964-1 D.E.<\/p>\n","protected":false},"excerpt":{"rendered":"<p>ORDENANZA N\u00ba4594 VISTO Que el tramo de la calle Liberal entre las calles Lamadrid y prolongaci\u00f3n de Calle Sargento Cabral o Calle N\u00ba3 del Barrio Inmaculada Concepci\u00f3n, que no poseen el nexo de agua potable, debiendo los frentistas del costado Sur de la calle Liberal tomar agua potable desde la Calle Maza, y CONSIDERANDO Que, [&hellip;]<\/p>\n","protected":false},"author":1,"featured_media":983,"comment_status":"closed","ping_status":"closed","sticky":false,"template":"","format":"standard","meta":{"_acf_changed":false,"footnotes":""},"categories":[63,64],"tags":[],"class_list":["post-1974","post","type-post","status-publish","format-standard","has-post-thumbnail","hentry","category-ordenanzas","category-ordenanzasanteriores"],"acf":[],"_links":{"self":[{"href":"https:\/\/coworkdigital.com.ar\/hcd\/wp-json\/wp\/v2\/posts\/1974","targetHints":{"allow":["GET"]}}],"collection":[{"href":"https:\/\/coworkdigital.com.ar\/hcd\/wp-json\/wp\/v2\/posts"}],"about":[{"href":"https:\/\/coworkdigital.com.ar\/hcd\/wp-json\/wp\/v2\/types\/post"}],"author":[{"embeddable":true,"href":"https:\/\/coworkdigital.com.ar\/hcd\/wp-json\/wp\/v2\/users\/1"}],"replies":[{"embeddable":true,"href":"https:\/\/coworkdigital.com.ar\/hcd\/wp-json\/wp\/v2\/comments?post=1974"}],"version-history":[{"count":0,"href":"https:\/\/coworkdigital.com.ar\/hcd\/wp-json\/wp\/v2\/posts\/1974\/revisions"}],"wp:featuredmedia":[{"embeddable":true,"href":"https:\/\/coworkdigital.com.ar\/hcd\/wp-json\/wp\/v2\/media\/983"}],"wp:attachment":[{"href":"https:\/\/coworkdigital.com.ar\/hcd\/wp-json\/wp\/v2\/media?parent=1974"}],"wp:term":[{"taxonomy":"category","embeddable":true,"href":"https:\/\/coworkdigital.com.ar\/hcd\/wp-json\/wp\/v2\/categories?post=1974"},{"taxonomy":"post_tag","embeddable":true,"href":"https:\/\/coworkdigital.com.ar\/hcd\/wp-json\/wp\/v2\/tags?post=1974"}],"curies":[{"name":"wp","href":"https:\/\/api.w.org\/{rel}","templated":true}]}}