{"id":2066,"date":"2011-04-26T12:20:25","date_gmt":"2011-04-26T12:20:25","guid":{"rendered":"http:\/\/rd.gov.ar\/wp4\/?p=2066"},"modified":"2011-04-26T12:20:25","modified_gmt":"2011-04-26T12:20:25","slug":"ordenanza-4551-2011","status":"publish","type":"post","link":"https:\/\/coworkdigital.com.ar\/hcd\/ordenanza-4551-2011\/","title":{"rendered":"Ordenanza 4551-2011"},"content":{"rendered":"<p style=\"text-align: center;\"><strong><img fetchpriority=\"high\" decoding=\"async\" class=\"wp-image-1054 aligncenter\" src=\"http:\/\/rd.gov.ar\/wp4\/wp-content\/uploads\/2017\/02\/encabezado-300x60.jpg\" alt=\"\" width=\"669\" height=\"134\" \/><\/strong><\/p>\n<p style=\"text-align: center;\"><strong>ORDENANZA N\u00ba4551<\/strong><\/p>\n<p style=\"text-align: justify;\"><strong>VISTO<\/strong><br \/>\nQue el pr\u00f3ximo d\u00eda 30 de abril del corriente mes y a\u00f1o, se inaugura en el Distrito de La Reducci\u00f3n, el Centro de Educaci\u00f3n Municipal, y<\/p>\n<p style=\"text-align: justify;\"><strong>CONSIDERANDO<\/strong><br \/>\nLa importancia de este nuevo Centro de Educaci\u00f3n Municipal, que ha de cumplir a partir de su inauguraci\u00f3n, brindar\u00e1 a los vecinos del Distrito La Reducci\u00f3n especialmente a ni\u00f1os y j\u00f3venes, la oportunidad de contar con una Biblioteca; Jard\u00edn Maternal; Centro de Educaci\u00f3n para Adultos, y contar\u00e1 con un Play\u00f3n Deportivo donde se podr\u00e1 realizar distintas actividades, como as\u00ed tambi\u00e9n un programa Deportivo Municipal.<br \/>\nQue, este nuevo edificio est\u00e1 emplazado en un terreno donado por don Julio Emilio \u201cGaucho\u201d Catena, vecino de este Distrito e hijo de Nicol\u00e1s y Ana Moscetta, familia de una extraordinaria actividad Vitivin\u00edcola,\u00a0 pol\u00edtica y de alto compromiso social al servicio del pueblo de Rivadavia.<br \/>\nDon Emilio, hombre que sobresal\u00eda por su bonhom\u00eda, su generosidad y por gran simpleza, tuvo a su lado a una ejemplar mujer, do\u00f1a Mar\u00eda Esther Ossola con qui\u00e9n trajo al mundo sus seis hijos.<br \/>\nMuy conocido por sus famosos dichos criollos como tambi\u00e9n un exelente jinete por ello de su mote de \u201cgaucho\u201d.<br \/>\nFue un\u00a0 pol\u00edtico de raza que particip\u00f3 en las filas de la Uni\u00f3n C\u00edvica Radical del Pueblo, llegando a ocupar el cargo de Intendente por el departamento de Rivadavia all\u00e1 por el a\u00f1o 1961, y que dej\u00f3 con su vocaci\u00f3n de servicio, un ejemplo de conducta social, cultural y democr\u00e1tica.<br \/>\nQue, este Concejo Deliberante se enorgullese y se complace en nominar con su nombre a este nuevo Centro Cultural Municipal, como as\u00ed tambi\u00e9n de Declararlo de Inter\u00e9s Departamental Socio-Cultural, Educativo y Deportivo.<\/p>\n<p style=\"text-align: justify;\"><strong>POR ELLO<\/strong><br \/>\nEl Concejo Deliberante de Rivadavia, Mendoza, y en uso de sus facultades:<\/p>\n<p style=\"text-align: center;\"><strong>ORDENA<\/strong><\/p>\n<p style=\"text-align: justify;\"><strong>Art\u00edculo 1\u00ba:<\/strong> Nom\u00ednese JULIO EMILIO CATENA, al Centro de Educaci\u00f3n Municipal, ubicado en el Distrito La Reducci\u00f3n.<\/p>\n<p style=\"text-align: justify;\"><strong>Art\u00edculo 2\u00ba:<\/strong> Ordenar al Departamento Ejecutivo Municipal, para que en conjunto con el Concejo Deliberante de Rivadavia, procedan a colocar una Placa recordatoria en el mencionado edificio.<\/p>\n<p style=\"text-align: justify;\"><strong>Art\u00edculo 3\u00ba:<\/strong> Decl\u00e1rese de Inter\u00e9s Socio-Cultural; Educativo y Deportivo Departamental, al Centro de Educaci\u00f3n Municipal.<\/p>\n<p style=\"text-align: justify;\"><strong>Art\u00edculo 4\u00ba:<\/strong> Remitir copia de la presente pieza legal a los familiares de don Julio Emilio Catena, para su conocimiento y dem\u00e1s efectos.<\/p>\n<p style=\"text-align: justify;\"><strong>Art\u00edculo 5\u00ba:<\/strong> Comun\u00edquese al Departamento Ejecutivo a sus efectos e ins\u00e9rtese en el Libro de Ordenanzas de este Cuerpo.<\/p>\n<p style=\"text-align: justify;\">Dada en la Sala de Sesiones Bandera Nacional Argentina del Concejo Deliberante de Rivadavia, Mendoza, a los 26 d\u00edas del mes de abril de 2011.<\/p>\n<table>\n<tbody>\n<tr>\n<td style=\"text-align: center;\">JAVIER RODR\u00cdGUEZ<\/td>\n<td style=\"text-align: center;\">MAURICIO DI C\u00c9SARE<\/td>\n<\/tr>\n<tr>\n<td style=\"text-align: center;\">SECRETARIO C.D.<\/td>\n<td style=\"text-align: center;\">PRESIDENTE C.D.<\/td>\n<\/tr>\n<\/tbody>\n<\/table>\n<p style=\"text-align: right;\">Cpde. Expte. N\u00ba 2011-00095-3 C.D.<\/p>\n","protected":false},"excerpt":{"rendered":"<p>ORDENANZA N\u00ba4551 VISTO Que el pr\u00f3ximo d\u00eda 30 de abril del corriente mes y a\u00f1o, se inaugura en el Distrito de La Reducci\u00f3n, el Centro de Educaci\u00f3n Municipal, y CONSIDERANDO La importancia de este nuevo Centro de Educaci\u00f3n Municipal, que ha de cumplir a partir de su inauguraci\u00f3n, brindar\u00e1 a los vecinos del Distrito La [&hellip;]<\/p>\n","protected":false},"author":1,"featured_media":983,"comment_status":"closed","ping_status":"closed","sticky":false,"template":"","format":"standard","meta":{"_acf_changed":false,"footnotes":""},"categories":[63,64],"tags":[],"class_list":["post-2066","post","type-post","status-publish","format-standard","has-post-thumbnail","hentry","category-ordenanzas","category-ordenanzasanteriores"],"acf":[],"_links":{"self":[{"href":"https:\/\/coworkdigital.com.ar\/hcd\/wp-json\/wp\/v2\/posts\/2066","targetHints":{"allow":["GET"]}}],"collection":[{"href":"https:\/\/coworkdigital.com.ar\/hcd\/wp-json\/wp\/v2\/posts"}],"about":[{"href":"https:\/\/coworkdigital.com.ar\/hcd\/wp-json\/wp\/v2\/types\/post"}],"author":[{"embeddable":true,"href":"https:\/\/coworkdigital.com.ar\/hcd\/wp-json\/wp\/v2\/users\/1"}],"replies":[{"embeddable":true,"href":"https:\/\/coworkdigital.com.ar\/hcd\/wp-json\/wp\/v2\/comments?post=2066"}],"version-history":[{"count":0,"href":"https:\/\/coworkdigital.com.ar\/hcd\/wp-json\/wp\/v2\/posts\/2066\/revisions"}],"wp:featuredmedia":[{"embeddable":true,"href":"https:\/\/coworkdigital.com.ar\/hcd\/wp-json\/wp\/v2\/media\/983"}],"wp:attachment":[{"href":"https:\/\/coworkdigital.com.ar\/hcd\/wp-json\/wp\/v2\/media?parent=2066"}],"wp:term":[{"taxonomy":"category","embeddable":true,"href":"https:\/\/coworkdigital.com.ar\/hcd\/wp-json\/wp\/v2\/categories?post=2066"},{"taxonomy":"post_tag","embeddable":true,"href":"https:\/\/coworkdigital.com.ar\/hcd\/wp-json\/wp\/v2\/tags?post=2066"}],"curies":[{"name":"wp","href":"https:\/\/api.w.org\/{rel}","templated":true}]}}