{"id":2072,"date":"2011-03-22T13:32:52","date_gmt":"2011-03-22T13:32:52","guid":{"rendered":"http:\/\/rd.gov.ar\/wp4\/?p=2072"},"modified":"2011-03-22T13:32:52","modified_gmt":"2011-03-22T13:32:52","slug":"ordenanza-4548-2011","status":"publish","type":"post","link":"https:\/\/coworkdigital.com.ar\/hcd\/ordenanza-4548-2011\/","title":{"rendered":"Ordenanza 4548-2011"},"content":{"rendered":"<p style=\"text-align: center;\"><strong><img fetchpriority=\"high\" decoding=\"async\" class=\"wp-image-1054 aligncenter\" src=\"http:\/\/rd.gov.ar\/wp4\/wp-content\/uploads\/2017\/02\/encabezado-300x60.jpg\" alt=\"\" width=\"669\" height=\"134\" \/><\/strong><\/p>\n<p style=\"text-align: center;\"><strong>ORDENANZA N\u00b0 4548<\/strong><\/p>\n<p style=\"text-align: justify;\"><strong>VISTO:<\/strong><br \/>\nEl Expediente Municipal N\u00ba 2010-05946-3, caratulado Director de Administraci\u00f3n, eleva proyecto de Ordenanza Compra Parcela Cementerio Parque, y<\/p>\n<p style=\"text-align: justify;\"><strong>CONSIDERANDO:<\/strong><br \/>\nQue este Concejo Deliberante con fecha 28 de setiembre de 2010, dio sanci\u00f3n a la Ordenanza N\u00ba 4522\/10, mediante la cual modifica el Art\u00edculo 1\u00ba de la Ordenanza N\u00ba 4356, permitiendo a los empleados municipales, la compra de parcelas del Cementerio Parque de los Recuerdos, en hasta diez cuotas mensuales.<br \/>\nQue ante el informe y requerimiento obrante a fs. 12, el Jefe del \u00c1rea de Cementerio, se\u00f1or Jorge Beneretti, solicita la posibilidad de permitir colocar un tercer resto reducido o incinerado en las parcelas del Cementerio Jard\u00edn Parque de los Recuerdos, y, de acuerdo al informe obrante a fs. 06 en su punto b) enviado por el se\u00f1or Jefe del Departamento de Salud y Medio Ambiente,\u00a0 especifica lo siguiente: <strong>\u201cPor lo tanto ingresar un tercer resto reducido o incinerado en la fosa, s\u00f3lo se podr\u00e1 hacer en cub\u00edculos peque\u00f1os, ubicados en los laterales o extremos de los cajones sin alterar las medidas propuestas de la fosa\u201d<\/strong>.<br \/>\nQue el Jefe de Cementerio fue citado por la Comisi\u00f3n de Legislaci\u00f3n, Peticiones y Poderes, a los efectos de la conveniencia o no del ingreso de un tercer resto, informando que la solicitud no representa ning\u00fan problema y que al contrario ser\u00eda una medida acertada,\u00a0 permitiendo al interesado la posibilidad de realizarlo cuando lo crea conveniente.<\/p>\n<p style=\"text-align: justify;\"><strong>POR ELLO:<\/strong><br \/>\nEl Concejo Deliberante de Rivadavia, Mendoza, y en uso de sus facultades:<\/p>\n<p style=\"text-align: center;\"><strong>ORDENA<\/strong><\/p>\n<p style=\"text-align: justify;\"><strong>Art\u00edculo 1\u00b0:<\/strong> Autorizase al Departamento Ejecutivo Municipal, para que a trav\u00e9s de las \u00c1reas de Cementerio y Contadur\u00eda, se instrumenten los mecanismos necesarios administrativos y acciones necesarias a los efectos de permitir la colocaci\u00f3n de un tercer resto, reducido o incinerado en las Parcelas del Cementerio Jard\u00edn Parque de los Recuerdos, cuando su titular lo solicite.<\/p>\n<p style=\"text-align: justify;\"><strong>Art\u00edculo 2\u00b0:<\/strong> Lo normado en el Art\u00edculo 1\u00ba de la presente, podr\u00e1 ser implementado cuando el interesado lo considere conveniente.<\/p>\n<p style=\"text-align: justify;\"><strong>Art\u00edculo 3\u00b0:<\/strong> Comun\u00edquese al Departamento Ejecutivo a sus efectos e ins\u00e9rtese en el Libro de Ordenanzas de este Cuerpo.<\/p>\n<p style=\"text-align: justify;\">Dada en la Sala de Sesiones Bandera Nacional Argentina del Concejo Deliberante de Rivadavia, Mendoza, a los 22 d\u00edas del mes de marzo de 2011.<\/p>\n<table>\n<tbody>\n<tr>\n<td style=\"text-align: center;\">JAVIER RODR\u00cdGUEZ<\/td>\n<td style=\"text-align: center;\">MAURICIO DI C\u00c9SARE<\/td>\n<\/tr>\n<tr>\n<td style=\"text-align: center;\">SECRETARIO C.D.<\/td>\n<td style=\"text-align: center;\">PRESIDENTE C.D.<\/td>\n<\/tr>\n<\/tbody>\n<\/table>\n<p style=\"text-align: right;\">Cpde. Expte. N\u00ba 2011-00020-1 C.D.<br \/>\n2010-05946-3 D.E.<\/p>\n","protected":false},"excerpt":{"rendered":"<p>ORDENANZA N\u00b0 4548 VISTO: El Expediente Municipal N\u00ba 2010-05946-3, caratulado Director de Administraci\u00f3n, eleva proyecto de Ordenanza Compra Parcela Cementerio Parque, y CONSIDERANDO: Que este Concejo Deliberante con fecha 28 de setiembre de 2010, dio sanci\u00f3n a la Ordenanza N\u00ba 4522\/10, mediante la cual modifica el Art\u00edculo 1\u00ba de la Ordenanza N\u00ba 4356, permitiendo a [&hellip;]<\/p>\n","protected":false},"author":1,"featured_media":983,"comment_status":"closed","ping_status":"closed","sticky":false,"template":"","format":"standard","meta":{"_acf_changed":false,"footnotes":""},"categories":[63,64],"tags":[],"class_list":["post-2072","post","type-post","status-publish","format-standard","has-post-thumbnail","hentry","category-ordenanzas","category-ordenanzasanteriores"],"acf":[],"_links":{"self":[{"href":"https:\/\/coworkdigital.com.ar\/hcd\/wp-json\/wp\/v2\/posts\/2072","targetHints":{"allow":["GET"]}}],"collection":[{"href":"https:\/\/coworkdigital.com.ar\/hcd\/wp-json\/wp\/v2\/posts"}],"about":[{"href":"https:\/\/coworkdigital.com.ar\/hcd\/wp-json\/wp\/v2\/types\/post"}],"author":[{"embeddable":true,"href":"https:\/\/coworkdigital.com.ar\/hcd\/wp-json\/wp\/v2\/users\/1"}],"replies":[{"embeddable":true,"href":"https:\/\/coworkdigital.com.ar\/hcd\/wp-json\/wp\/v2\/comments?post=2072"}],"version-history":[{"count":0,"href":"https:\/\/coworkdigital.com.ar\/hcd\/wp-json\/wp\/v2\/posts\/2072\/revisions"}],"wp:featuredmedia":[{"embeddable":true,"href":"https:\/\/coworkdigital.com.ar\/hcd\/wp-json\/wp\/v2\/media\/983"}],"wp:attachment":[{"href":"https:\/\/coworkdigital.com.ar\/hcd\/wp-json\/wp\/v2\/media?parent=2072"}],"wp:term":[{"taxonomy":"category","embeddable":true,"href":"https:\/\/coworkdigital.com.ar\/hcd\/wp-json\/wp\/v2\/categories?post=2072"},{"taxonomy":"post_tag","embeddable":true,"href":"https:\/\/coworkdigital.com.ar\/hcd\/wp-json\/wp\/v2\/tags?post=2072"}],"curies":[{"name":"wp","href":"https:\/\/api.w.org\/{rel}","templated":true}]}}