{"id":2145,"date":"2010-08-03T13:42:21","date_gmt":"2010-08-03T13:42:21","guid":{"rendered":"http:\/\/rd.gov.ar\/wp4\/?p=2145"},"modified":"2010-08-03T13:42:21","modified_gmt":"2010-08-03T13:42:21","slug":"ordenanza-4512-2010","status":"publish","type":"post","link":"https:\/\/coworkdigital.com.ar\/hcd\/ordenanza-4512-2010\/","title":{"rendered":"Ordenanza 4512-2010"},"content":{"rendered":"<p style=\"text-align: center;\"><strong><img fetchpriority=\"high\" decoding=\"async\" class=\"wp-image-1054 aligncenter\" src=\"http:\/\/rd.gov.ar\/wp4\/wp-content\/uploads\/2017\/02\/encabezado-300x60.jpg\" alt=\"\" width=\"669\" height=\"134\" \/><\/strong><\/p>\n<p style=\"text-align: center;\"><strong>ORDENANZA N\u00b0 4512<\/strong><\/p>\n<p style=\"text-align: justify;\"><strong>VISTO:<\/strong><br \/>\nQue en el interior de la Terminal de \u00d3mnibus los espacios p\u00fablicos, no cuentan con un sistema de calefacci\u00f3n, y<\/p>\n<p style=\"text-align: justify;\"><strong>CONSIDERANDO:<\/strong><br \/>\nQue el espacio p\u00fablico es el escenario de interacci\u00f3n social cotidiana y tiene un uso social colectivo y diversas actividades, tiene adem\u00e1s una dimensi\u00f3n social y cultural.<br \/>\nQue es un lugar de relaci\u00f3n y de identificaci\u00f3n, de contacto entre la gente, de vida urbana y de expresi\u00f3n comunitaria.<br \/>\nQue nuestra Terminal de \u00f3mnibus re\u00fane estas caracter\u00edsticas, ya que ella es un punto de encuentro donde convergen: estudiantes, trabajadore, jubilados, familias, que provienen de los distritos y de ciudad.<br \/>\nQue este espacio p\u00fablico, a su vez nos conecta con los diversos departamentos de la provincia y el ingreso diario genera permanentemente una masiva confluencia de personas.<br \/>\nQue el hall de la Terminal es el lugar p\u00fablico donde los usuarios del servicio de transporte p\u00fablico de pasajeros utilizan para la espera de las distintas l\u00edneas de colectivos.<br \/>\nQue las inversiones que se realicen para mejorar la calidad de los espacios p\u00fablicos redundan en beneficio de los usuarios.<br \/>\nQue en este sentido, las obras realizadas en los ba\u00f1os p\u00fablicos, el cierre del hall, la optimizaci\u00f3n de espacios para el centro comercial, generan equidad para los ciudadanos.<br \/>\nQue se hace necesario invertir en un sistema de calefacci\u00f3n para el hall de espera de la Terminal de \u00f3mnibus, teniendo en cuenta las bajas temperaturas que normalmente tenemos en esta \u00e9poca del a\u00f1o, es seguir mejorando la calidad del espacio p\u00fablico.<\/p>\n<p style=\"text-align: justify;\"><strong>POR ELLO:<\/strong><br \/>\nEl Concejo Deliberante de Rivadavia, Mendoza, y en uso de sus facultades:<\/p>\n<p style=\"text-align: center;\"><strong>ORDENA<\/strong><\/p>\n<p style=\"text-align: justify;\"><strong>Art\u00edculo 1\u00b0:<\/strong> El Concejo Deliberante de Rivadavia, provincia de Mendoza, dispone la instalaci\u00f3n de un sistema de calefacci\u00f3n en el hall de espera de la Terminal de \u00d3mnibus, debiendo el Departamento Ejecutivo, arbitrar los medios necesarios a tal fin.<\/p>\n<p style=\"text-align: justify;\"><strong>Art\u00edculo 2\u00b0:<\/strong> El gasto que demande la implementaci\u00f3n de la presente Ordenanza, deber\u00e1n incorporarse a la partida correspondiente en el presupuesto vigente.<\/p>\n<p style=\"text-align: justify;\"><strong>Art\u00edculo 3\u00b0:<\/strong> Comun\u00edquese al Departamento Ejecutivo, a sus efectos e ins\u00e9rtese en el Libro de Ordenanzas de este Cuerpo.<\/p>\n<p style=\"text-align: justify;\">Dada en la Sala de Sesiones \u201cBandera Nacional Argentina\u201d, del Concejo Deliberante de Rivadavia, Mendoza, a los 03 d\u00edas del mes de agosto de 2010.<\/p>\n<table>\n<tbody>\n<tr>\n<td style=\"text-align: center;\">JAVIER RODRIGUEZ<\/td>\n<td style=\"text-align: center;\">MAURICIO DI C\u00c9SARE<\/td>\n<\/tr>\n<tr>\n<td style=\"text-align: center;\">SECRETARIO C.D.<\/td>\n<td style=\"text-align: center;\">PRESIDENTE C.D.<\/td>\n<\/tr>\n<\/tbody>\n<\/table>\n<p style=\"text-align: right;\">Cpde. Expte. N\u00ba 2010-00226-5 C.D.<\/p>\n","protected":false},"excerpt":{"rendered":"<p>ORDENANZA N\u00b0 4512 VISTO: Que en el interior de la Terminal de \u00d3mnibus los espacios p\u00fablicos, no cuentan con un sistema de calefacci\u00f3n, y CONSIDERANDO: Que el espacio p\u00fablico es el escenario de interacci\u00f3n social cotidiana y tiene un uso social colectivo y diversas actividades, tiene adem\u00e1s una dimensi\u00f3n social y cultural. Que es un [&hellip;]<\/p>\n","protected":false},"author":1,"featured_media":983,"comment_status":"closed","ping_status":"closed","sticky":false,"template":"","format":"standard","meta":{"_acf_changed":false,"footnotes":""},"categories":[63,64],"tags":[],"class_list":["post-2145","post","type-post","status-publish","format-standard","has-post-thumbnail","hentry","category-ordenanzas","category-ordenanzasanteriores"],"acf":[],"_links":{"self":[{"href":"https:\/\/coworkdigital.com.ar\/hcd\/wp-json\/wp\/v2\/posts\/2145","targetHints":{"allow":["GET"]}}],"collection":[{"href":"https:\/\/coworkdigital.com.ar\/hcd\/wp-json\/wp\/v2\/posts"}],"about":[{"href":"https:\/\/coworkdigital.com.ar\/hcd\/wp-json\/wp\/v2\/types\/post"}],"author":[{"embeddable":true,"href":"https:\/\/coworkdigital.com.ar\/hcd\/wp-json\/wp\/v2\/users\/1"}],"replies":[{"embeddable":true,"href":"https:\/\/coworkdigital.com.ar\/hcd\/wp-json\/wp\/v2\/comments?post=2145"}],"version-history":[{"count":0,"href":"https:\/\/coworkdigital.com.ar\/hcd\/wp-json\/wp\/v2\/posts\/2145\/revisions"}],"wp:featuredmedia":[{"embeddable":true,"href":"https:\/\/coworkdigital.com.ar\/hcd\/wp-json\/wp\/v2\/media\/983"}],"wp:attachment":[{"href":"https:\/\/coworkdigital.com.ar\/hcd\/wp-json\/wp\/v2\/media?parent=2145"}],"wp:term":[{"taxonomy":"category","embeddable":true,"href":"https:\/\/coworkdigital.com.ar\/hcd\/wp-json\/wp\/v2\/categories?post=2145"},{"taxonomy":"post_tag","embeddable":true,"href":"https:\/\/coworkdigital.com.ar\/hcd\/wp-json\/wp\/v2\/tags?post=2145"}],"curies":[{"name":"wp","href":"https:\/\/api.w.org\/{rel}","templated":true}]}}