{"id":2161,"date":"2010-07-27T12:00:33","date_gmt":"2010-07-27T12:00:33","guid":{"rendered":"http:\/\/rd.gov.ar\/wp4\/?p=2161"},"modified":"2010-07-27T12:00:33","modified_gmt":"2010-07-27T12:00:33","slug":"ordenanza-4504-2010","status":"publish","type":"post","link":"https:\/\/coworkdigital.com.ar\/hcd\/ordenanza-4504-2010\/","title":{"rendered":"Ordenanza 4504-2010"},"content":{"rendered":"<p style=\"text-align: center;\"><strong><img fetchpriority=\"high\" decoding=\"async\" class=\"wp-image-1054 aligncenter\" src=\"http:\/\/rd.gov.ar\/wp4\/wp-content\/uploads\/2017\/02\/encabezado-300x60.jpg\" alt=\"\" width=\"669\" height=\"134\" \/><\/strong><\/p>\n<p style=\"text-align: center;\"><strong>ORDENANZA N\u00b0 4504<\/strong><\/p>\n<p style=\"text-align: justify;\"><strong>VISTO:<\/strong><br \/>\nEl Libro \u201cRivadavia: Las Historias de su Historia, Huellas, Tertulias y Memoria del Departamento\u201d, y<\/p>\n<p style=\"text-align: justify;\"><strong>CONSIDERANDO:<\/strong><br \/>\nQue la importancia que genera tener un libro con toda la historia de nuestro departamento, motiva el deseo de declarar de Inter\u00e9s Cultural y Educativo Departamental el libro anteriormente nombrado.<br \/>\nQue en tal sentido, cobra especial importancia, tanto como instrumento educativo hacia el mediano y el largo plazo, que se integren\u00a0 al desarrollo departamental protagonizado por un pueblo conciente de su historia y del compromiso de su futuro con el bien com\u00fan.<br \/>\nQue la lectura, es clave en el desarrollo de las personas, adem\u00e1s de ser un instrumento de comunicaci\u00f3n, permite intercambiar aprendizajes y conservar la memoria colectiva.<br \/>\nQue destacamos la valiosa iniciativa del trabajo de investigaci\u00f3n del Profesor Gustavo Capone.<br \/>\nQue asimismo, consideramos relevante promover este emprendimiento.<br \/>\nQue por todo lo expuesto, es de vital importancia que el mismo sea declarado de Inter\u00e9s Cultural y Educativo Departamental con la convicci\u00f3n de que es un emprendimiento valioso que el departamento debe reconocer y promover.<\/p>\n<p style=\"text-align: justify;\"><strong>POR ELLO:<\/strong><br \/>\nEl Concejo Deliberante de Rivadavia, Mendoza, y en uso de sus facultades:<\/p>\n<p style=\"text-align: center;\"><strong>ORDENA<\/strong><\/p>\n<p style=\"text-align: justify;\"><strong>Art\u00edculo 1\u00b0:<\/strong> El Concejo Deliberante de Rivadavia, dispone declarar de Inter\u00e9s Cultural y Educativo Departamental, el Libro \u201cRivadavia, Las Historias de su Historia\u201d y al fasc\u00edculo \u201c200 a\u00f1os de Historia Rivadaviense\u201d, del autor rivadaviense Profesor Gustavo Capone.<\/p>\n<p style=\"text-align: justify;\"><strong>Art\u00edculo 2\u00b0:<\/strong> Rem\u00edtase copia de la presente pieza legal a los Centros Eduvativos del departamento, a la Direcci\u00f3n de Cultura de la Provincia de Mendoza, y al Autor del Libro Profesor Gustavo Capone, para su conocimiento y dem\u00e1s efectos.<\/p>\n<p style=\"text-align: justify;\"><strong>Art\u00edculo 3\u00b0:<\/strong> Comun\u00edquese al Departamento Ejecutivo, a sus efectos e ins\u00e9rtese en el Libro de Ordenanzas de este Cuerpo.<\/p>\n<p style=\"text-align: justify;\">Dada en la Sala de Sesiones \u201cBandera Nacional Argentina\u201d, del Concejo Deliberante de Rivadavia, Mendoza, a los 27 d\u00edas del mes de julio de 2010.<\/p>\n<table>\n<tbody>\n<tr>\n<td style=\"text-align: center;\">JAVIER RODRIGUEZ<\/td>\n<td style=\"text-align: center;\">MAURICIO DI C\u00c9SARE<\/td>\n<\/tr>\n<tr>\n<td style=\"text-align: center;\">SECRETARIO C.D.<\/td>\n<td style=\"text-align: center;\">PRESIDENTE C.D.<\/td>\n<\/tr>\n<\/tbody>\n<\/table>\n<p style=\"text-align: right;\">Cpde. Expte. N\u00ba 2010-00177-0 C.D.<\/p>\n","protected":false},"excerpt":{"rendered":"<p>ORDENANZA N\u00b0 4504 VISTO: El Libro \u201cRivadavia: Las Historias de su Historia, Huellas, Tertulias y Memoria del Departamento\u201d, y CONSIDERANDO: Que la importancia que genera tener un libro con toda la historia de nuestro departamento, motiva el deseo de declarar de Inter\u00e9s Cultural y Educativo Departamental el libro anteriormente nombrado. Que en tal sentido, cobra [&hellip;]<\/p>\n","protected":false},"author":1,"featured_media":983,"comment_status":"closed","ping_status":"closed","sticky":false,"template":"","format":"standard","meta":{"_acf_changed":false,"footnotes":""},"categories":[63,64],"tags":[],"class_list":["post-2161","post","type-post","status-publish","format-standard","has-post-thumbnail","hentry","category-ordenanzas","category-ordenanzasanteriores"],"acf":[],"_links":{"self":[{"href":"https:\/\/coworkdigital.com.ar\/hcd\/wp-json\/wp\/v2\/posts\/2161","targetHints":{"allow":["GET"]}}],"collection":[{"href":"https:\/\/coworkdigital.com.ar\/hcd\/wp-json\/wp\/v2\/posts"}],"about":[{"href":"https:\/\/coworkdigital.com.ar\/hcd\/wp-json\/wp\/v2\/types\/post"}],"author":[{"embeddable":true,"href":"https:\/\/coworkdigital.com.ar\/hcd\/wp-json\/wp\/v2\/users\/1"}],"replies":[{"embeddable":true,"href":"https:\/\/coworkdigital.com.ar\/hcd\/wp-json\/wp\/v2\/comments?post=2161"}],"version-history":[{"count":0,"href":"https:\/\/coworkdigital.com.ar\/hcd\/wp-json\/wp\/v2\/posts\/2161\/revisions"}],"wp:featuredmedia":[{"embeddable":true,"href":"https:\/\/coworkdigital.com.ar\/hcd\/wp-json\/wp\/v2\/media\/983"}],"wp:attachment":[{"href":"https:\/\/coworkdigital.com.ar\/hcd\/wp-json\/wp\/v2\/media?parent=2161"}],"wp:term":[{"taxonomy":"category","embeddable":true,"href":"https:\/\/coworkdigital.com.ar\/hcd\/wp-json\/wp\/v2\/categories?post=2161"},{"taxonomy":"post_tag","embeddable":true,"href":"https:\/\/coworkdigital.com.ar\/hcd\/wp-json\/wp\/v2\/tags?post=2161"}],"curies":[{"name":"wp","href":"https:\/\/api.w.org\/{rel}","templated":true}]}}