{"id":2174,"date":"2010-06-15T14:51:46","date_gmt":"2010-06-15T14:51:46","guid":{"rendered":"http:\/\/rd.gov.ar\/wp4\/?p=2174"},"modified":"2010-06-15T14:51:46","modified_gmt":"2010-06-15T14:51:46","slug":"ordenanza-4498-2010","status":"publish","type":"post","link":"https:\/\/coworkdigital.com.ar\/hcd\/ordenanza-4498-2010\/","title":{"rendered":"Ordenanza 4498-2009"},"content":{"rendered":"<p style=\"text-align: center;\"><strong><img fetchpriority=\"high\" decoding=\"async\" class=\"wp-image-1054 aligncenter\" src=\"http:\/\/rd.gov.ar\/wp4\/wp-content\/uploads\/2017\/02\/encabezado-300x60.jpg\" alt=\"\" width=\"669\" height=\"134\" \/><\/strong><\/p>\n<p style=\"text-align: center;\"><strong>ORDENANZA N\u00b0 4498<\/strong><\/p>\n<p style=\"text-align: justify;\"><strong>VISTO:<\/strong><br \/>\nEl Expediente N\u00ba2010-00145-7, caratulado Coordinador Fern\u00e1ndez Daniel, solicita imposici\u00f3n nombre al coro, y<\/p>\n<p style=\"text-align: justify;\"><strong>CONSIDERANDO:<br \/>\n<\/strong>Que el Coro Municipal fue fundado por el Profesor Dino Parra en 1979, de una vasta trayectoria, la cual comienza de manera oficial el d\u00eda 16 de diciembre de 1982, , siendo que por ese entonces el Intendente Municipal don Oscar G. Larrabur\u00fa, dicta el Decreto de creaci\u00f3n del Coro Municipal, siendo su presentaci\u00f3n oficial en la Sala del Cine Teatro \u201cAlfa\u201d, denomin\u00e1ndose Coro Municipal \u201cBernardino Rivadavia\u201d, siendo por ese entonces su Director el Pfsor. Orlando Rosas.<br \/>\nQue en pocos a\u00f1os, alcanz\u00f3 un destacado nivel en el ambiente cultural de la Provincia, recorriendo distintos escenarios local y del pa\u00eds, como por ejemplo las provincias de Salta; Tucum\u00e1n; C\u00f3rdoba y Capital Federal, donde se destaca la presentaci\u00f3n ante el se\u00f1or Presidente de la Rep\u00fablica Ricardo Alfons\u00edn.<br \/>\nQue tuvo distintos Directores como lo fueron Liliana Gonz\u00e1lez, Roxana Tello, Ver\u00f3nica Grimberg y V\u00edctor Armend\u00e1riz.<br \/>\nQue el Coro extiende sus presentaciones a Vi\u00f1a del Mar y Valpara\u00edso en la vecina Rep\u00fablica de Chile, adem\u00e1s participa en emprendimientos sinf\u00f3nico-corales en la Misa de la Coronaci\u00f3n de Mozart, el Te Deum de Bruckner, junto a otros coros de la provinicia.<br \/>\nQue su actividad coral no ces\u00f3 en ning\u00fan momento y en el a\u00f1o 2003, se hace cargo de la Direcci\u00f3n su actual Director Ricardo Mansilla, qui\u00e9n fija como principal objetivo, consolidar el grupo coral como un servicio cultural del departamento.<br \/>\nQue las actuaciones del Coro se suceden actualmente en los distintos Distritos, Escuelas, Instituciones de bi\u00e9n p\u00fablico y fuera de la provincia como su participaci\u00f3n en el Festival Coral de la Cumbre C\u00f3rdoba,\u00a0 Pinamar, Buenos Aires y Santa Fe.<br \/>\nQue su actividad en el inicio de la temporada 2010 hasta la fecha, es de sumo orgullo por cuanto a partir del mes de enero, participa en el acto Central de la Fiesta Central de la Vendimia de Rivadavia y del Festival \u201cRivadavia Canta al Pa\u00eds\u201d; en febrero participa de la Vendimia Federal en la ciudad de Mendoza junto a la banda Municipal \u201cBlas Blotta\u201d, interpretando la Misa Criolla y diversos repertorios; en el mes de marzo comienza la preparaci\u00f3n de su repertorio enmarcado en los festejos del Bicentenario; en el mes de abirl tuvo 18 participaciones en los actos del Aniversario de Rivadavia y en el mes de mayo su presentaci\u00f3n en la Velada de Gala por el Bicentenario y en el Te Deum en la Parroquia San Isidro Labrador, finalizando su actuaci\u00f3n en la Plaza Seca del edificio municipal.<br \/>\nQue por Resoluci\u00f3n de Intendencia N\u00ba 0659\/10 de fecha 21 de mayo de 2010, el se\u00f1or Intendente Municipal, impone el nombre al Coro Municipal del departamento de Rivadavia, con la denominaci\u00f3n de \u201cCoro de Los Vi\u00f1edos\u201d.<br \/>\nQue esta denominaci\u00f3n de \u201cCoro de Los Vi\u00f1edos\u201d, surge de una convocatoria realizada en el a\u00f1o 2009, siendo que esta nominaci\u00f3n los identifica por cuanto la vi\u00f1a es nuestra principal actividad y es la esencia de nuestro pasado, presente y futuro del departamento, como as\u00ed tambi\u00e9n hace referencia este nombre a la letra de una canci\u00f3n (Mensaje Rivadaviense) interpretada por el Coro en su inicio y que pertenece al se\u00f1or Rayner Gusberti.<br \/>\nQue rumbo a cumplir 28 a\u00f1os de vida, el Coro Municipal es actualmente un grupo mixto de 30 personas que trabajan por la difusi\u00f3n cultural de Rivadavia, rescatando principalmente sus valores y tradiciones siendo de los coros municipales, el de mayor antig\u00fcedad de la provincia, y como colorario, cabe destacar el gran amor y dedicaci\u00f3n de todos sus integrantes siendo que esta actividad la realizan totalmente ad-honorem.<\/p>\n<p style=\"text-align: justify;\"><strong>POR ELLO:<\/strong><br \/>\nEl Concejo Deliberante de Rivadavia, Mendoza, y en uso de sus facultades:<\/p>\n<p style=\"text-align: center;\"><strong>ORDENA<\/strong><\/p>\n<p style=\"text-align: justify;\"><strong>Art\u00edculo 1\u00b0:<\/strong> El Concejo Deliberante de Rivadavia, provincia de Mendoza, nomina \u201cCORO DE LOS VI\u00d1EDOS\u201d, al Coro Municipal del Departamento de Rivadavia, provincia de Mendoza.<\/p>\n<p style=\"text-align: justify;\"><strong>Art\u00edculo 2\u00b0:<\/strong> Remitir copia de la presente pieza legal, al se\u00f1or Coordinador del Coro Municipal don Ariel Fern\u00e1ndez, al Director del Coro Municipal, Profesor Ricardo Mansilla y al Subdirector de Cultura de la Municipalidad de Rivadavia, Gustavo Valverde, para su conocimiento y dem\u00e1s efectos.<\/p>\n<p style=\"text-align: justify;\"><strong>Art\u00edculo 3\u00b0:<\/strong> Comun\u00edquese al Departamento Ejecutivo, a sus efectos e ins\u00e9rtese en el Libro de Ordenanzas de este Cuerpo.<\/p>\n<p style=\"text-align: justify;\">Dada en la Sala de Sesiones \u201cBandera Nacional Argentina\u201d, del Concejo Deliberante de Rivadavia, Mendoza, a los 15 d\u00edas del mes de junio de 2010.<\/p>\n<table>\n<tbody>\n<tr>\n<td style=\"text-align: center;\">JAVIER RODRIGUEZ<\/td>\n<td style=\"text-align: center;\">MAURICIO DI C\u00c9SARE<\/td>\n<\/tr>\n<tr>\n<td style=\"text-align: center;\">SECRETARIO C.D.<\/td>\n<td style=\"text-align: center;\">PRESIDENTE C.D.<\/td>\n<\/tr>\n<\/tbody>\n<\/table>\n<p style=\"text-align: right;\">Cpde. Expte. N\u00ba 2010-00145-7 C.D.<br \/>\n2010-07371-2 D.E.<\/p>\n","protected":false},"excerpt":{"rendered":"<p>ORDENANZA N\u00b0 4498 VISTO: El Expediente N\u00ba2010-00145-7, caratulado Coordinador Fern\u00e1ndez Daniel, solicita imposici\u00f3n nombre al coro, y CONSIDERANDO: Que el Coro Municipal fue fundado por el Profesor Dino Parra en 1979, de una vasta trayectoria, la cual comienza de manera oficial el d\u00eda 16 de diciembre de 1982, , siendo que por ese entonces el [&hellip;]<\/p>\n","protected":false},"author":1,"featured_media":983,"comment_status":"closed","ping_status":"closed","sticky":false,"template":"","format":"standard","meta":{"_acf_changed":false,"footnotes":""},"categories":[63,64],"tags":[],"class_list":["post-2174","post","type-post","status-publish","format-standard","has-post-thumbnail","hentry","category-ordenanzas","category-ordenanzasanteriores"],"acf":[],"_links":{"self":[{"href":"https:\/\/coworkdigital.com.ar\/hcd\/wp-json\/wp\/v2\/posts\/2174","targetHints":{"allow":["GET"]}}],"collection":[{"href":"https:\/\/coworkdigital.com.ar\/hcd\/wp-json\/wp\/v2\/posts"}],"about":[{"href":"https:\/\/coworkdigital.com.ar\/hcd\/wp-json\/wp\/v2\/types\/post"}],"author":[{"embeddable":true,"href":"https:\/\/coworkdigital.com.ar\/hcd\/wp-json\/wp\/v2\/users\/1"}],"replies":[{"embeddable":true,"href":"https:\/\/coworkdigital.com.ar\/hcd\/wp-json\/wp\/v2\/comments?post=2174"}],"version-history":[{"count":0,"href":"https:\/\/coworkdigital.com.ar\/hcd\/wp-json\/wp\/v2\/posts\/2174\/revisions"}],"wp:featuredmedia":[{"embeddable":true,"href":"https:\/\/coworkdigital.com.ar\/hcd\/wp-json\/wp\/v2\/media\/983"}],"wp:attachment":[{"href":"https:\/\/coworkdigital.com.ar\/hcd\/wp-json\/wp\/v2\/media?parent=2174"}],"wp:term":[{"taxonomy":"category","embeddable":true,"href":"https:\/\/coworkdigital.com.ar\/hcd\/wp-json\/wp\/v2\/categories?post=2174"},{"taxonomy":"post_tag","embeddable":true,"href":"https:\/\/coworkdigital.com.ar\/hcd\/wp-json\/wp\/v2\/tags?post=2174"}],"curies":[{"name":"wp","href":"https:\/\/api.w.org\/{rel}","templated":true}]}}