{"id":2222,"date":"2009-12-22T11:43:57","date_gmt":"2009-12-22T11:43:57","guid":{"rendered":"http:\/\/rd.gov.ar\/wp4\/?p=2222"},"modified":"2009-12-22T11:43:57","modified_gmt":"2009-12-22T11:43:57","slug":"ordenanza-4475-2009","status":"publish","type":"post","link":"https:\/\/coworkdigital.com.ar\/hcd\/ordenanza-4475-2009\/","title":{"rendered":"Ordenanza 4475-2009"},"content":{"rendered":"<p style=\"text-align: center;\"><strong><img fetchpriority=\"high\" decoding=\"async\" class=\"wp-image-1054 aligncenter\" src=\"http:\/\/rd.gov.ar\/wp4\/wp-content\/uploads\/2017\/02\/encabezado-300x60.jpg\" alt=\"\" width=\"669\" height=\"134\" \/><\/strong><\/p>\n<p style=\"text-align: center;\"><strong>ORDENANZA N\u00b0 4.475<\/strong><\/p>\n<p style=\"text-align: justify;\"><strong>VISTO:<br \/>\n<\/strong>El Expediente Municipal N\u00ba 2009-19964-3, caratulado \u201cDeclaraci\u00f3n de Inter\u00e9s Departamental Marca Regional\u201d que identifique a la regi\u00f3n, y<\/p>\n<p style=\"text-align: justify;\"><strong>CONSIDERANDO:<br \/>\n<\/strong>Que mediante Ordenanza N\u00ba 2366 del Honorable Concejo Deliberante de San Mart\u00edn (Mendoza) se declara de Inter\u00e9s Departamental la necesidad de la creaci\u00f3n de una marca registrada que identifique a la Regi\u00f3n que conforman la Municipalidad de San Mart\u00edn, la Municipalidad de Rivadavia, la Municipalidad de Jun\u00edn, la Municipalidad de Santa Rosa y la Municipalidad de La Paz.<br \/>\nQue mediante el mismo, se invita a los Honorables Concejos Deliberantes de los Departamentos de la Regi\u00f3n, adherir al presente proyecto y\/o dictar normas que sirvan de impulso al proyecto.<br \/>\nQue la marca Regi\u00f3n, es una variable en la sociedad global. Pero esta no s\u00f3lo est\u00e1 al servicio del posicionamiento competitivo de la zona, sino, que tambi\u00e9n se vale para los proyectos individuales, grupales, comunales, regionales y provinciales.<br \/>\nQue la iniciativa del Proyecto Marca Regional, responde a la necesidad de coordinar las distintas actuaciones p\u00fablicas y privadas sobre la marca Regi\u00f3n, de trasmitir a las empresas e instituciones la importancia de tener una buena imagen regional, y de informarles sobre c\u00f3mo comunicar y vender la nueva realidad de la Zona Este.<\/p>\n<p style=\"text-align: justify;\"><strong>POR ELLO:<\/strong><br \/>\nEl Concejo Deliberante de Rivadavia, Mendoza y en uso de sus facultades:<\/p>\n<p style=\"text-align: center;\"><strong>ORDENA<\/strong><\/p>\n<p style=\"text-align: justify;\"><strong>Art\u00edculo 1\u00b0:<\/strong> El Concejo Deliberante de Rivadavia, provincia de Mendoza, adhiere al mencionado proyecto de declarar de Inter\u00e9s Departamental, la necesidad de la creaci\u00f3n de una marca que identifique a la regi\u00f3n que conforman la Municipalidad de Rivadavia, la Municipalidad de Gral. San Mart\u00edn, la Municipalidad de Jun\u00edn, la Municipalidad de Santa Rosa y la Municipalidad de La Paz.<\/p>\n<p style=\"text-align: justify;\"><strong>Art\u00edculo 2\u00b0:<\/strong> Comun\u00edquese al Departamento Ejecutivo a sus efectos e ins\u00e9rtese en el Libro de Ordenanzas de este Cuerpo.<\/p>\n<p style=\"text-align: justify;\">Dada en la Sala de Sesiones \u201cBandera Nacional Argentina\u201d, del Concejo Deliberante de Rivadavia, Mendoza, a los 22 d\u00edas del mes de diciembre de 2009.<\/p>\n<table>\n<tbody>\n<tr>\n<td style=\"text-align: center;\">JAVIER RODRIGUEZ<\/td>\n<td style=\"text-align: center;\">ENRIQUE LEON<\/td>\n<\/tr>\n<tr>\n<td style=\"text-align: center;\">SECRETARIO C.D.<\/td>\n<td style=\"text-align: center;\">PRESIDENTE C.D.<\/td>\n<\/tr>\n<\/tbody>\n<\/table>\n<p style=\"text-align: right;\">Cpde. Expte. N\u00ba 2009-00428-0 C.D.<br \/>\n2009-19964-3 D.E.<\/p>\n","protected":false},"excerpt":{"rendered":"<p>ORDENANZA N\u00b0 4.475 VISTO: El Expediente Municipal N\u00ba 2009-19964-3, caratulado \u201cDeclaraci\u00f3n de Inter\u00e9s Departamental Marca Regional\u201d que identifique a la regi\u00f3n, y CONSIDERANDO: Que mediante Ordenanza N\u00ba 2366 del Honorable Concejo Deliberante de San Mart\u00edn (Mendoza) se declara de Inter\u00e9s Departamental la necesidad de la creaci\u00f3n de una marca registrada que identifique a la Regi\u00f3n [&hellip;]<\/p>\n","protected":false},"author":1,"featured_media":983,"comment_status":"closed","ping_status":"closed","sticky":false,"template":"","format":"standard","meta":{"_acf_changed":false,"footnotes":""},"categories":[63,64],"tags":[],"class_list":["post-2222","post","type-post","status-publish","format-standard","has-post-thumbnail","hentry","category-ordenanzas","category-ordenanzasanteriores"],"acf":[],"_links":{"self":[{"href":"https:\/\/coworkdigital.com.ar\/hcd\/wp-json\/wp\/v2\/posts\/2222","targetHints":{"allow":["GET"]}}],"collection":[{"href":"https:\/\/coworkdigital.com.ar\/hcd\/wp-json\/wp\/v2\/posts"}],"about":[{"href":"https:\/\/coworkdigital.com.ar\/hcd\/wp-json\/wp\/v2\/types\/post"}],"author":[{"embeddable":true,"href":"https:\/\/coworkdigital.com.ar\/hcd\/wp-json\/wp\/v2\/users\/1"}],"replies":[{"embeddable":true,"href":"https:\/\/coworkdigital.com.ar\/hcd\/wp-json\/wp\/v2\/comments?post=2222"}],"version-history":[{"count":0,"href":"https:\/\/coworkdigital.com.ar\/hcd\/wp-json\/wp\/v2\/posts\/2222\/revisions"}],"wp:featuredmedia":[{"embeddable":true,"href":"https:\/\/coworkdigital.com.ar\/hcd\/wp-json\/wp\/v2\/media\/983"}],"wp:attachment":[{"href":"https:\/\/coworkdigital.com.ar\/hcd\/wp-json\/wp\/v2\/media?parent=2222"}],"wp:term":[{"taxonomy":"category","embeddable":true,"href":"https:\/\/coworkdigital.com.ar\/hcd\/wp-json\/wp\/v2\/categories?post=2222"},{"taxonomy":"post_tag","embeddable":true,"href":"https:\/\/coworkdigital.com.ar\/hcd\/wp-json\/wp\/v2\/tags?post=2222"}],"curies":[{"name":"wp","href":"https:\/\/api.w.org\/{rel}","templated":true}]}}