{"id":2282,"date":"2009-09-29T12:35:18","date_gmt":"2009-09-29T12:35:18","guid":{"rendered":"http:\/\/rd.gov.ar\/wp4\/?p=2282"},"modified":"2009-09-29T12:35:18","modified_gmt":"2009-09-29T12:35:18","slug":"ordenanza-4452-2009","status":"publish","type":"post","link":"https:\/\/coworkdigital.com.ar\/hcd\/ordenanza-4452-2009\/","title":{"rendered":"Ordenanza 4452-2009"},"content":{"rendered":"<p style=\"text-align: center;\"><strong><img fetchpriority=\"high\" decoding=\"async\" class=\"wp-image-1054 aligncenter\" src=\"http:\/\/rd.gov.ar\/wp4\/wp-content\/uploads\/2017\/02\/encabezado-300x60.jpg\" alt=\"\" width=\"669\" height=\"134\" \/><\/strong><\/p>\n<p style=\"text-align: center;\"><strong>ORDENANZA N\u00ba 4452<\/strong><\/p>\n<p style=\"text-align: justify;\"><strong>VISTO:<br \/>\n<\/strong>El Expediente N\u00ba 2009-00198-9, por el cual el se\u00f1or Jorge Omar Beneretti, solicita designar nombre al Cementerio Municipal de Rivadavia, y<\/p>\n<p style=\"text-align: justify;\"><strong>CONSIDERANDO:<\/strong><br \/>\nQue la presente propuesta es justa y merecida para imponer el nombre de \u201cNo\u00e9 Ferreyra\u201d al Cementerio Municipal de Rivadavia, por cuanto este vecino fue pionero en la actividad funeraria de nuestro departamento.<br \/>\nQue naci\u00f3 el 24 de setiembre de 1914, en La Serena del Distrito Los Campamentos, siendo sus padres don Mois\u00e9s Salvador Ferreyra y Rosa Esther Ponce y a la edad de 12 a\u00f1os se traslada al distrito La Libertad, junto a su familia en la propiedad de Las Acacias.<br \/>\nQue comenz\u00f3 sus estudios primarios en el lugar, siendo alumno de la docente Leonor Ferreyra de qui\u00e9n era sobrino.<br \/>\nQue posteriormente ingresa a la Fuerza Policial, siendo designado para prestar servicios en los distritos de Los \u00c1rboles y Medrano, as\u00ed fue que\u00a0 en el a\u00f1o 1.941 por obra del azar recibe una denuncia de robo por parte de la se\u00f1orita Anita Timonieri quien m\u00e1s tarde fuera su esposa y justamente fue en el domicilio de Vicu\u00f1a Prado 41, donde recibi\u00f3 la denuncia y all\u00ed es donde desde entonces est\u00e1 emplazada la cocher\u00eda.<br \/>\nQue el matrimonio se acrecent\u00f3 con el nacimiento de sus hijos: Heriberto Gerardo; Rosa Antonia; Ana Cristina (fallecida) y Ana Elena.<br \/>\nQue durante el transcurso de estos hechos ejerci\u00f3 el cargo de Sub Comisario de la villa cabecera, all\u00ed recibe la orden de trasladarse a \u00d1acu\u00f1\u00e1n y luego de analizar la propuesta decide retirarse de la instituci\u00f3n y dedicarse a la actividad privada en el a\u00f1o 1948.<br \/>\nQue se lo llama Don \u201cNOE\u201d a este querido y respetado vecino, considerado un\u00a0 trabajador\u00a0 incansable con una vocaci\u00f3n de servicio y solidaridad hacia toda la comunidad.<br \/>\nQue no s\u00f3lo los que viven en este departamento recibieron, en alg\u00fan momento que les toc\u00f3 pasar por tristes experiencias, su aliento, su comprensi\u00f3n no solo espiritual sino de ayuda econ\u00f3mica brindando plazos para afrontar los gastos funerarios, muchos de los cuales no fueron abonados y es de hacer notar que esta actitud la ten\u00eda con personas de otros departamentos.<br \/>\nQue tanta fue su generosidad y su negativa a hacer cobros judiciales que la empresa estuvo financieramente al borde de la quiebra.<br \/>\nQue con sus hijos, en 1996, se tom\u00f3 la decisi\u00f3n de que fuera su\u00a0 hija Ana Elena quien administrara la empresa y, posteriormente, dos a\u00f1os despu\u00e9s se hace cargo su hijo Heriberto Gerardo hasta la fecha.<br \/>\nQue podemos decir que este vecino, se hizo merecedor del cari\u00f1o y reconocimiento de los hijos de esta Ciudad quienes siempre lo llevar\u00e1n en su recuerdo, como ejemplo de un hombre caritativo y solidario.<br \/>\nQue falleci\u00f3 el d\u00eda 07 de marzo de 2002 de un paro cardiorespiratorio y sus restos descansan actualmente\u00a0 en el cementerio de Rivadavia.<br \/>\nQue el Concejo Deliberante de Rivadavia, ve con benepl\u00e1cito la oportunidad de rendir este homenaje a este vecino por ser ejemplo de humildad, predisposici\u00f3n de solidaridad y compasi\u00f3n a cuanta persona solicit\u00f3 su ayuda.<\/p>\n<p style=\"text-align: justify;\"><strong>POR ELLO:<\/strong><br \/>\nEl Concejo Deliberante de Rivadavia, Mendoza y en uso de sus facultades:<\/p>\n<p style=\"text-align: center;\"><strong>ORDENA<\/strong><\/p>\n<p style=\"text-align: justify;\"><strong>Art\u00edculo\u00a0 1\u00ba:<\/strong> El Concejo Deliberante de Rivadavia, provincia de Mendoza, nomina \u201cGERARDO NOE FERREYRA\u201d, al Cementerio Municipal de Rivadavia.<\/p>\n<p style=\"text-align: justify;\"><strong>Art\u00edculo 2\u00ba:<\/strong> Ordenar al Departamento Ejecutivo Municipal, para que en conjunto con el Concejo Deliberante de Rivadavia, procedan a colocar una placa recordatoria en la entrada principal del Cementerio Municipal.<\/p>\n<p style=\"text-align: justify;\"><strong>Art\u00edculo 3\u00ba:<\/strong> Remitir copia de la presente pieza legal, a los familiares de Gerardo No\u00e9 Ferreyra, para su conocimiento, exaltando su compromiso social y honradez.<\/p>\n<p style=\"text-align: justify;\"><strong>Art\u00edculo 4\u00ba:<\/strong> Comun\u00edquese al Departamento Ejecutivo a sus efectos e ins\u00e9rtese en el Libro de Ordenanzas de este Cuerpo.<\/p>\n<p style=\"text-align: justify;\">Dada en la Sala de Sesiones \u201cBandera Nacional Argentina\u201d, del Concejo Deliberante de Rivadavia, Mendoza, a los 29 d\u00edas del mes de setiembre de 2009.<\/p>\n<table>\n<tbody>\n<tr>\n<td style=\"text-align: center;\">JAVIER RODR\u00cdGUEZ<\/td>\n<td style=\"text-align: center;\">ENRIQUE LE\u00d3N<\/td>\n<\/tr>\n<tr>\n<td style=\"text-align: center;\">SECRETARIO C.D.<\/td>\n<td style=\"text-align: center;\">PRESIDENTE C.D.<\/td>\n<\/tr>\n<\/tbody>\n<\/table>\n<p style=\"text-align: right;\">Cpde. Expte. N\u00ba 2009-00198-9 C.D.<\/p>\n","protected":false},"excerpt":{"rendered":"<p>ORDENANZA N\u00ba 4452 VISTO: El Expediente N\u00ba 2009-00198-9, por el cual el se\u00f1or Jorge Omar Beneretti, solicita designar nombre al Cementerio Municipal de Rivadavia, y CONSIDERANDO: Que la presente propuesta es justa y merecida para imponer el nombre de \u201cNo\u00e9 Ferreyra\u201d al Cementerio Municipal de Rivadavia, por cuanto este vecino fue pionero en la actividad [&hellip;]<\/p>\n","protected":false},"author":1,"featured_media":983,"comment_status":"closed","ping_status":"closed","sticky":false,"template":"","format":"standard","meta":{"_acf_changed":false,"footnotes":""},"categories":[63,64],"tags":[],"class_list":["post-2282","post","type-post","status-publish","format-standard","has-post-thumbnail","hentry","category-ordenanzas","category-ordenanzasanteriores"],"acf":[],"_links":{"self":[{"href":"https:\/\/coworkdigital.com.ar\/hcd\/wp-json\/wp\/v2\/posts\/2282","targetHints":{"allow":["GET"]}}],"collection":[{"href":"https:\/\/coworkdigital.com.ar\/hcd\/wp-json\/wp\/v2\/posts"}],"about":[{"href":"https:\/\/coworkdigital.com.ar\/hcd\/wp-json\/wp\/v2\/types\/post"}],"author":[{"embeddable":true,"href":"https:\/\/coworkdigital.com.ar\/hcd\/wp-json\/wp\/v2\/users\/1"}],"replies":[{"embeddable":true,"href":"https:\/\/coworkdigital.com.ar\/hcd\/wp-json\/wp\/v2\/comments?post=2282"}],"version-history":[{"count":0,"href":"https:\/\/coworkdigital.com.ar\/hcd\/wp-json\/wp\/v2\/posts\/2282\/revisions"}],"wp:featuredmedia":[{"embeddable":true,"href":"https:\/\/coworkdigital.com.ar\/hcd\/wp-json\/wp\/v2\/media\/983"}],"wp:attachment":[{"href":"https:\/\/coworkdigital.com.ar\/hcd\/wp-json\/wp\/v2\/media?parent=2282"}],"wp:term":[{"taxonomy":"category","embeddable":true,"href":"https:\/\/coworkdigital.com.ar\/hcd\/wp-json\/wp\/v2\/categories?post=2282"},{"taxonomy":"post_tag","embeddable":true,"href":"https:\/\/coworkdigital.com.ar\/hcd\/wp-json\/wp\/v2\/tags?post=2282"}],"curies":[{"name":"wp","href":"https:\/\/api.w.org\/{rel}","templated":true}]}}