{"id":2317,"date":"2009-06-09T13:36:39","date_gmt":"2009-06-09T13:36:39","guid":{"rendered":"http:\/\/rd.gov.ar\/wp4\/?p=2317"},"modified":"2009-06-09T13:36:39","modified_gmt":"2009-06-09T13:36:39","slug":"ordenanza-4435-2009","status":"publish","type":"post","link":"https:\/\/coworkdigital.com.ar\/hcd\/ordenanza-4435-2009\/","title":{"rendered":"Ordenanza 4435-2009"},"content":{"rendered":"<p style=\"text-align: center;\"><strong><img fetchpriority=\"high\" decoding=\"async\" class=\"wp-image-1054 aligncenter\" src=\"http:\/\/rd.gov.ar\/wp4\/wp-content\/uploads\/2017\/02\/encabezado-300x60.jpg\" alt=\"\" width=\"669\" height=\"134\" \/><\/strong><\/p>\n<p style=\"text-align: center;\"><strong>ORDENANZA N\u00ba 4.435<\/strong><\/p>\n<p style=\"text-align: justify;\"><strong>VISTO:<br \/>\n<\/strong>El Expediente N\u00ba 2009-00132-8, caratulado\u00a0 Comunidad del Barrio La Florida,\u00a0 de Los Campamentos, solicita Destacar\u00a0 de manera Institucional al doctor Pedro Marcial Lucero con el titulo de Ciudadano Destacado, y<\/p>\n<p style=\"text-align: justify;\"><strong>CONSIDERANDO:<\/strong><br \/>\nQue la iniciativa nace de una inquietud\u00a0 de los habitantes del Barrio La Florida, que ha pensado\u00a0 en\u00a0 destacar\u00a0 a un vecino por su trayectoria como ciudadano, pol\u00edtico y amigo.<br \/>\nQue dicha propuesta\u00a0 es avalada por\u00a0 la comunidad rural con\u00a0\u00a0 firmas\u00a0 de 700 vecinos.<br \/>\nQue en la misma constan sus antecedentes personales, familiares, profesionales, destac\u00e1ndose su inter\u00e9s por los temas sociales, pol\u00edticos y comunitarios.<br \/>\nEl doctor Lucero, nace en el distrito Los Campamentos, de este Departamento, son sus padres\u00a0 el se\u00f1or H\u00e9ctor Lucero y la se\u00f1ora N\u00e9lida R\u00edos,\u00a0 ambos argentinos.<br \/>\nSus estudios primarios los efect\u00faa en el mismo barrio en la Escuela 90 \u201cBautista G. Gargantini\u201d, los secundarios en la Escuela Normal Superior \u201cFrancisco Humberto Tolosa\u201d de esta Ciudad.<br \/>\nEn cuanto a los estudios\u00a0 universitarios los realiza\u00a0 en la Universidad Nacional de C\u00f3rdoba, haciendo la\u00a0 residencia\u00a0 en el Hospital Central de Mendoza, donde se especializa en cardiolog\u00eda y medicina del trabajo.<br \/>\nEn 1971\u00a0 contrae matrimonio con Fanny Catania, de cuya uni\u00f3n nacen sus hijos H\u00e9ctor Jos\u00e9, Jos\u00e9 Marcial y Elio Gabriel Lucero.<br \/>\nY en\u00a0 ese mismo a\u00f1o comienza su\u00a0 vocaci\u00f3n de brindarse a la comunidad desenvolvi\u00e9ndose como m\u00e9dico rural, ve\u00a0 la necesidad de\u00a0 instalar un consultorio en Gargantini y as\u00ed lo hace, facilitando a la gente del lugar\u00a0 la consulta y atenci\u00f3n m\u00e9dica cercana, pronta, pero al mismo tiempo cumple con guardias en el Hospital Carlos Saporiti, de Rivadavia.<br \/>\nY coherente con su elecci\u00f3n de vida\u00a0 desde 1979 reside definitivamente en Barrio La Florida, donde desenvuelve su profesi\u00f3n, y vemos as\u00ed que su\u00a0 consultorio m\u00e9dico fue el \u00fanico existente en la zona que dista a 15 km del centro de la Ciudad de Rivadavia, por muchos a\u00f1os.<br \/>\nSu inter\u00e9s en la medicina del deporte hace que se desempe\u00f1e como m\u00e9dico municipal en la Liga Rivadaviense de F\u00fatbol.<br \/>\nTambi\u00e9n este hombre incansable\u00a0 integra la Comisi\u00f3n Directiva del C\u00edrculo M\u00e9dico de Rivadavia.<br \/>\nEs nombrado Jefe del Centro de Salud N\u00ba 146 en 2007, cargo que sigue desempe\u00f1ando.<br \/>\nTambi\u00e9n tiene vocaci\u00f3n docente, formadora y\u00a0 as\u00ed dicta clases de Educaci\u00f3n para la Salud en la Escuela Nacional de Comercio.<br \/>\nParticipa en el Congreso Pedag\u00f3gico Nacional llevado a cabo en R\u00edo Tercero, de\u00a0 C\u00f3rdoba, en 1984.<br \/>\nEs elegido\u00a0 concejal por la UCR en 1983.<br \/>\nEs elegido vicepresidente del Club Social\u00a0 y deportivo \u201cBautista Gargantini\u201d.<br \/>\nImpulsa la fundaci\u00f3n del Club \u201cCumelen\u201d de Los Campamentos<br \/>\nIntegra con el cargo de Presidente la Comisi\u00f3n de socios de la Mutual \u201cBarrio Gargantini\u201d desarrollando\u00a0 una actividad social intensa.<br \/>\nA trav\u00e9s de esta rese\u00f1a de su vida se destaca\u00a0 claramente su compromiso de\u00a0 servir a la comunidad en que\u00a0 naci\u00f3\u00a0 captando la problem\u00e1tica social de las zonas\u00a0 rurales y tratando de aliviarlas a partir de su actividad m\u00e9dica, como profesional sensible que cura no s\u00f3lo con su ciencia, sino escuchando y consolando, como ciudadano y pol\u00edtico, interes\u00e1ndose por la cosa p\u00fablica, estando presente activamente en todo lo que significa el bien de la comunidad, demostrando que siempre hay un tiempo para los dem\u00e1s,\u00a0\u00a0 donde en com\u00fan se\u00a0 consiguen\u00a0 logros de trascendencia\u00a0 social\u00a0 y teniendo presente algo tan importante como salud, educaci\u00f3n, y uso del tiempo libre en actividades nobles como el deporte donde se desarrollan valores que cada vez se deben profundizar m\u00e1s, para lograr una sociedad solidaria, sana y participativa.<\/p>\n<p style=\"text-align: justify;\"><strong>POR ELLO<br \/>\n<\/strong>El Concejo Deliberante de Rivadavia\u00a0 en uso de sus facultades:<\/p>\n<p style=\"text-align: center;\"><strong>ORDENA<\/strong><\/p>\n<p style=\"text-align: justify;\"><strong>Art\u00edculo 1\u00ba:<\/strong> El Concejo Deliberante de Rivadavia declara al se\u00f1or Pedro\u00a0 Marcial\u00a0 Lucero \u201cCiudadano Destacado del departamento de Rivadavia\u201d, en reconocimiento a su constante compromiso profesional, social y c\u00edvico con la comunidad del distrito Los Campamentos.<\/p>\n<p style=\"text-align: justify;\"><strong>Art\u00edculo 2\u00ba:<\/strong> Autor\u00edzase a la Presidencia de este Cuerpo, para que en nombre del Concejo Deliberante de Rivadavia, haga entrega de un diploma de reconocimiento al mencionado ciudadano.<\/p>\n<p style=\"text-align: justify;\"><strong>Art\u00edculo 3\u00ba:<\/strong> Rem\u00edtase copia de la presente pieza legal, al se\u00f1or Pedro Marcial Lucero.<\/p>\n<p style=\"text-align: justify;\"><strong>Art\u00edculo 4\u00ba:<\/strong> Comun\u00edquese al Departamento Ejecutivo, e ins\u00e9rtese en el Libro de Ordenanzas de este Cuerpo.<\/p>\n<p style=\"text-align: justify;\">Dada en la Sala de Sesiones Bandera Nacional Argentina, del Concejo Deliberante de Rivadavia, Mendoza, a los 09 d\u00edas del mes de junio de 2009.<\/p>\n<table>\n<tbody>\n<tr>\n<td style=\"text-align: center;\">ORLANDO JAVIER RODRIGUEZ<\/td>\n<td style=\"text-align: center;\">ENRIQUE LEON<\/td>\n<\/tr>\n<tr>\n<td style=\"text-align: center;\">SECRETARIO C.D.<\/td>\n<td style=\"text-align: center;\">PRESIDENTE C.D.<\/td>\n<\/tr>\n<\/tbody>\n<\/table>\n<p style=\"text-align: right;\">Cpde. Expte. N\u00ba 2009-00132-8\u00a0\u00a0 C.D.<\/p>\n","protected":false},"excerpt":{"rendered":"<p>ORDENANZA N\u00ba 4.435 VISTO: El Expediente N\u00ba 2009-00132-8, caratulado\u00a0 Comunidad del Barrio La Florida,\u00a0 de Los Campamentos, solicita Destacar\u00a0 de manera Institucional al doctor Pedro Marcial Lucero con el titulo de Ciudadano Destacado, y CONSIDERANDO: Que la iniciativa nace de una inquietud\u00a0 de los habitantes del Barrio La Florida, que ha pensado\u00a0 en\u00a0 destacar\u00a0 a [&hellip;]<\/p>\n","protected":false},"author":1,"featured_media":983,"comment_status":"closed","ping_status":"closed","sticky":false,"template":"","format":"standard","meta":{"_acf_changed":false,"footnotes":""},"categories":[63,64],"tags":[],"class_list":["post-2317","post","type-post","status-publish","format-standard","has-post-thumbnail","hentry","category-ordenanzas","category-ordenanzasanteriores"],"acf":[],"_links":{"self":[{"href":"https:\/\/coworkdigital.com.ar\/hcd\/wp-json\/wp\/v2\/posts\/2317","targetHints":{"allow":["GET"]}}],"collection":[{"href":"https:\/\/coworkdigital.com.ar\/hcd\/wp-json\/wp\/v2\/posts"}],"about":[{"href":"https:\/\/coworkdigital.com.ar\/hcd\/wp-json\/wp\/v2\/types\/post"}],"author":[{"embeddable":true,"href":"https:\/\/coworkdigital.com.ar\/hcd\/wp-json\/wp\/v2\/users\/1"}],"replies":[{"embeddable":true,"href":"https:\/\/coworkdigital.com.ar\/hcd\/wp-json\/wp\/v2\/comments?post=2317"}],"version-history":[{"count":0,"href":"https:\/\/coworkdigital.com.ar\/hcd\/wp-json\/wp\/v2\/posts\/2317\/revisions"}],"wp:featuredmedia":[{"embeddable":true,"href":"https:\/\/coworkdigital.com.ar\/hcd\/wp-json\/wp\/v2\/media\/983"}],"wp:attachment":[{"href":"https:\/\/coworkdigital.com.ar\/hcd\/wp-json\/wp\/v2\/media?parent=2317"}],"wp:term":[{"taxonomy":"category","embeddable":true,"href":"https:\/\/coworkdigital.com.ar\/hcd\/wp-json\/wp\/v2\/categories?post=2317"},{"taxonomy":"post_tag","embeddable":true,"href":"https:\/\/coworkdigital.com.ar\/hcd\/wp-json\/wp\/v2\/tags?post=2317"}],"curies":[{"name":"wp","href":"https:\/\/api.w.org\/{rel}","templated":true}]}}