{"id":2339,"date":"2009-04-28T11:37:07","date_gmt":"2009-04-28T11:37:07","guid":{"rendered":"http:\/\/rd.gov.ar\/wp4\/?p=2339"},"modified":"2009-04-28T11:37:07","modified_gmt":"2009-04-28T11:37:07","slug":"ordenanza-4425-2009","status":"publish","type":"post","link":"https:\/\/coworkdigital.com.ar\/hcd\/ordenanza-4425-2009\/","title":{"rendered":"Ordenanza 4425-2009"},"content":{"rendered":"<p style=\"text-align: center;\"><strong><img fetchpriority=\"high\" decoding=\"async\" class=\"wp-image-1054 aligncenter\" src=\"http:\/\/rd.gov.ar\/wp4\/wp-content\/uploads\/2017\/02\/encabezado-300x60.jpg\" alt=\"\" width=\"669\" height=\"134\" \/><\/strong><\/p>\n<p style=\"text-align: center;\"><strong>ORDENANZA N\u00ba4.425<\/strong><\/p>\n<p style=\"text-align: justify;\"><strong>VISTO<br \/>\n<\/strong>El Expediente N\u00ba2009-00069-2, caratulado Bloque Concertaci\u00f3n, Concejales LomelliniMej\u00eda y Santino, presentan proyecto de Ordenanza referido a determinar la direcci\u00f3n de calle Sanz, y<\/p>\n<p style=\"text-align: justify;\"><strong>CONSIDERANDO<\/strong><br \/>\nEl doble sentido de circulaci\u00f3n de calle Sanz y su intenso tr\u00e1fico, que hace necesario tomar medidas que eviten accidentes, proyectando un recorrido racional y fluido en las calles de la Ciudad y un acceso r\u00e1pido a las salidas del Departamento.<br \/>\nQue calle Sanz, entre Lavalle y Sarmiento tiene doble direcci\u00f3n.<br \/>\nQue ello ocasiona un nudo, provocado por el tr\u00e1nsito de quienes circulan por calle Lavalle y giran hacia el Oeste por Sanz y los que transitan por esta misma v\u00eda hacia el Este realizando un codo en Lavalle para retomar Sanz hacia calle San Isidro.<br \/>\nQue la situaci\u00f3n se agrava por la concurrencia a los negocios existentes en calle Sanz y sobre Lavalle, frente\u00a0 a aquella.<\/p>\n<p style=\"text-align: justify;\"><strong>POR ELLO<\/strong><br \/>\nEl Concejo Deliberante de Rivadavia, Mendoza, y en uso de sus facultades:<\/p>\n<p style=\"text-align: center;\"><strong>ORDENA<\/strong><\/p>\n<p style=\"text-align: justify;\"><strong>Art\u00edculo 1\u00ba:<\/strong> Determ\u00ednase el sentido de circulaci\u00f3n de calle Sanz, de la Ciudad de Rivadavia, de Oeste a Este, en todo su recorrido, permitiendo desde el Oeste el acceso al centro de la Ciudad, quedando las calles paralelas y perpendiculares a la misma con el sentido de circulaci\u00f3n actual.<\/p>\n<p style=\"text-align: justify;\"><strong>Art\u00edculo 2\u00ba:<\/strong> El estacionamiento ser\u00e1 en direcci\u00f3n de marcha, es decir, costado derecho, de acuerdo a lo normado en el Cap\u00edtulo VII \u201cEstacionamiento y Seguridad\u201d, Art\u00edculo 58\u00ba de la Ley N\u00ba 6.082 (Ley de Tr\u00e1nsito y Transporte de la provincia de Mendoza).<\/p>\n<p style=\"text-align: justify;\"><strong>Art\u00edculo 3\u00ba:<\/strong> Der\u00f3gase el Art\u00edculo 1\u00ba de la Ordenanza N\u00ba 3.992\/02.<\/p>\n<p style=\"text-align: justify;\"><strong>Art\u00edculo 4\u00ba:<\/strong>\u00a0 Solicitar a la Direcci\u00f3n de V\u00edas y Medios de Transporte, la adaptaci\u00f3n de las luces del sem\u00e1foro ubicado en la intersecci\u00f3n de calles Sarmiento, Guemes y Sanz, debiendo tenerse en cuenta que calle Sanz tendr\u00e1 solamente sentido de marcha Oeste-Este.<\/p>\n<p style=\"text-align: justify;\"><strong>Art\u00edculo 5\u00ba:<\/strong> Rem\u00edtase copia de la presente a la Direcci\u00f3n de V\u00edas y Medios de Transporte de la Provincia, a la Delegaci\u00f3n Vial Zona Este y a la Sub Delegaci\u00f3n de la Polic\u00eda Vial de Rivadavia, para su conocimiento y dem\u00e1s efectos.<\/p>\n<p style=\"text-align: justify;\"><strong>Art\u00edculo 6\u00ba:<\/strong> Comun\u00edquese al Departamento Ejecutivo a sus efectos, e ins\u00e9rtese en el Libro de Ordenanzas de este Cuerpo.<\/p>\n<p style=\"text-align: justify;\">Dada en la Sala de Sesiones \u201cBandera Nacional Argentina\u201d, del Concejo Deliberante de Rivadavia, Mendoza, a los 28 d\u00edas del mes de abril de 2009.<\/p>\n<table>\n<tbody>\n<tr>\n<td style=\"text-align: center;\">JAVIER RODRIGUEZ<\/td>\n<td style=\"text-align: center;\">ENRIQUE LE\u00d3N<\/td>\n<\/tr>\n<tr>\n<td style=\"text-align: center;\">SECRETARIO C.D.<\/td>\n<td style=\"text-align: center;\">PRESIDENTE C.D.<\/td>\n<\/tr>\n<\/tbody>\n<\/table>\n<p style=\"text-align: right;\">Cpde. Expte. N\u00ba 2009-00069-2 C.D.<\/p>\n","protected":false},"excerpt":{"rendered":"<p>ORDENANZA N\u00ba4.425 VISTO El Expediente N\u00ba2009-00069-2, caratulado Bloque Concertaci\u00f3n, Concejales LomelliniMej\u00eda y Santino, presentan proyecto de Ordenanza referido a determinar la direcci\u00f3n de calle Sanz, y CONSIDERANDO El doble sentido de circulaci\u00f3n de calle Sanz y su intenso tr\u00e1fico, que hace necesario tomar medidas que eviten accidentes, proyectando un recorrido racional y fluido en las [&hellip;]<\/p>\n","protected":false},"author":1,"featured_media":983,"comment_status":"closed","ping_status":"closed","sticky":false,"template":"","format":"standard","meta":{"_acf_changed":false,"footnotes":""},"categories":[63,64],"tags":[],"class_list":["post-2339","post","type-post","status-publish","format-standard","has-post-thumbnail","hentry","category-ordenanzas","category-ordenanzasanteriores"],"acf":[],"_links":{"self":[{"href":"https:\/\/coworkdigital.com.ar\/hcd\/wp-json\/wp\/v2\/posts\/2339","targetHints":{"allow":["GET"]}}],"collection":[{"href":"https:\/\/coworkdigital.com.ar\/hcd\/wp-json\/wp\/v2\/posts"}],"about":[{"href":"https:\/\/coworkdigital.com.ar\/hcd\/wp-json\/wp\/v2\/types\/post"}],"author":[{"embeddable":true,"href":"https:\/\/coworkdigital.com.ar\/hcd\/wp-json\/wp\/v2\/users\/1"}],"replies":[{"embeddable":true,"href":"https:\/\/coworkdigital.com.ar\/hcd\/wp-json\/wp\/v2\/comments?post=2339"}],"version-history":[{"count":0,"href":"https:\/\/coworkdigital.com.ar\/hcd\/wp-json\/wp\/v2\/posts\/2339\/revisions"}],"wp:featuredmedia":[{"embeddable":true,"href":"https:\/\/coworkdigital.com.ar\/hcd\/wp-json\/wp\/v2\/media\/983"}],"wp:attachment":[{"href":"https:\/\/coworkdigital.com.ar\/hcd\/wp-json\/wp\/v2\/media?parent=2339"}],"wp:term":[{"taxonomy":"category","embeddable":true,"href":"https:\/\/coworkdigital.com.ar\/hcd\/wp-json\/wp\/v2\/categories?post=2339"},{"taxonomy":"post_tag","embeddable":true,"href":"https:\/\/coworkdigital.com.ar\/hcd\/wp-json\/wp\/v2\/tags?post=2339"}],"curies":[{"name":"wp","href":"https:\/\/api.w.org\/{rel}","templated":true}]}}