{"id":2341,"date":"2009-04-14T11:44:16","date_gmt":"2009-04-14T11:44:16","guid":{"rendered":"http:\/\/rd.gov.ar\/wp4\/?p=2341"},"modified":"2009-04-14T11:44:16","modified_gmt":"2009-04-14T11:44:16","slug":"ordenanza-4424-2009","status":"publish","type":"post","link":"https:\/\/coworkdigital.com.ar\/hcd\/ordenanza-4424-2009\/","title":{"rendered":"Ordenanza 4424-2009"},"content":{"rendered":"<p style=\"text-align: center;\"><strong><img fetchpriority=\"high\" decoding=\"async\" class=\"wp-image-1054 aligncenter\" src=\"http:\/\/rd.gov.ar\/wp4\/wp-content\/uploads\/2017\/02\/encabezado-300x60.jpg\" alt=\"\" width=\"669\" height=\"134\" \/><\/strong><\/p>\n<p style=\"text-align: center;\"><strong>ORDENANZA N\u00ba4.424<\/strong><\/p>\n<p style=\"text-align: justify;\"><strong>VISTO<\/strong><br \/>\nEl Expediente Municipal N\u00ba2009-04832-9, caratulado Director de Hacienda, eleva proyecto de Ordenanza referido adhesi\u00f3n a la Ley N\u00ba8.028, y<\/p>\n<p style=\"text-align: justify;\"><strong>CONSIDERANDO<\/strong><br \/>\nQue, por Decreto N\u00ba206\/09 de ncesidad y urgencia, muestra acabada de la discrecionalidad con que act\u00faa nuestra primera mandataria, la Presidenta Cristina Fern\u00e1ndez, decidi\u00f3 Formar el Fondo Solidario Federal, con las retenciones a la soja.<br \/>\nQue, sin duda que esta decisi\u00f3n, extrema el conflicto con el campo, haciendo part\u00edcipe de la confrontaci\u00f3n a las provincias y a los municipios, necesitados de recursos para su normal desenvolvimiento.<br \/>\nQue, en el panorama nacional se da una situaci\u00f3n que inquieta a la sociedad, y es la discusi\u00f3n entre gobierno y sector agropecuario, por las retenciones, tema que debe estar comprendido en un proyecto nacional de desarrollo que contemple una pol\u00edtica agropecuaria, como dice Horacio Giberti especialista en temas del agro, quien\u00a0 expresa que las retenciones son necesarias en este momento, y que si \u00e9stas son justas, se puede discutir un porcentaje.<br \/>\nQue, los gobernantes, economistas y el ciudadano com\u00fan, opinan que la se\u00f1ora Presidenta pudo repartir recursos provenientes de otros impuestos tal como ser\u00eda si ampliara la participaci\u00f3n con lo obtenido con el impuesto al cheque, o bien coparticipando el IVA, por nombrar algunos y as\u00ed evitar la dificil\u00a0 situaci\u00f3n que nos involucra.<br \/>\nQue, es necesario resolver la verdadera discusi\u00f3n por\u00a0 la distribuci\u00f3n de los recursos, donde se incluyan los del puerto y los otros, como opina Gabriel Bustos Herrera, en nota especial para Diario Los Andes, restableciendo el federalismo y las instituciones democr\u00e1ticas. Para ello el Gobierno Nacional debe cumplir con lo dispuesto en el Art\u00edculo 75\u00ba inc. 2 de la Constituci\u00f3n Nacional.<br \/>\nEstamos frente a esa coparticipaci\u00f3n, que nos ofrece hoy, de una forma tan criticable, dado de donde provienen los fondos y tan cercanas las elecciones, pero que es necesaria a las arcas del Municipio ya que el recurso est\u00e1 destinado a obras p\u00fablicas y a la generaci\u00f3n del trabajo.<\/p>\n<p style=\"text-align: justify;\"><strong>POR ELLO<\/strong><br \/>\nEl Concejo Deliberante de Rivadavia, Mendoza, y en uso de sus facultades:<\/p>\n<p style=\"text-align: center;\"><strong>ORDENA<\/strong><\/p>\n<p style=\"text-align: justify;\"><strong>Art\u00edculo 1\u00ba:<\/strong> Adherir a la Ley N\u00ba8.028\/09, mediante la cual la provincia de Mendoza, adhiere al Decreto Nacional N\u00ba206 de fecha 19 de marzo de 2009.<\/p>\n<p style=\"text-align: justify;\"><strong>Art\u00edculo 2\u00ba:<\/strong> Instar a la se\u00f1ora Presidenta para que de cumplimiento a lo preceptuado por el Art\u00edculo 75\u00ba inc.2 de la Constituci\u00f3n Nacional.<\/p>\n<p style=\"text-align: justify;\"><strong>Art\u00edculo 3\u00ba:<\/strong> Solicitar a la se\u00f1ora Presidenta\u00a0 que implemente un programa nacional de desarrollo que comprenda la plinificaci\u00f3n de una pol\u00edtica agropecuaria.<\/p>\n<p style=\"text-align: justify;\"><strong>Art\u00edculo 4\u00ba:<\/strong> Comun\u00edquese al Departamento Ejecutivo a sus efectos, e ins\u00e9rtese en el Libro de Ordenanzas de este Cuerpo.<\/p>\n<p style=\"text-align: justify;\">Dada en la Sala de Sesiones \u201cBandera Nacional Argentina\u201d, del Concejo Deliberante de Rivadavia, Mendoza, a los 14 d\u00edas del mes de abril de 2009.<\/p>\n<table>\n<tbody>\n<tr>\n<td style=\"text-align: center;\">JAVIER RODRIGUEZ<\/td>\n<td style=\"text-align: center;\">ENRIQUE LE\u00d3N<\/td>\n<\/tr>\n<tr>\n<td style=\"text-align: center;\">SECRETARIO C.D.<\/td>\n<td style=\"text-align: center;\">PRESIDENTE C.D.<\/td>\n<\/tr>\n<\/tbody>\n<\/table>\n<p style=\"text-align: right;\">Cpde. Expte. N\u00ba 2009-00091-6 C.D.<br \/>\nN\u00ba2009-04832-9 D.E.<\/p>\n","protected":false},"excerpt":{"rendered":"<p>ORDENANZA N\u00ba4.424 VISTO El Expediente Municipal N\u00ba2009-04832-9, caratulado Director de Hacienda, eleva proyecto de Ordenanza referido adhesi\u00f3n a la Ley N\u00ba8.028, y CONSIDERANDO Que, por Decreto N\u00ba206\/09 de ncesidad y urgencia, muestra acabada de la discrecionalidad con que act\u00faa nuestra primera mandataria, la Presidenta Cristina Fern\u00e1ndez, decidi\u00f3 Formar el Fondo Solidario Federal, con las retenciones [&hellip;]<\/p>\n","protected":false},"author":1,"featured_media":983,"comment_status":"closed","ping_status":"closed","sticky":false,"template":"","format":"standard","meta":{"_acf_changed":false,"footnotes":""},"categories":[63,64],"tags":[],"class_list":["post-2341","post","type-post","status-publish","format-standard","has-post-thumbnail","hentry","category-ordenanzas","category-ordenanzasanteriores"],"acf":[],"_links":{"self":[{"href":"https:\/\/coworkdigital.com.ar\/hcd\/wp-json\/wp\/v2\/posts\/2341","targetHints":{"allow":["GET"]}}],"collection":[{"href":"https:\/\/coworkdigital.com.ar\/hcd\/wp-json\/wp\/v2\/posts"}],"about":[{"href":"https:\/\/coworkdigital.com.ar\/hcd\/wp-json\/wp\/v2\/types\/post"}],"author":[{"embeddable":true,"href":"https:\/\/coworkdigital.com.ar\/hcd\/wp-json\/wp\/v2\/users\/1"}],"replies":[{"embeddable":true,"href":"https:\/\/coworkdigital.com.ar\/hcd\/wp-json\/wp\/v2\/comments?post=2341"}],"version-history":[{"count":0,"href":"https:\/\/coworkdigital.com.ar\/hcd\/wp-json\/wp\/v2\/posts\/2341\/revisions"}],"wp:featuredmedia":[{"embeddable":true,"href":"https:\/\/coworkdigital.com.ar\/hcd\/wp-json\/wp\/v2\/media\/983"}],"wp:attachment":[{"href":"https:\/\/coworkdigital.com.ar\/hcd\/wp-json\/wp\/v2\/media?parent=2341"}],"wp:term":[{"taxonomy":"category","embeddable":true,"href":"https:\/\/coworkdigital.com.ar\/hcd\/wp-json\/wp\/v2\/categories?post=2341"},{"taxonomy":"post_tag","embeddable":true,"href":"https:\/\/coworkdigital.com.ar\/hcd\/wp-json\/wp\/v2\/tags?post=2341"}],"curies":[{"name":"wp","href":"https:\/\/api.w.org\/{rel}","templated":true}]}}