{"id":2343,"date":"2009-04-01T12:18:25","date_gmt":"2009-04-01T12:18:25","guid":{"rendered":"http:\/\/rd.gov.ar\/wp4\/?p=2343"},"modified":"2009-04-01T12:18:25","modified_gmt":"2009-04-01T12:18:25","slug":"ordenanza-4423-2009","status":"publish","type":"post","link":"https:\/\/coworkdigital.com.ar\/hcd\/ordenanza-4423-2009\/","title":{"rendered":"Ordenanza 4423-2009"},"content":{"rendered":"<p style=\"text-align: center;\"><strong><img fetchpriority=\"high\" decoding=\"async\" class=\"wp-image-1054 aligncenter\" src=\"http:\/\/rd.gov.ar\/wp4\/wp-content\/uploads\/2017\/02\/encabezado-300x60.jpg\" alt=\"\" width=\"669\" height=\"134\" \/><\/strong><\/p>\n<p style=\"text-align: center;\"><strong>ORDENANZA N\u00ba4.423-09<\/strong><\/p>\n<p style=\"text-align: justify;\"><strong>VISTO:<br \/>\n<\/strong>La trascendencia nacional e internacional que ha tenido el fallecimiento del ex Presidente argentino Ra\u00fal Ricardo Alfons\u00edn, quien gobernara los destinos del Pa\u00eds desde 1983 a 1989, reinstalando definitivamente la democracia en Argentina, constantemente asediada por golpes y dictaduras militares desde 1930, y<\/p>\n<p style=\"text-align: justify;\"><strong>CONSIDERANDO<\/strong><br \/>\nQue sin dudas, la vida del Doctor Ra\u00fal Alfons\u00edn representa un arquetipo perdurable de lo que es una vida p\u00fablica ejemplar.<br \/>\nSu humildad, honestidad, sentido de la \u00e9tica y valent\u00eda, nos quedan c\u00f3mo mensajes y valores de una vida de desprendimientos y entregas. Pero adem\u00e1s su trayectoria, estilo y acci\u00f3n pol\u00edtica son derroteros imprescindibles para comprender la historia pol\u00edtica argentina y latinoamericana de fines del siglo XX,\u00a0 evidenciando en cada uno de sus gestos p\u00fablicos la figura de un estadista, art\u00edfice y forjador de los cimientos democr\u00e1ticos de Argentina del siglo XX, y tambi\u00e9n modelo e inspirador del despertar democr\u00e1tico de Latinoam\u00e9rica.<br \/>\nPol\u00edtico coherente y orador brillante, quien supo honrar su discurso con su conducta, actuando siempre guiado por la fuerza y convicci\u00f3n de sus ideas, en las que persisti\u00f3, nutri\u00f3 y defendi\u00f3 con fe y obstinaci\u00f3n, a\u00fan en los peores circunstancias. Quien no dud\u00f3 en firmar los habeas corpus y defender presos pol\u00edticos, cuando eso significaba jugarse la vida. Quien denunci\u00f3 la sin la raz\u00f3n de la guerra de Malvinas. Quien nos devolvi\u00f3 en forma de rezo laico a todos los argentinos, esas palabras que parec\u00edan olvidadas, el pre\u00e1mbulo de nuestra Constituci\u00f3n Nacional tan avasallada entonces y descuidadas hoy. Hizo de ese pre\u00e1mbulo su programa de gobierno. Siempre ser\u00e1n recordados los cierres de multitudinarios actos diciendo \u201cvamos a constituir la uni\u00f3n nacional, afianzar la justicia, consolidar la paz interior, proveer a la defensa com\u00fan, promover el bienestar general, y asegurar los beneficios de la libertad para nosotros, para nuestra posteridad y para todos los hombres del mundo que quieran habitar en el suelo argentino\u201d<br \/>\nHombre \u00edntegro, hecho de valores morales indiscutibles con los que vivi\u00f3 y muri\u00f3, sintiendo al hombre como centro de la vida, luchando por su dignidad, igualdad y emancipaci\u00f3n. Su obra pol\u00edtica nos habla siempre de di\u00e1logo, de paz, de lucha incansable por la justicia, por la igualdad de oportunidades, de amor por el pr\u00f3jimo.<br \/>\nDem\u00f3crata aut\u00e9ntico, que ense\u00f1\u00f3 que esa forma auto organizaci\u00f3n din\u00e1mica y plural de la sociedad es la forma para sostener la libertad, y tambi\u00e9n la salud, la educaci\u00f3n y el alimento de un Pueblo, as\u00ed repet\u00eda y nos ense\u00f1aba que con la democracia, no solo se elige, con la democracia tambi\u00e9n se come, se educa y se cura. Entend\u00eda la democracia es el ejercicio del di\u00e1logo y la negociaci\u00f3n, por eso remarcaba su vocaci\u00f3n por el consenso, como instrumento vital de la construcci\u00f3n pol\u00edtica en democracia, como producto del justo debate y una positiva deliberaci\u00f3n, en el que no caben supresiones, sino la necesaria inclusi\u00f3n de todas la voces, a\u00fan las minoritarias, por que es el consenso la garant\u00eda eficaz para sostener las pol\u00edticas de estado duraderas y que definen la identidad de una Naci\u00f3n.<br \/>\nPresidente en serio, con sus aciertos y errores fue sin dudas el mejor Presidente que ha tenido la argentina en los \u00faltimos 25 a\u00f1os. Durante su gesti\u00f3n, cumpli\u00f3 su promesa de enjuiciar y condenar a los responsables del terrorismo de estado, sentando el precedente para que en la Argentina nunca m\u00e1s se toleren atrocidades entre hermanos por el s\u00f3lo hecho de pensar distinto. Avanz\u00f3 en cuestiones donde el estado hab\u00eda estado ausente durante mucho tiempo, el plan alimentario nacional logr\u00f3 que incontables familias pudieran alimentarse sin prebenda o favor a cambio, se sancion\u00f3 la ley de divorcio y la patria potestad compartida logrando una hist\u00f3rica reivindicaci\u00f3n equiparando el g\u00e9nero ante los hijos, se concret\u00f3 el Acuerdo de Paz con Chile (a trav\u00e9s de la Consulta Popular por el Beagle), se avanz\u00f3 en la integraci\u00f3n regional, sentando las bases del Mercosur. Durante su gesti\u00f3n se ejerci\u00f3 un verdadero federalismo, d\u00e1ndole a las provincias lo que realmente les correspond\u00eda por la ley de coparticipaci\u00f3n federal, cualquiera fuera el signo de gobierno de esa provincia, es destacable la permanente consulta que ejerc\u00eda con la oposici\u00f3n para aquellas medidas que fueran superadoras de su propia gesti\u00f3n de gobierno y comprometieran el futuro del pa\u00eds. Adem\u00e1s se experiment\u00f3 un gran crecimiento en materia de servicios p\u00fablicos, una pol\u00edtica petrolera seria y un inmenso desarrollo gas\u00edfero trasladado en el acceso al gas natural barato para miles de ciudadanos que carec\u00edan de este servicio. La pol\u00edtica educativa de Ra\u00fal Alfons\u00edn es reconocida a\u00fan por sus adversarios pol\u00edticos como la m\u00e1s democr\u00e1tica y transparente; autonom\u00eda universitaria, concursos de c\u00e1tedras y acceso a las minor\u00edas estudiantiles a los consejos acad\u00e9micos fueron algunos de los logros.<br \/>\nHubieron sue\u00f1os no concretados: el proyecto del traslado de la Capital Federal a Viedma hubiera sido una gran medida para integrar y descentralizar el territorio argentino, una verdadera pol\u00edtica de Estado. La reforma de r\u00e9gimen presidencialista fue otro de sus grandes anhelos, una democracia parlamentaria hubiera permitido la canalizaci\u00f3n de las tensiones pol\u00edticas para enfrentar situaciones de crisis sin el desgaste a que se ve expuesto el poder ejecutivo de manera permanente evitando las tensiones entre los diversos poderes del estado.<br \/>\nAlfons\u00edn, tambi\u00e9n supo ser amigo, cultivando el afecto y la camarader\u00eda con correligionarios de distintas condiciones y de diferentes lugares del pa\u00eds y adem\u00e1s con compatriotas de otros partidos pol\u00edticos, del mismo modo cautivaba a los j\u00f3venes a quienes siempre les escuchaba y aconsejaba con palabras justas y paternales.<br \/>\nRa\u00fal Alfons\u00edn, fue \u2013 como dijo alguna vez Quino, en una s\u00edntesis genial &#8211; ese que nos demostr\u00f3 que todo lo que nos ense\u00f1an en la escuela, puede ser verdad.<br \/>\nPodremos decir, que Alfons\u00edn \u201cel Dem\u00f3crata\u201d, es el calificativo que mejor lo trasciende y sintetiza. Por ello y por todo lo expresado y escrito a esta altura, el reconocimiento a la memoria de este caudillo argentino, m\u00e1s que un homenaje a su persona, lo es a la democracia que logramos. Democracia que estamos comprometidos en ennoblecer, defender y mejorar, y que naturalmente cuando nos detengamos en ella, resonar\u00e1 en nuestro pensamiento el nombre de ALFONSIN, \u201cel padre de la Democracia, de nuestra Democracia\u201d, que es el gobierno y la autoridad de nuestro Pueblo soberano.<br \/>\nPero Alfons\u00edn \u201cel defensor y sost\u00e9n de los derechos humanos\u201d, es aquel que demuestra su fe y amor por los hombres, por los pobres y desvalidos, aquel que lo hace cercano a nuestros corazones y que nos constri\u00f1e a hacer de la argentina un mejor pa\u00eds, m\u00e1s justo, m\u00e1s fraterno y solidario. Su incansable lucha en esa direcci\u00f3n, junto a correligionarios y compa\u00f1eros, es reconocida por todas las fuerzas pol\u00edticas y por todos los hombres de Buena voluntad.<br \/>\nSe fue Ra\u00fal Alfons\u00edn, abogado de la libertad, fundador democracia moderna, militante, candidato, presidente, estadista, hombre de bien, correligionario. Su legado es la lucha imperecedera por los Derechos del Hombre, por una Naci\u00f3n Republicana, por el di\u00e1logo democr\u00e1tico: franco, firme y tolerante, y por la \u00e9tica como fundamento de la acci\u00f3n pol\u00edtica.<br \/>\nHoy, en este homenaje expresamos tambi\u00e9n nuestro compromiso inquebrantable por esas ideas y valores, esa es nuestra mejor ofrenda.<br \/>\nHa muerto un c\u00edvico. Ra\u00fal querido, te vamos a extra\u00f1ar.<br \/>\nAlfons\u00edn, ya no perteneces a los radicales, sino al Pueblo Argentino. Ra\u00fal est\u00e1s en el bronce y en nuestros corazones, por siempre.<\/p>\n<p style=\"text-align: justify;\"><strong>POR ELLO<\/strong><br \/>\nEl Concejo Deliberante de Rivadavia, Mendoza, y en uso de sus facultades:<\/p>\n<p style=\"text-align: center;\"><strong>ORDENA<\/strong><\/p>\n<p style=\"text-align: justify;\"><strong>Art\u00edculo\u00a0 1\u00ba:<\/strong> Nom\u00ednese Presidente <strong>Dr. RA\u00daL RICARDO ALFONSIN<\/strong>, a la Plaza del Palacio Municipal de Rivadavia.<\/p>\n<p style=\"text-align: justify;\"><strong>Art\u00edculo 2\u00ba:<\/strong> Ordenar al Departamento Ejecutivo Municipal, para que en conjunto con el Concejo Deliberante de Rivadavia, procedan a colocar una placa recordatoria en el promontorio de Homenajes de la Plaza especificada en el Art\u00edculo 1\u00ba de la presente.<\/p>\n<p style=\"text-align: justify;\"><strong>Art\u00edculo 3\u00ba:<\/strong> Remitir copia de la presente pieza legal, a los familiares del Dr. Ra\u00fal Ricardo Alfons\u00edn, para su conocimiento, exaltando el fuste c\u00edvico, compromiso social y honradez republicana de qui\u00e9n fuera el padre de la Democracia Argentina.<\/p>\n<p style=\"text-align: justify;\"><strong>Art\u00edculo 4\u00ba:<\/strong> Comun\u00edquese al Departamento Ejecutivo a sus efectos, e ins\u00e9rtese en el Libro de Ordenanzas de este Cuerpo.<\/p>\n<p style=\"text-align: justify;\">Dada en la Sala de Sesiones \u201cBandera Nacional Argentina\u201d, del Concejo Deliberante de Rivadavia, Mendoza, a los 01 d\u00edas del mes de abril de 2009.<\/p>\n<table>\n<tbody>\n<tr>\n<td style=\"text-align: center;\">JAVIER RODRIGUEZ<\/td>\n<td style=\"text-align: center;\">ENRIQUE LEON<\/td>\n<\/tr>\n<tr>\n<td style=\"text-align: center;\">SECRETARIO C.D.<\/td>\n<td style=\"text-align: center;\">PRESIDENTE C.D.<\/td>\n<\/tr>\n<\/tbody>\n<\/table>\n<p style=\"text-align: right;\">Cpde. Expte. N\u00ba 2009-00096-5 C.D.<\/p>\n","protected":false},"excerpt":{"rendered":"<p>ORDENANZA N\u00ba4.423-09 VISTO: La trascendencia nacional e internacional que ha tenido el fallecimiento del ex Presidente argentino Ra\u00fal Ricardo Alfons\u00edn, quien gobernara los destinos del Pa\u00eds desde 1983 a 1989, reinstalando definitivamente la democracia en Argentina, constantemente asediada por golpes y dictaduras militares desde 1930, y CONSIDERANDO Que sin dudas, la vida del Doctor Ra\u00fal [&hellip;]<\/p>\n","protected":false},"author":1,"featured_media":983,"comment_status":"closed","ping_status":"closed","sticky":false,"template":"","format":"standard","meta":{"_acf_changed":false,"footnotes":""},"categories":[63,64],"tags":[],"class_list":["post-2343","post","type-post","status-publish","format-standard","has-post-thumbnail","hentry","category-ordenanzas","category-ordenanzasanteriores"],"acf":[],"_links":{"self":[{"href":"https:\/\/coworkdigital.com.ar\/hcd\/wp-json\/wp\/v2\/posts\/2343","targetHints":{"allow":["GET"]}}],"collection":[{"href":"https:\/\/coworkdigital.com.ar\/hcd\/wp-json\/wp\/v2\/posts"}],"about":[{"href":"https:\/\/coworkdigital.com.ar\/hcd\/wp-json\/wp\/v2\/types\/post"}],"author":[{"embeddable":true,"href":"https:\/\/coworkdigital.com.ar\/hcd\/wp-json\/wp\/v2\/users\/1"}],"replies":[{"embeddable":true,"href":"https:\/\/coworkdigital.com.ar\/hcd\/wp-json\/wp\/v2\/comments?post=2343"}],"version-history":[{"count":0,"href":"https:\/\/coworkdigital.com.ar\/hcd\/wp-json\/wp\/v2\/posts\/2343\/revisions"}],"wp:featuredmedia":[{"embeddable":true,"href":"https:\/\/coworkdigital.com.ar\/hcd\/wp-json\/wp\/v2\/media\/983"}],"wp:attachment":[{"href":"https:\/\/coworkdigital.com.ar\/hcd\/wp-json\/wp\/v2\/media?parent=2343"}],"wp:term":[{"taxonomy":"category","embeddable":true,"href":"https:\/\/coworkdigital.com.ar\/hcd\/wp-json\/wp\/v2\/categories?post=2343"},{"taxonomy":"post_tag","embeddable":true,"href":"https:\/\/coworkdigital.com.ar\/hcd\/wp-json\/wp\/v2\/tags?post=2343"}],"curies":[{"name":"wp","href":"https:\/\/api.w.org\/{rel}","templated":true}]}}