{"id":2382,"date":"2008-11-25T09:40:44","date_gmt":"2008-11-25T09:40:44","guid":{"rendered":"http:\/\/rd.gov.ar\/wp4\/?p=2382"},"modified":"2008-11-25T09:40:44","modified_gmt":"2008-11-25T09:40:44","slug":"ordenanza-4406-2008","status":"publish","type":"post","link":"https:\/\/coworkdigital.com.ar\/hcd\/ordenanza-4406-2008\/","title":{"rendered":"Ordenanza 4406-2008"},"content":{"rendered":"<p style=\"text-align: center;\"><strong><img fetchpriority=\"high\" decoding=\"async\" class=\"wp-image-1054 aligncenter\" src=\"http:\/\/rd.gov.ar\/wp4\/wp-content\/uploads\/2017\/02\/encabezado-300x60.jpg\" alt=\"\" width=\"669\" height=\"134\" \/><\/strong><\/p>\n<p style=\"text-align: center;\"><strong>ORDENANZA N\u00ba 4.406<\/strong><\/p>\n<p style=\"text-align: justify;\"><strong>VISTO:<br \/>\n<\/strong>El Expediente Municipal N\u00ba 2008-11559-0, caratulado \u00c1rea de Vivienda, eleva Proyecto de Ordenanza, referido priorizaci\u00f3n de Proyectos habitacionales y acumulado Expediente N\u00ba 2008-00608-8, Concejal Javier Fornasari\u00a0 reitera pedido, y<\/p>\n<p style=\"text-align: justify;\"><strong>CONSIDERANDO:<\/strong><br \/>\nQue es intensi\u00f3n de la Pol\u00edtica Habitacional Provincial continuar trabajando con organizaciones de la sociedad civil que muestren procesos genuinos de organizaci\u00f3n y participaci\u00f3n para alcanzar la soluci\u00f3n habitacional.<br \/>\nQue, considerando est\u00e1 modalidad, existen Proyecto Habitacionales priorizados por este Municipio, desde la Direcci\u00f3n de Vivienda que se encuentran en lista de espera para la correspondiente licitaci\u00f3n o compulsa p\u00fablica, supeditada a la disposici\u00f3n y asignaci\u00f3n de fondos en el Instituto Provincial de Vivienda.<br \/>\nQue es inter\u00e9s de este municipio ratificar la priorizaci\u00f3n de los proyectos habitacionales incluidos en el cupo municipal de vivienda con el fin de promover mayor seguridad a los postulantes inscriptos en tales emprendimientos.<\/p>\n<p style=\"text-align: justify;\"><strong>POR ELLO:<\/strong><br \/>\nEl Concejo Deliberante de Rivadavia, Mendoza y es uso de sus facultades:<\/p>\n<p style=\"text-align: center;\"><strong>ORDENA<\/strong><\/p>\n<p style=\"text-align: justify;\"><strong>Art\u00edculo 1\u00ba:<\/strong> Apru\u00e9bese el listado de Proyecto Habitacionales priorizados por el Departamento Ejecutivo incluidos en Resoluci\u00f3n N\u00ba 1.668\/2007 del Instituto Provincial de la Vivienda con fecha 7 de diciembre de 2007 y solicitada por nota 0294 de la Municipalidad de Rivadavia con fecha 16 de enero de 2007 y\u00a0 ratificada por\u00a0 Resoluci\u00f3n 785 del 26 de junio de 2007 del I.P.V., el cual quedar\u00e1 priorizado seg\u00fan el presente orden:<\/p>\n<table>\n<tbody>\n<tr>\n<th>N\u00ba de ORDEN<\/th>\n<th>CANT. DE VIVIENDAS<\/th>\n<th>EMPRENDIMIENTOS<\/th>\n<\/tr>\n<tr>\n<td style=\"text-align: center;\">1<\/td>\n<td style=\"text-align: center;\">52<\/td>\n<td style=\"text-align: center;\">Centenario Sur, La Libertad (Licitado)<\/td>\n<\/tr>\n<tr>\n<td style=\"text-align: center;\">2<\/td>\n<td style=\"text-align: center;\">30<\/td>\n<td style=\"text-align: center;\">Individuales Privados 2<\/td>\n<\/tr>\n<tr>\n<td style=\"text-align: center;\">3<\/td>\n<td style=\"text-align: center;\">27<\/td>\n<td style=\"text-align: center;\">Individuales Privados 3<\/td>\n<\/tr>\n<tr>\n<td style=\"text-align: center;\">4<\/td>\n<td style=\"text-align: center;\">48<\/td>\n<td style=\"text-align: center;\">2\u00aa Barrio Jard\u00edn<\/td>\n<\/tr>\n<tr>\n<td style=\"text-align: center;\">5<\/td>\n<td style=\"text-align: center;\">30<\/td>\n<td style=\"text-align: center;\">Municipales<\/td>\n<\/tr>\n<tr>\n<td style=\"text-align: center;\">6<\/td>\n<td style=\"text-align: center;\">60<\/td>\n<td style=\"text-align: center;\">Rosicler<\/td>\n<\/tr>\n<tr>\n<td style=\"text-align: center;\">7<\/td>\n<td style=\"text-align: center;\">40<\/td>\n<td style=\"text-align: center;\">AMSA<\/td>\n<\/tr>\n<tr>\n<td style=\"text-align: center;\">8<\/td>\n<td style=\"text-align: center;\">41<\/td>\n<td style=\"text-align: center;\">Los Le\u00f1os<\/td>\n<\/tr>\n<tr>\n<td style=\"text-align: center;\">9<\/td>\n<td style=\"text-align: center;\">50<\/td>\n<td style=\"text-align: center;\">Los \u00c1rboles<\/td>\n<\/tr>\n<tr>\n<td style=\"text-align: center;\">10<\/td>\n<td style=\"text-align: center;\">26<\/td>\n<td style=\"text-align: center;\">26 Amigos<\/td>\n<\/tr>\n<tr>\n<td style=\"text-align: center;\">11<\/td>\n<td style=\"text-align: center;\">13<\/td>\n<td style=\"text-align: center;\">Jes\u00fas Misericordioso<\/td>\n<\/tr>\n<tr>\n<td style=\"text-align: center;\">12<\/td>\n<td style=\"text-align: center;\">15<\/td>\n<td style=\"text-align: center;\">Medrano<\/td>\n<\/tr>\n<tr>\n<td style=\"text-align: center;\">13<\/td>\n<td style=\"text-align: center;\">64<\/td>\n<td style=\"text-align: center;\">Santa Mar\u00eda de Oro<\/td>\n<\/tr>\n<tr>\n<td style=\"text-align: center;\">&#8212;<\/td>\n<td style=\"text-align: center;\"><strong>496<\/strong><\/td>\n<td style=\"text-align: center;\"><strong>TOTAL<\/strong><\/td>\n<\/tr>\n<\/tbody>\n<\/table>\n<p style=\"text-align: justify;\"><strong>Art\u00edculo 2\u00ba:<\/strong> Notif\u00edquese al Instituto Provincial de la Vivienda (I.P.V.)<\/p>\n<p style=\"text-align: justify;\"><strong>Art\u00edculo 3\u00ba:<\/strong> Comun\u00edquese al Departamento Ejecutivo a sus efectos, e ins\u00e9rtese en el Libro de Ordenanzas de este Cuerpo.<\/p>\n<p style=\"text-align: justify;\">Dada en la Sala de Sesiones Bandera Nacional Argentina del Concejo Deliberante de Rivadavia, Mendoza, a los 25 d\u00edas del mes de noviembre de 2008.<\/p>\n<table>\n<tbody>\n<tr>\n<td style=\"text-align: center;\">JAVIER RODR\u00cdGUEZ<\/td>\n<td style=\"text-align: center;\">ENRIQUE LE\u00d3N<\/td>\n<\/tr>\n<tr>\n<td style=\"text-align: center;\">SECRETARIO C.D.<\/td>\n<td style=\"text-align: center;\">PRESIDENTE C.D.<\/td>\n<\/tr>\n<\/tbody>\n<\/table>\n<p style=\"text-align: right;\">Cpde. Expte. N\u00ba 2008-00421-6-608-8 C.D.<br \/>\nN\u00ba 2008-11559-0-17057-9 D.E.<\/p>\n","protected":false},"excerpt":{"rendered":"<p>ORDENANZA N\u00ba 4.406 VISTO: El Expediente Municipal N\u00ba 2008-11559-0, caratulado \u00c1rea de Vivienda, eleva Proyecto de Ordenanza, referido priorizaci\u00f3n de Proyectos habitacionales y acumulado Expediente N\u00ba 2008-00608-8, Concejal Javier Fornasari\u00a0 reitera pedido, y CONSIDERANDO: Que es intensi\u00f3n de la Pol\u00edtica Habitacional Provincial continuar trabajando con organizaciones de la sociedad civil que muestren procesos genuinos de [&hellip;]<\/p>\n","protected":false},"author":1,"featured_media":983,"comment_status":"closed","ping_status":"closed","sticky":false,"template":"","format":"standard","meta":{"_acf_changed":false,"footnotes":""},"categories":[63,64],"tags":[],"class_list":["post-2382","post","type-post","status-publish","format-standard","has-post-thumbnail","hentry","category-ordenanzas","category-ordenanzasanteriores"],"acf":[],"_links":{"self":[{"href":"https:\/\/coworkdigital.com.ar\/hcd\/wp-json\/wp\/v2\/posts\/2382","targetHints":{"allow":["GET"]}}],"collection":[{"href":"https:\/\/coworkdigital.com.ar\/hcd\/wp-json\/wp\/v2\/posts"}],"about":[{"href":"https:\/\/coworkdigital.com.ar\/hcd\/wp-json\/wp\/v2\/types\/post"}],"author":[{"embeddable":true,"href":"https:\/\/coworkdigital.com.ar\/hcd\/wp-json\/wp\/v2\/users\/1"}],"replies":[{"embeddable":true,"href":"https:\/\/coworkdigital.com.ar\/hcd\/wp-json\/wp\/v2\/comments?post=2382"}],"version-history":[{"count":0,"href":"https:\/\/coworkdigital.com.ar\/hcd\/wp-json\/wp\/v2\/posts\/2382\/revisions"}],"wp:featuredmedia":[{"embeddable":true,"href":"https:\/\/coworkdigital.com.ar\/hcd\/wp-json\/wp\/v2\/media\/983"}],"wp:attachment":[{"href":"https:\/\/coworkdigital.com.ar\/hcd\/wp-json\/wp\/v2\/media?parent=2382"}],"wp:term":[{"taxonomy":"category","embeddable":true,"href":"https:\/\/coworkdigital.com.ar\/hcd\/wp-json\/wp\/v2\/categories?post=2382"},{"taxonomy":"post_tag","embeddable":true,"href":"https:\/\/coworkdigital.com.ar\/hcd\/wp-json\/wp\/v2\/tags?post=2382"}],"curies":[{"name":"wp","href":"https:\/\/api.w.org\/{rel}","templated":true}]}}