{"id":2471,"date":"2008-06-03T11:22:53","date_gmt":"2008-06-03T11:22:53","guid":{"rendered":"http:\/\/rd.gov.ar\/wp4\/?p=2471"},"modified":"2008-06-03T11:22:53","modified_gmt":"2008-06-03T11:22:53","slug":"ordenanza-4365-2008","status":"publish","type":"post","link":"https:\/\/coworkdigital.com.ar\/hcd\/ordenanza-4365-2008\/","title":{"rendered":"Ordenanza 4365-2008"},"content":{"rendered":"<p style=\"text-align: center;\"><strong><img fetchpriority=\"high\" decoding=\"async\" class=\"wp-image-1054 aligncenter\" src=\"http:\/\/rd.gov.ar\/wp4\/wp-content\/uploads\/2017\/02\/encabezado-300x60.jpg\" alt=\"\" width=\"669\" height=\"134\" \/><\/strong><\/p>\n<p style=\"text-align: center;\"><strong>ORDENANZA N\u00ba 4.365<\/strong><\/p>\n<p style=\"text-align: justify;\"><strong>VISTO<\/strong><br \/>\nEl Expediente N\u00ba 2008-00110-5, caratulado Bloque Justicialista, Concejales Da Rold \u2013 Terranova, presentan proyecto de Ordenanza, referido a la imposici\u00f3n del nombre \u201cH\u00e9ctor Carlos Arancibia\u201d a calle de radio urbano del Departamento, y<\/p>\n<p style=\"text-align: justify;\"><strong>CONSIDERANDO<\/strong><br \/>\nQue, H\u00e9ctor Carlos Arancibia fue un ciudadano rivadaviense que desde temprana edad sinti\u00f3 vocaci\u00f3n por la m\u00fasica y por la interpretaci\u00f3n de un instrumento fundamental del cancionero popular: la guitarra.<br \/>\nQue a los efectos de considerar su trayectoria prestigiosa en la carrera musical, se detalla una breve rese\u00f1a de la misma:<br \/>\n<strong>1940:<\/strong> Comienza la conformaci\u00f3n del conjunto \u201cLos Trovadores del Este\u201d<br \/>\n<strong>1950:<\/strong> Act\u00faan en Radio El Pueblo y Radio Mitre de Buenos Aires, como as\u00ed tambi\u00e9n en radio Pringues de San Luis.<br \/>\n<strong>1957:<\/strong> Rinde como autor y compositor de m\u00fasica (SADAIC), obteniendo el certificado N\u00ba 892 que lo habilita para tal fin.<br \/>\n<strong>1958:<\/strong> Gracias a la iniciativa de Jorge Rivas Paz y Santos Humberto Giunta act\u00faan en la antigua radio Splendid (hoy radio Nihuil).<br \/>\n<strong>1962:<\/strong> Los Trovadores del Este obtienen el primer premio en el Festival Latinoamericano de Folklore de R\u00edo Hondo (Santiago del Estero) con la canci\u00f3n Claveles Mendocinos.<br \/>\n<strong>1963:<\/strong> act\u00faan en la radio y televisi\u00f3n de Mar del Plata, siendo declarados por la prensa como el Conjunto del a\u00f1o. 1965: Viajan nuevamente a Buenos Aires para actuar en Radio Belgrano y Canal 13.<br \/>\n<strong>1966:<\/strong> Act\u00faan en el Festival Folcl\u00f3rico a beneficio de la lucha contra el c\u00e1ncer.<br \/>\n<strong>1968:<\/strong> Realizan actuaciones destacadas en radio y televisi\u00f3n de San Rafael.<br \/>\n<strong>1970:<\/strong> H\u00e9ctor Carlos Arancibia viaja como asesor de m\u00fasica cuyana al Festival de Cosqu\u00edn, cuya delegaci\u00f3n era presidida por el sr. Jorge Rivas Paz.<br \/>\n<strong>1984, 1985 y 1986:<\/strong> El nuevo grupo llamado D\u00fao Arancibia \u2013 Soto como invitados especiales y cultores de la m\u00fasica cuyana en el Teatro Independencia en la culminaci\u00f3n de las Jornadas en que se re\u00fanen los estudiosos del folclore de todo el pa\u00eds. Cantaron en todas las jornadas acompa\u00f1ados en piano por el maestro Alberto Rodr\u00edguez.<br \/>\n<strong>1984 hasta diciembre de 1991:<\/strong> Se desempe\u00f1o como profesor de guitarra en la Casa de la Cultura de Rivadavia.<br \/>\nTambi\u00e9n participo durante 40 eventos vend\u00edmiales del Departamento de Rivadavia y 12 de la provincia de Mendoza.<br \/>\n<span style=\"text-decoration: underline;\"><strong>Distinciones obtenidas<\/strong><\/span><\/p>\n<ul>\n<li style=\"text-align: justify;\">Medalla de Plata otorgada por Canal 7 y Canal 9 de Mendoza<\/li>\n<li style=\"text-align: justify;\">Guitarra de Oro \u2013 Guitarreada Crush<\/li>\n<li style=\"text-align: justify;\">Medalla de Oro al Sr. Arancibia como merito de su carrera art\u00edstica por parte de la Pe\u00f1ita Nihuil<\/li>\n<li style=\"text-align: justify;\">En el a\u00f1o 1990 la Municipalidad de Rivadavia premia los 50\u00aa a\u00f1os de trayectoria con una plaqueta recordatoria, entregada por el intendente municipal Dr. F\u00e9lix Pesce y el gobernador de la provincia Lic. Jos\u00e9 Octavio Bord\u00f3n.<\/li>\n<li style=\"text-align: justify;\">El 14 de noviembre de 1992, el Centro Tradicionalista de Jun\u00edn, hace entrega de trofeo \u201cHONOR AL M\u00c9RITO\u201d<\/li>\n<li style=\"text-align: justify;\">El 17 de abril de 1993, la agrupaci\u00f3n cultural \u201cPatria y Tradici\u00f3n\u201d lo distingue con el premio \u201cALGARROBO DE LA VIDA\u201d<\/li>\n<\/ul>\n<p style=\"text-align: justify;\">Adem\u00e1s quedan como herencia de su larga trayectoria al servicio del canto cuyano, la zamba <em>\u201cA ti Rivadavia\u201d<\/em> de la cual es autor junto con Osvaldo Salinas, la <em>\u201cCueca para mi pueblo\u201d<\/em>, letra de Rayner Gusberti y m\u00fasica de Carlos Arancibia y la polca <em>\u201cDo\u00f1a Celestina\u201d<\/em>, creada en homenaje a su madre.<br \/>\nNuestros o\u00eddos se engalanan con la majestuosidad de sus acordes y emiten una plegaria y un eterno homenaje a quien fue un verdadero exponente de la cultura local. Su notable popularidad, su esfuerzo y su trabajo constante hacen de H\u00e9ctor Carlos Arancibia un ciudadano ilustre, que supo valorar las costumbres de nuestra tierra, que difundi\u00f3 de manera incondicional la cultura cuyana, que fue embajador de nuestro departamento en distintos lugares y que dedic\u00f3 su vida a forjar, a trav\u00e9s de sus melod\u00edas, un Rivadavia lleno de esperanza, que progresa d\u00eda a d\u00eda.<br \/>\nAdem\u00e1s de su desarrollo dentro del quehacer cultural del Departamento, el Sr. H\u00e9ctor Carlos Arancibia se desempe\u00f1o como empleado municipal. Trabaj\u00f3 en la construcci\u00f3n de innumerables obras p\u00fablicas, coordinando los obreros que asfaltaron\u00a0 la mayor\u00eda de las calles del centro del departamento. Fue un operario ejemplar, que se caracteriz\u00f3 por su responsabilidad y dedicaci\u00f3n a su labor, recibiendo los beneficios de la jubilaci\u00f3n en esta tarea.<\/p>\n<p style=\"text-align: justify;\"><strong>POR ELLO<\/strong><br \/>\nEl Concejo Deliberante de Rivadavia, Mendoza y en uso de sus facultades:<\/p>\n<p style=\"text-align: center;\"><strong>ORDENA<\/strong><\/p>\n<p style=\"text-align: justify;\"><strong>Art\u00edculo 1\u00ba:<\/strong> Nom\u00ednese\u00a0 \u201cH\u00e9ctor Carlos Arancibia\u201d,\u00a0 a la calle p\u00fablica del Barrio IL \u2013 BRIC, comprendida entre calles Estrada y Ej\u00e9rcito de Los Andes, paralela a calle Juan XXIII.<\/p>\n<p style=\"text-align: justify;\"><strong>Art\u00edculo 2\u00ba:<\/strong> Autorizar al Departamento Ejecutivo a colocar carteles indicadores a la mencionada arteria.<\/p>\n<p style=\"text-align: justify;\"><strong>Art\u00edculo 3\u00ba:<\/strong> El gasto que demande la presente Ordenanza deber\u00e1 imputarse a la partida correspondiente del presupuesto vigente.<\/p>\n<p style=\"text-align: justify;\"><strong>Art\u00edculo 4\u00ba:<\/strong> Comun\u00edquese al Departamento Ejecutivo y a la Uni\u00f3n Vecinal del Barrio Il-Bric a sus efectos e ins\u00e9rtese en el Libro de Ordenanzas de este Cuerpo.<\/p>\n<p style=\"text-align: justify;\">Dada en la Sala de Sesiones , Bandera Nacional Argentina, del Concejo Deliberante de Rivadavia, Mendoza, a los 03 d\u00edas del mes de junio de 2008.<\/p>\n<table>\n<tbody>\n<tr>\n<td style=\"text-align: center;\">JAVIER RODRIGUEZ<\/td>\n<td style=\"text-align: center;\">ENRIQUE LEON<\/td>\n<\/tr>\n<tr>\n<td style=\"text-align: center;\">SECRETARIO C.D.<\/td>\n<td style=\"text-align: center;\">PRESIDENTE C.D.<\/td>\n<\/tr>\n<\/tbody>\n<\/table>\n<p style=\"text-align: right;\">Cpde. Expte. N\u00ba 2008-00110-5 C.D.<\/p>\n","protected":false},"excerpt":{"rendered":"<p>ORDENANZA N\u00ba 4.365 VISTO El Expediente N\u00ba 2008-00110-5, caratulado Bloque Justicialista, Concejales Da Rold \u2013 Terranova, presentan proyecto de Ordenanza, referido a la imposici\u00f3n del nombre \u201cH\u00e9ctor Carlos Arancibia\u201d a calle de radio urbano del Departamento, y CONSIDERANDO Que, H\u00e9ctor Carlos Arancibia fue un ciudadano rivadaviense que desde temprana edad sinti\u00f3 vocaci\u00f3n por la m\u00fasica [&hellip;]<\/p>\n","protected":false},"author":1,"featured_media":983,"comment_status":"closed","ping_status":"closed","sticky":false,"template":"","format":"standard","meta":{"_acf_changed":false,"footnotes":""},"categories":[63,64],"tags":[],"class_list":["post-2471","post","type-post","status-publish","format-standard","has-post-thumbnail","hentry","category-ordenanzas","category-ordenanzasanteriores"],"acf":[],"_links":{"self":[{"href":"https:\/\/coworkdigital.com.ar\/hcd\/wp-json\/wp\/v2\/posts\/2471","targetHints":{"allow":["GET"]}}],"collection":[{"href":"https:\/\/coworkdigital.com.ar\/hcd\/wp-json\/wp\/v2\/posts"}],"about":[{"href":"https:\/\/coworkdigital.com.ar\/hcd\/wp-json\/wp\/v2\/types\/post"}],"author":[{"embeddable":true,"href":"https:\/\/coworkdigital.com.ar\/hcd\/wp-json\/wp\/v2\/users\/1"}],"replies":[{"embeddable":true,"href":"https:\/\/coworkdigital.com.ar\/hcd\/wp-json\/wp\/v2\/comments?post=2471"}],"version-history":[{"count":0,"href":"https:\/\/coworkdigital.com.ar\/hcd\/wp-json\/wp\/v2\/posts\/2471\/revisions"}],"wp:featuredmedia":[{"embeddable":true,"href":"https:\/\/coworkdigital.com.ar\/hcd\/wp-json\/wp\/v2\/media\/983"}],"wp:attachment":[{"href":"https:\/\/coworkdigital.com.ar\/hcd\/wp-json\/wp\/v2\/media?parent=2471"}],"wp:term":[{"taxonomy":"category","embeddable":true,"href":"https:\/\/coworkdigital.com.ar\/hcd\/wp-json\/wp\/v2\/categories?post=2471"},{"taxonomy":"post_tag","embeddable":true,"href":"https:\/\/coworkdigital.com.ar\/hcd\/wp-json\/wp\/v2\/tags?post=2471"}],"curies":[{"name":"wp","href":"https:\/\/api.w.org\/{rel}","templated":true}]}}