{"id":2491,"date":"2008-04-15T11:12:03","date_gmt":"2008-04-15T11:12:03","guid":{"rendered":"http:\/\/rd.gov.ar\/wp4\/?p=2491"},"modified":"2008-04-15T11:12:03","modified_gmt":"2008-04-15T11:12:03","slug":"ordenanza-4355-2008","status":"publish","type":"post","link":"https:\/\/coworkdigital.com.ar\/hcd\/ordenanza-4355-2008\/","title":{"rendered":"Ordenanza 4355-2008"},"content":{"rendered":"<p style=\"text-align: center;\"><strong><img fetchpriority=\"high\" decoding=\"async\" class=\"wp-image-1054 aligncenter\" src=\"http:\/\/rd.gov.ar\/wp4\/wp-content\/uploads\/2017\/02\/encabezado-300x60.jpg\" alt=\"\" width=\"669\" height=\"134\" \/><\/strong><\/p>\n<p style=\"text-align: center;\"><strong>ORDENANZA N\u00ba 4.355<\/strong><\/p>\n<p style=\"text-align: justify;\"><strong>VISTO:<\/strong><br \/>\nEl Expediente N\u00ba 2008-00188-1, caratulado Bloque Concertaci\u00f3n, Concejales Santino \u2013 Mej\u00eda, presentan proyecto de Ordenanza, referido a construcci\u00f3n de bad\u00e9n de hormig\u00f3n y compactaci\u00f3n de calle Cano, y<\/p>\n<p style=\"text-align: justify;\"><strong>CONSIDERANDO:<br \/>\n<\/strong>La Necesidad de unir los distritos de La Reducci\u00f3n y Medrano por un paso de menor distancia, ya que los habitantes de dichos lugares atraviesan a diario por el cause a la altura de Calle Cano, cuando el agua lo permite; cuando no se puede por motivos h\u00eddricos se ven forzados a recorrer una distancia de 22 Km. por calle La Legua y por Carril Albard\u00f3n en forma indistinta, sum\u00e1ndose a esto la gran cantidad de estudiantes que cruzan de Reducci\u00f3n a Medrano para asistir a la escuela comercial.<br \/>\nQue estas obras acortar\u00edan en 18 km la distancia entre estos Distritos, produciendo un ahorro considerable en tiempo y dinero de las familias de la zona. Adem\u00e1s de mejorar en forma sustancial la conectividad, inclusive con la gente que ingresa desde el sur-oeste a nuestro Departamento.<br \/>\nQue las mismas producir\u00edan un impacto positivo en las actividades agr\u00edcolas, sobre todo en \u00e9poca de cosecha, ya que podr\u00edan transitar los camiones, con el consiguiente ahorro que esto significar\u00eda en combustible y tiempo, facilitando el acceso\u00a0 de obreros que transitan a diario este tramo para llegar a las bodegas y fincas del lugar.<br \/>\nQue en alguna medida se contribuir\u00e1 a cuidar la integridad de las personas ya que la obra les permitir\u00eda un cruce m\u00e1s seguro. Debemos recordar lamentablemente la muerte de un estudiante a\u00f1os atr\u00e1s al vadear dicho cauce.<\/p>\n<p style=\"text-align: justify;\"><strong>POR ELLO:<\/strong><br \/>\nEl Concejo Deliberante de Rivadavia, Mendoza y en uso de sus facultades:<\/p>\n<p style=\"text-align: center;\"><strong>ORDENA<\/strong><\/p>\n<p style=\"text-align: justify;\"><strong>Art\u00edculo 1\u00ba:<\/strong> El Departamento Ejecutivo deber\u00e1 iniciar los estudios de factibilidad, en coordinaci\u00f3n con las Direcciones del Gobierno de la Provincia que correspondan, para la construcci\u00f3n de un bad\u00e9n de hormig\u00f3n y entubado sobre el R\u00edo Tunuy\u00e1n y la compactaci\u00f3n de Calle Cano, desde Ruta 62 hacia al norte hasta\u00a0 Calle Tres Acequias de Medrano.<\/p>\n<p style=\"text-align: justify;\"><strong>Art\u00edculo 2\u00ba:<\/strong> El Departamento Ejecutivo censar\u00e1 en coordinaci\u00f3n con este Concejo el impacto que esta obra represente, respecto de cantidad de alumnos y\u00a0 trabajadores que utilizan este paso.<\/p>\n<p style=\"text-align: justify;\"><strong>Art\u00edculo 3\u00ba:<\/strong> El Departamento Ejecutivo en conjunto con este Concejo realizar\u00e1 reuniones con los vecinos para interiorizarlos respecto al proyecto de obra.<\/p>\n<p style=\"text-align: justify;\"><strong>Art\u00edculo 4\u00ba:<\/strong> Comun\u00edquese al Departamento Ejecutivo a sus efectos, e ins\u00e9rtese en el Libro de Ordenanzas de este Cuerpo.<\/p>\n<p style=\"text-align: justify;\">Dada en la Sala de Sesiones Bandera Nacional Argentina, del Concejo Deliberante de Rivadavia, Mendoza, a los 15 d\u00edas del mes de abril de 2008.<\/p>\n<table>\n<tbody>\n<tr>\n<td style=\"text-align: center;\">JAVIER RODRIGUEZ<\/td>\n<td style=\"text-align: center;\">ENRIQUE LEON<\/td>\n<\/tr>\n<tr>\n<td style=\"text-align: center;\">SECRETARIO C.D.<\/td>\n<td style=\"text-align: center;\">PRESIDENTE C.D.<\/td>\n<\/tr>\n<\/tbody>\n<\/table>\n<p style=\"text-align: right;\">Cpde. Expte. N\u00ba 2008-00188-1 C.D.<\/p>\n","protected":false},"excerpt":{"rendered":"<p>ORDENANZA N\u00ba 4.355 VISTO: El Expediente N\u00ba 2008-00188-1, caratulado Bloque Concertaci\u00f3n, Concejales Santino \u2013 Mej\u00eda, presentan proyecto de Ordenanza, referido a construcci\u00f3n de bad\u00e9n de hormig\u00f3n y compactaci\u00f3n de calle Cano, y CONSIDERANDO: La Necesidad de unir los distritos de La Reducci\u00f3n y Medrano por un paso de menor distancia, ya que los habitantes de [&hellip;]<\/p>\n","protected":false},"author":1,"featured_media":983,"comment_status":"closed","ping_status":"closed","sticky":false,"template":"","format":"standard","meta":{"_acf_changed":false,"footnotes":""},"categories":[63,64],"tags":[],"class_list":["post-2491","post","type-post","status-publish","format-standard","has-post-thumbnail","hentry","category-ordenanzas","category-ordenanzasanteriores"],"acf":[],"_links":{"self":[{"href":"https:\/\/coworkdigital.com.ar\/hcd\/wp-json\/wp\/v2\/posts\/2491","targetHints":{"allow":["GET"]}}],"collection":[{"href":"https:\/\/coworkdigital.com.ar\/hcd\/wp-json\/wp\/v2\/posts"}],"about":[{"href":"https:\/\/coworkdigital.com.ar\/hcd\/wp-json\/wp\/v2\/types\/post"}],"author":[{"embeddable":true,"href":"https:\/\/coworkdigital.com.ar\/hcd\/wp-json\/wp\/v2\/users\/1"}],"replies":[{"embeddable":true,"href":"https:\/\/coworkdigital.com.ar\/hcd\/wp-json\/wp\/v2\/comments?post=2491"}],"version-history":[{"count":0,"href":"https:\/\/coworkdigital.com.ar\/hcd\/wp-json\/wp\/v2\/posts\/2491\/revisions"}],"wp:featuredmedia":[{"embeddable":true,"href":"https:\/\/coworkdigital.com.ar\/hcd\/wp-json\/wp\/v2\/media\/983"}],"wp:attachment":[{"href":"https:\/\/coworkdigital.com.ar\/hcd\/wp-json\/wp\/v2\/media?parent=2491"}],"wp:term":[{"taxonomy":"category","embeddable":true,"href":"https:\/\/coworkdigital.com.ar\/hcd\/wp-json\/wp\/v2\/categories?post=2491"},{"taxonomy":"post_tag","embeddable":true,"href":"https:\/\/coworkdigital.com.ar\/hcd\/wp-json\/wp\/v2\/tags?post=2491"}],"curies":[{"name":"wp","href":"https:\/\/api.w.org\/{rel}","templated":true}]}}