{"id":2531,"date":"2007-11-23T10:25:24","date_gmt":"2007-11-23T10:25:24","guid":{"rendered":"http:\/\/rd.gov.ar\/wp4\/?p=2531"},"modified":"2007-11-23T10:25:24","modified_gmt":"2007-11-23T10:25:24","slug":"ordenanza-4336-2007","status":"publish","type":"post","link":"https:\/\/coworkdigital.com.ar\/hcd\/ordenanza-4336-2007\/","title":{"rendered":"Ordenanza 4336-2007"},"content":{"rendered":"<p style=\"text-align: center;\"><strong><img fetchpriority=\"high\" decoding=\"async\" class=\"wp-image-1054 aligncenter\" src=\"http:\/\/rd.gov.ar\/wp4\/wp-content\/uploads\/2017\/02\/encabezado-300x60.jpg\" alt=\"\" width=\"669\" height=\"134\" \/><\/strong><\/p>\n<p style=\"text-align: center;\"><strong>ORDENANZA N\u00b0 4.336<\/strong><\/p>\n<p style=\"text-align: justify;\"><strong>VISTO:<\/strong><br \/>\nEl Expediente N\u00b0 2007- 00332-6, caratulado vecinos del distrito Medrano solicitan se nomine con el Nombre \u201cEmilio Abraham Padre\u201d a la plaza de ese Distrito, y<\/p>\n<p style=\"text-align: justify;\"><strong>CONSIDERANDO:<\/strong><br \/>\nQue Emilio Abraham fue un luchador incansable y vivi\u00f3 hasta su muerte en el distrito de Medrano junto a su familia.<br \/>\nQue a su vida la caracteriz\u00f3 la sencillez y el respeto por el valor de la palabra.<br \/>\nQue fue una persona de fe y muy solidario, por lo que colabor\u00f3 con las distintas Instituciones del Pueblo.<br \/>\nQue en sus \u00faltimos a\u00f1os acompa\u00f1\u00f3 al Padre Franco Viotto en la realizaci\u00f3n del Foyer de Charit\u00e9, primera casa de retiros de ese carisma, fundada en Medrano.<\/p>\n<p style=\"text-align: justify;\"><strong>POR ELLO<br \/>\n<\/strong>El Concejo Deliberante de Rivadavia, Mendoza y en uso de sus facultades:<\/p>\n<p style=\"text-align: center;\"><strong>ORDENA:<\/strong><\/p>\n<p style=\"text-align: justify;\"><strong>Art\u00edculo 1\u00b0:<\/strong> Nom\u00ednese Emilio Abraham (Padre) a\u00a0 la Plaza ubicada en calle Angelino Arenas y Santa Mar\u00eda de Oro, del distrito Medrano, departamento de Rivadavia.<\/p>\n<p style=\"text-align: justify;\"><strong>Art\u00edculo 2\u00b0:<\/strong> Rem\u00edtase copia de la presente pieza legal a los peticionantes para su conocimiento y dem\u00e1s efectos.<\/p>\n<p style=\"text-align: justify;\"><strong>Art\u00edculo 3\u00b0:<\/strong> Comun\u00edquese al Departamento Ejecutivo a sus efectos, dese al Registro Municipal, publ\u00edquese e ins\u00e9rtese en el Libro de Ordenanzas de este Cuerpo.<\/p>\n<p style=\"text-align: justify;\">Dada en la Sala de Sesiones Bandera Nacional Argentina, del Concejo Deliberante de Rivadavia, Mendoza, a los 23 d\u00edas del mes de noviembre de 2007.<\/p>\n<table>\n<tbody>\n<tr>\n<td style=\"text-align: center;\">RUBEN DARIO GRANDO<\/td>\n<td style=\"text-align: center;\">RUBEN VICENTE<\/td>\n<\/tr>\n<tr>\n<td style=\"text-align: center;\">SECRETARIO C.D.<\/td>\n<td style=\"text-align: center;\">VICEPRESIDENTE 2\u00b0 C.D.<\/td>\n<\/tr>\n<\/tbody>\n<\/table>\n<p style=\"text-align: right;\">Cpde. Expte. N\u00ba 2007-00332-6 C.D.<\/p>\n","protected":false},"excerpt":{"rendered":"<p>ORDENANZA N\u00b0 4.336 VISTO: El Expediente N\u00b0 2007- 00332-6, caratulado vecinos del distrito Medrano solicitan se nomine con el Nombre \u201cEmilio Abraham Padre\u201d a la plaza de ese Distrito, y CONSIDERANDO: Que Emilio Abraham fue un luchador incansable y vivi\u00f3 hasta su muerte en el distrito de Medrano junto a su familia. Que a su [&hellip;]<\/p>\n","protected":false},"author":1,"featured_media":983,"comment_status":"closed","ping_status":"closed","sticky":false,"template":"","format":"standard","meta":{"_acf_changed":false,"footnotes":""},"categories":[63,64],"tags":[],"class_list":["post-2531","post","type-post","status-publish","format-standard","has-post-thumbnail","hentry","category-ordenanzas","category-ordenanzasanteriores"],"acf":[],"_links":{"self":[{"href":"https:\/\/coworkdigital.com.ar\/hcd\/wp-json\/wp\/v2\/posts\/2531","targetHints":{"allow":["GET"]}}],"collection":[{"href":"https:\/\/coworkdigital.com.ar\/hcd\/wp-json\/wp\/v2\/posts"}],"about":[{"href":"https:\/\/coworkdigital.com.ar\/hcd\/wp-json\/wp\/v2\/types\/post"}],"author":[{"embeddable":true,"href":"https:\/\/coworkdigital.com.ar\/hcd\/wp-json\/wp\/v2\/users\/1"}],"replies":[{"embeddable":true,"href":"https:\/\/coworkdigital.com.ar\/hcd\/wp-json\/wp\/v2\/comments?post=2531"}],"version-history":[{"count":0,"href":"https:\/\/coworkdigital.com.ar\/hcd\/wp-json\/wp\/v2\/posts\/2531\/revisions"}],"wp:featuredmedia":[{"embeddable":true,"href":"https:\/\/coworkdigital.com.ar\/hcd\/wp-json\/wp\/v2\/media\/983"}],"wp:attachment":[{"href":"https:\/\/coworkdigital.com.ar\/hcd\/wp-json\/wp\/v2\/media?parent=2531"}],"wp:term":[{"taxonomy":"category","embeddable":true,"href":"https:\/\/coworkdigital.com.ar\/hcd\/wp-json\/wp\/v2\/categories?post=2531"},{"taxonomy":"post_tag","embeddable":true,"href":"https:\/\/coworkdigital.com.ar\/hcd\/wp-json\/wp\/v2\/tags?post=2531"}],"curies":[{"name":"wp","href":"https:\/\/api.w.org\/{rel}","templated":true}]}}