{"id":2611,"date":"2007-07-24T13:56:35","date_gmt":"2007-07-24T13:56:35","guid":{"rendered":"http:\/\/rd.gov.ar\/wp4\/?p=2611"},"modified":"2007-07-24T13:56:35","modified_gmt":"2007-07-24T13:56:35","slug":"ordenanza-4315-2007","status":"publish","type":"post","link":"https:\/\/coworkdigital.com.ar\/hcd\/ordenanza-4315-2007\/","title":{"rendered":"Ordenanza 4315-2007"},"content":{"rendered":"<p style=\"text-align: center;\"><strong><img fetchpriority=\"high\" decoding=\"async\" class=\"wp-image-1054 aligncenter\" src=\"http:\/\/rd.gov.ar\/wp4\/wp-content\/uploads\/2017\/02\/encabezado-300x60.jpg\" alt=\"\" width=\"669\" height=\"134\" \/><\/strong><\/p>\n<p style=\"text-align: center;\"><strong>ORDENANZA N\u00ba 4.315<\/strong><\/p>\n<p style=\"text-align: justify;\"><strong>VISTO:<\/strong><br \/>\nEl Expediente N\u00ba 2007-00188-2, caratulado Bloque Radical, Concejales Seoane, Lomelini, Guti\u00e9rrez y Le\u00f3n, presentan proyecto de Ordenanza referido a la recolecci\u00f3n de desechos de jard\u00edn y forestales de la v\u00eda p\u00fablica, y<\/p>\n<p style=\"text-align: justify;\"><strong>CONSIDERANDO:<\/strong><br \/>\nLa gran cantidad de desechos forestales que se arrojan diariamente a la v\u00eda p\u00fablica, ocasionando dificultad para el estacionamiento y la normal circulaci\u00f3n del tr\u00e1nsito vehicular.<br \/>\nQue el Municipio ha implementado\u00a0 un circuito de recolecci\u00f3n semanal y por zonas, en los distintos Barrios del Departamento, retirando una vez por semana los residuos que los vecinos depositan junto al cord\u00f3n de la calzada.<br \/>\nQue en muchos casos existen vecinos que depositan estos residuos posteriormente a la recolecci\u00f3n, permaneciendo los mismos por seis y hasta por siete d\u00edas en la v\u00eda p\u00fablica.<br \/>\nQue, en la Tarifar\u00eda Municipal en su art\u00edculo 81\u00b0 se contempla solamente el retiro de tierras, \u00e1ridos y\/o escombros, omitiendo el retiro de desechos forestales en\u00a0 cantidad.<\/p>\n<p style=\"text-align: justify;\"><strong>POR ELLO:<\/strong><br \/>\nEl Concejo Deliberante de Rivadavia, Mendoza y en uso de sus facultades:<\/p>\n<p style=\"text-align: center;\"><strong>ORDENA<\/strong><\/p>\n<p style=\"text-align: justify;\"><strong>Art\u00edculo 1\u00b0<\/strong>: Modif\u00edcase la Ordenanza N\u00b0 4.291, incorporando el art\u00edculo 81\u00b0 bis, el cual quedar\u00e1 redactado de la siguiente manera: <strong>Art\u00edculo 81\u00b0 bis:<\/strong> Por realizar la recolecci\u00f3n de la v\u00eda p\u00fablica de desechos de jard\u00edn y desrame de forestales (excepto poda del arbolado p\u00fablico), se abonar\u00e1 lo siguiente:<\/p>\n<p style=\"text-align: justify; padding-left: 30px;\">Por 1\/3 del cami\u00f3n recolector (2 metros c\u00fabicos)\u00a0 . . . . . . . . . . .\u00a0\u00a0\u00a0 104,00\u00a0 U.T.M.<br \/>\nPor 1\/2 del cami\u00f3n recolector (3 metros c\u00fabicos)\u00a0 . . . . . . . . . . .\u00a0\u00a0\u00a0 136,00\u00a0 U.T.M.<br \/>\nPor la totalidad del cami\u00f3n recolector ( 6 metros c\u00fabicos)\u00a0 . . . .\u00a0\u00a0\u00a0\u00a0 170,00 U.T.M.<\/p>\n<p style=\"text-align: justify;\">Antes de proceder a la recolecci\u00f3n de los desechos, el Municipio deber\u00e1 emitir la notificaci\u00f3n aclar\u00e1ndole al vecino, el monto que se cargar\u00e1 al padr\u00f3n Municipal.<\/p>\n<p style=\"text-align: justify;\"><strong>Art\u00edculo 2\u00b0:<\/strong> Comun\u00edquese al Departamento Ejecutivo a sus efectos e ins\u00e9rtese en el Libro de Ordenanzas de este Cuerpo.<\/p>\n<p style=\"text-align: justify;\">Dada en la Sala de Sesiones Bandera Nacional Argentina, del Concejo Deliberante de Rivadavia, Mendoza, a los 24 d\u00edas del mes de julio de 2007.<\/p>\n<table>\n<tbody>\n<tr>\n<td style=\"text-align: center;\">RUBEN DARIO GRANDO<\/td>\n<td style=\"text-align: center;\">FLORINDA SEOANE<\/td>\n<\/tr>\n<tr>\n<td style=\"text-align: center;\">SECRETARIO C.D.<\/td>\n<td style=\"text-align: center;\">PRESIDENTE C.D.<\/td>\n<\/tr>\n<\/tbody>\n<\/table>\n<p style=\"text-align: right;\">Cpde. Expte. N\u00ba 2007-00188-2 C.D.<\/p>\n","protected":false},"excerpt":{"rendered":"<p>ORDENANZA N\u00ba 4.315 VISTO: El Expediente N\u00ba 2007-00188-2, caratulado Bloque Radical, Concejales Seoane, Lomelini, Guti\u00e9rrez y Le\u00f3n, presentan proyecto de Ordenanza referido a la recolecci\u00f3n de desechos de jard\u00edn y forestales de la v\u00eda p\u00fablica, y CONSIDERANDO: La gran cantidad de desechos forestales que se arrojan diariamente a la v\u00eda p\u00fablica, ocasionando dificultad para el [&hellip;]<\/p>\n","protected":false},"author":1,"featured_media":983,"comment_status":"closed","ping_status":"closed","sticky":false,"template":"","format":"standard","meta":{"_acf_changed":false,"footnotes":""},"categories":[63,64],"tags":[],"class_list":["post-2611","post","type-post","status-publish","format-standard","has-post-thumbnail","hentry","category-ordenanzas","category-ordenanzasanteriores"],"acf":[],"_links":{"self":[{"href":"https:\/\/coworkdigital.com.ar\/hcd\/wp-json\/wp\/v2\/posts\/2611","targetHints":{"allow":["GET"]}}],"collection":[{"href":"https:\/\/coworkdigital.com.ar\/hcd\/wp-json\/wp\/v2\/posts"}],"about":[{"href":"https:\/\/coworkdigital.com.ar\/hcd\/wp-json\/wp\/v2\/types\/post"}],"author":[{"embeddable":true,"href":"https:\/\/coworkdigital.com.ar\/hcd\/wp-json\/wp\/v2\/users\/1"}],"replies":[{"embeddable":true,"href":"https:\/\/coworkdigital.com.ar\/hcd\/wp-json\/wp\/v2\/comments?post=2611"}],"version-history":[{"count":0,"href":"https:\/\/coworkdigital.com.ar\/hcd\/wp-json\/wp\/v2\/posts\/2611\/revisions"}],"wp:featuredmedia":[{"embeddable":true,"href":"https:\/\/coworkdigital.com.ar\/hcd\/wp-json\/wp\/v2\/media\/983"}],"wp:attachment":[{"href":"https:\/\/coworkdigital.com.ar\/hcd\/wp-json\/wp\/v2\/media?parent=2611"}],"wp:term":[{"taxonomy":"category","embeddable":true,"href":"https:\/\/coworkdigital.com.ar\/hcd\/wp-json\/wp\/v2\/categories?post=2611"},{"taxonomy":"post_tag","embeddable":true,"href":"https:\/\/coworkdigital.com.ar\/hcd\/wp-json\/wp\/v2\/tags?post=2611"}],"curies":[{"name":"wp","href":"https:\/\/api.w.org\/{rel}","templated":true}]}}