{"id":2649,"date":"2007-04-17T11:00:11","date_gmt":"2007-04-17T11:00:11","guid":{"rendered":"http:\/\/rd.gov.ar\/wp4\/?p=2649"},"modified":"2007-04-17T11:00:11","modified_gmt":"2007-04-17T11:00:11","slug":"ordenanza-4297-2007","status":"publish","type":"post","link":"https:\/\/coworkdigital.com.ar\/hcd\/ordenanza-4297-2007\/","title":{"rendered":"Ordenanza 4297-2007"},"content":{"rendered":"<p style=\"text-align: center;\"><strong><img fetchpriority=\"high\" decoding=\"async\" class=\"wp-image-1054 aligncenter\" src=\"http:\/\/rd.gov.ar\/wp4\/wp-content\/uploads\/2017\/02\/encabezado-300x60.jpg\" alt=\"\" width=\"669\" height=\"134\" \/><\/strong><\/p>\n<p style=\"text-align: center;\"><strong>ORDENANZA N\u00b04.297<\/strong><\/p>\n<p style=\"text-align: justify;\"><strong>VISTO<br \/>\n<\/strong>El Expediente N\u00b02007-00101-5, caratulado \u201cEdiles de este Cuerpo presentan Proyecto de Ordenanza, referido a \u201cDeclarar Patrimonio Hist\u00f3rico Cultural Departamental, la sede de la Jefatura local de Polic\u00eda\u201d, y<\/p>\n<p style=\"text-align: justify;\"><strong>CONSIDERANDO<\/strong><br \/>\nLa necesidad de instrumentar acciones \u00fatiles tendientes a revalorizar material y culturalmente la hist\u00f3rica sede de la Jefatura Departamental de Polic\u00eda y sus dependencias anexas.<br \/>\nQue el Departamento posee adhesi\u00f3n a las Leyes N\u00ba 6.034 y 6.133, de Protecci\u00f3n, Conservaci\u00f3n , Restauraci\u00f3n y acrecentamiento de bienes, Patrimonio Cultural, mediante ordenanza N\u00ba 3.880 del 29 de noviembre de 2000.<br \/>\nQue los fines de la mentada normativa tienen por premisa b\u00e1sica, la defensa y promoci\u00f3n de bienes de trascendencia cultural que reflejen el respeto por nuestros legados hist\u00f3ricos, la valorizaci\u00f3n de nuestra riqueza arquitect\u00f3nica y la preservaci\u00f3n de nuestra identidad cultural.<br \/>\nQue tales objetivos mantienen permanente vigencia en nuestra comunidad y resultan aplicables para la defensa del Edificio Policial, el cual resulta un bien inmueble de alto valor arquitect\u00f3nico e hist\u00f3rico de trascendencia material y cultural para el departamento de Rivadavia:<br \/>\n<span style=\"text-decoration: underline;\">Antecedentes<\/span><br \/>\nEl inmueble en cuesti\u00f3n fue originariamente el edificio de la Jefatura de Polic\u00eda de Rivadavia (denominaci\u00f3n original) . Fue emplazado en pleno coraz\u00f3n del Centro C\u00edvico de la ciudad de Rivadavia, en la intersecci\u00f3n de calles San Isidro y Constituci\u00f3n de dicho Departamento. La inauguraci\u00f3n del inmueble se llev\u00f3 a cabo el d\u00eda 23 de agosto de 1941 , durante la gobernaci\u00f3n del Dr. Adolfo A. Vicchi, siendo su Ministro de Gobierno y Asistencia Social, el Dr. Mauricio J. Beck, Subsecretario de Gobierno, Dr. Rafael Ruiz, Jefe de Polic\u00eda, el Ing. Luis Serra, el Director de la Caja Obrera, Sr. Enrique L. Arnut, el Director de Vialidad Provincial, Ing. Angel Viggiolo e Intendente Municipal de Rivadavia, Don Oscar Bernasconi.<br \/>\nEn sus comienzos el inmueble fue utilizado para albergar las oficinas de la Jefatura de Polic\u00eda, el Juzgado de Paz, la Caja Obrera de Pensi\u00f3n a la Vejez e Invalidez , la Oficina del Trabajo y el Registro Civil. A la fecha presenta una antig\u00fcedad de 66 a\u00f1os. En la actualidad funcionan la Comisar\u00eda 13, la Oficina de Trabajo y Seguridad Social y el Registro Civil del Departamento.<br \/>\nEl edificio es de propiedad del Gobierno Provincial, quien a trav\u00e9s de sus Ministerios respectivos tiene a su cargo al administraci\u00f3n y mantenimiento del mismo.<br \/>\nTales valores han sido claramente rese\u00f1ados por el docente, periodista e historiador, Enrique Pizzuto, mediante nota integrada al Expediente N\u00ba. 2007-00095-9 de este Concejo Deliberante, a solicitud de los ediles a cargo de la iniciativa , y as\u00ed mismo datos del libro \u201cAntecedentes para una Historia de Rivadavia\u201d de Rayner Gusberti (p\u00e1ginas 372 y 374).<br \/>\nAsimismo, un informe t\u00e9cnico proporcionado por la Arquitecta Marisa Curato, solicitado con motivo de la presente que da cuenta del valor arquitect\u00f3nico cultural del edificio, resaltando su estilo racionalista con l\u00edneas arquitect\u00f3nicas del tipo nave (barco), de notable aplicaci\u00f3n a principios del Siglo XX.<\/p>\n<p style=\"text-align: justify;\"><strong>POR ELLO<\/strong><br \/>\nEl Concejo Deliberante de Rivadavia, Provincia de Mendoza, y en uso de sus facultades:<\/p>\n<p style=\"text-align: center;\"><strong>ORDENA<\/strong><\/p>\n<p style=\"text-align: justify;\"><strong>Art\u00edculo 1\u00ba:<\/strong> Decl\u00e1rase Patrimonio Hist\u00f3rico Cultural Departamental, al edificio propiedad del Gobierno de Mendoza ubicado en la intersecci\u00f3n de las calles San Isidro y Constituci\u00f3n , lugar que alberga las dependencias de la Comisar\u00eda 13 de la Polic\u00eda de Mendoza, el Registro Civil del Departamento y la Subsecretar\u00eda de Trabajo y Seguridad Social.<\/p>\n<p style=\"text-align: justify;\"><strong>Art\u00edculo 2\u00ba:<\/strong> Rem\u00edtase copia de la presente al Consejo Provincial de Patrimonio Cultural de la Provincia de Mendoza, a sus efectos.<\/p>\n<p style=\"text-align: justify;\"><strong>Art\u00edculo 3\u00ba:<\/strong> Instrum\u00e9ntense los actos \u00fatiles y pertinentes para concretar la puesta en valor y restauraci\u00f3n integral del edificio de marras, a trav\u00e9s de las reparticiones p\u00fablicas competentes, atento al origen y titularidad provincial del bien inmueble.<\/p>\n<p style=\"text-align: justify;\"><strong>Art\u00edculo 4\u00ba:<\/strong> Comun\u00edquese al Departamento Ejecutivo, e ins\u00e9rtese en el Libro de Ordenanzas de este Cuerpo.<\/p>\n<p style=\"text-align: justify;\">Dada en la Sala de Sesiones Bandera Nacional Argentina, del Concejo Deliberante de Rivadavia, Mendoza, a l os 17 d\u00edas del mes de abril de 2007.<\/p>\n<table>\n<tbody>\n<tr>\n<td style=\"text-align: center;\">ARIEL NICOL\u00c1S FLOCCO<\/td>\n<td style=\"text-align: center;\">FLORINDA SEOANE<\/td>\n<\/tr>\n<tr>\n<td style=\"text-align: center;\">A\/C SECRETAR\u00cdA C.D.<\/td>\n<td style=\"text-align: center;\">PRESIDENTA C.D.<\/td>\n<\/tr>\n<\/tbody>\n<\/table>\n<p style=\"text-align: right;\">Cpde. Expte. N\u00ba 2007-00101-5 C.D.<\/p>\n","protected":false},"excerpt":{"rendered":"<p>ORDENANZA N\u00b04.297 VISTO El Expediente N\u00b02007-00101-5, caratulado \u201cEdiles de este Cuerpo presentan Proyecto de Ordenanza, referido a \u201cDeclarar Patrimonio Hist\u00f3rico Cultural Departamental, la sede de la Jefatura local de Polic\u00eda\u201d, y CONSIDERANDO La necesidad de instrumentar acciones \u00fatiles tendientes a revalorizar material y culturalmente la hist\u00f3rica sede de la Jefatura Departamental de Polic\u00eda y sus [&hellip;]<\/p>\n","protected":false},"author":1,"featured_media":983,"comment_status":"closed","ping_status":"closed","sticky":false,"template":"","format":"standard","meta":{"_acf_changed":false,"footnotes":""},"categories":[63,64],"tags":[],"class_list":["post-2649","post","type-post","status-publish","format-standard","has-post-thumbnail","hentry","category-ordenanzas","category-ordenanzasanteriores"],"acf":[],"_links":{"self":[{"href":"https:\/\/coworkdigital.com.ar\/hcd\/wp-json\/wp\/v2\/posts\/2649","targetHints":{"allow":["GET"]}}],"collection":[{"href":"https:\/\/coworkdigital.com.ar\/hcd\/wp-json\/wp\/v2\/posts"}],"about":[{"href":"https:\/\/coworkdigital.com.ar\/hcd\/wp-json\/wp\/v2\/types\/post"}],"author":[{"embeddable":true,"href":"https:\/\/coworkdigital.com.ar\/hcd\/wp-json\/wp\/v2\/users\/1"}],"replies":[{"embeddable":true,"href":"https:\/\/coworkdigital.com.ar\/hcd\/wp-json\/wp\/v2\/comments?post=2649"}],"version-history":[{"count":0,"href":"https:\/\/coworkdigital.com.ar\/hcd\/wp-json\/wp\/v2\/posts\/2649\/revisions"}],"wp:featuredmedia":[{"embeddable":true,"href":"https:\/\/coworkdigital.com.ar\/hcd\/wp-json\/wp\/v2\/media\/983"}],"wp:attachment":[{"href":"https:\/\/coworkdigital.com.ar\/hcd\/wp-json\/wp\/v2\/media?parent=2649"}],"wp:term":[{"taxonomy":"category","embeddable":true,"href":"https:\/\/coworkdigital.com.ar\/hcd\/wp-json\/wp\/v2\/categories?post=2649"},{"taxonomy":"post_tag","embeddable":true,"href":"https:\/\/coworkdigital.com.ar\/hcd\/wp-json\/wp\/v2\/tags?post=2649"}],"curies":[{"name":"wp","href":"https:\/\/api.w.org\/{rel}","templated":true}]}}