{"id":4344,"date":"2017-06-13T13:39:02","date_gmt":"2017-06-13T13:39:02","guid":{"rendered":"http:\/\/rd.gov.ar\/wp4\/?p=4344"},"modified":"2017-06-13T13:39:02","modified_gmt":"2017-06-13T13:39:02","slug":"declaracion10-2017","status":"publish","type":"post","link":"https:\/\/coworkdigital.com.ar\/hcd\/declaracion10-2017\/","title":{"rendered":"Declaraci\u00f3n10-2017"},"content":{"rendered":"<p style=\"text-align: center;\"><strong><img fetchpriority=\"high\" decoding=\"async\" class=\"wp-image-1054 aligncenter\" src=\"http:\/\/rd.gov.ar\/wp4\/wp-content\/uploads\/2017\/02\/encabezado-300x60.jpg\" alt=\"\" width=\"669\" height=\"134\" \/><\/strong><\/p>\n<p style=\"text-align: center;\"><strong>DECLARACION N\u00ba 10-17<\/strong><\/p>\n<p style=\"text-align: justify;\"><strong> VISTO:<\/strong><br \/>\nEl proyecto de ley provincial de protecci\u00f3n integral de derechos de las personas mayores que obra en el Expte. N\u00ba 67899\/16 de la Honorable C\u00e1mara de Senadores de la Provincia de Mendoza, y<\/p>\n<p style=\"text-align: justify;\"><strong>CONSIDERANDO:<br \/>\n<\/strong>Que el estudio del envejecimiento humano se ha convertido en una tem\u00e1tica insoslayable en la agenda p\u00fablica mundial. En el siglo XX se ha visto una revoluci\u00f3n en la longevidad. El n\u00famero de personas de 60 a\u00f1os y m\u00e1s crecer\u00e1 de 870 millones a 2.400 millones en el 2050. En Am\u00e9rica Latina, en los \u00faltimos 50 a\u00f1os, la esperanza de vida ha aumentado casi 20 a\u00f1os. La demograf\u00eda nos muestra que nuestro pa\u00eds ha envejecido y que esta tendencia se profundizar\u00e1 en los pr\u00f3ximos a\u00f1os. La Rep\u00fablica Argentina se encuentra entre los pa\u00edses m\u00e1s envejecidos de Am\u00e9rica Latina, junto con Cuba, Chile y Uruguay.<br \/>\nQue en Mendoza la poblaci\u00f3n de m\u00e1s de 65 a\u00f1os en el Censo del a\u00f1o 1.991 representaba el 7,68% de la poblaci\u00f3n total, en el Censo del a\u00f1o 2.001 representaba el 9,39% de la poblaci\u00f3n total y en el \u00faltimo Censo del a\u00f1o 2.010 representaba el 10,26% de la poblaci\u00f3n total. En 20 a\u00f1os la poblaci\u00f3n de m\u00e1s de 65 a\u00f1os ha aumentado un 64,5%, siendo que la poblaci\u00f3n de 0-14 a\u00f1os aument\u00f3 s\u00f3lo el 1,13% y la poblaci\u00f3n de 15-64 a\u00f1os aument\u00f3 el 30,70%.<br \/>\nQue las personas mayores son sujetos de derecho, raz\u00f3n por la cual rige sobre ellos una presunci\u00f3n jur\u00eddica b\u00e1sica: la capacidad de ser titulares de derechos y, como toda persona a partir de los 18 a\u00f1os, de gozar de la facultad de ejercerlos plenamente. La excepci\u00f3n estar\u00eda dada cuando la persona mayor, como cualquier otra, padece alguna patolog\u00eda que impide o merme su juicio. Cualquier limitaci\u00f3n s\u00f3lo puede ser admitida si es sometida a un delicado, profundo y exhaustivo estudio m\u00e9dico, psicol\u00f3gico y jur\u00eddico.<br \/>\nQue el sistema de Naciones Unidas a partir de sus declaraciones y principios ha promovido la incorporaci\u00f3n de los derechos de los mayores como un eje clave en la agenda de gobiernos y sociedades. Los Principios de las Naciones Unidas en favor de las personas de edad (Resoluci\u00f3n n\u00famero 46 del a\u00f1o 1991) son: independencia, participaci\u00f3n, dignidad, cuidados y autorrealizaci\u00f3n.<br \/>\nQue en Mendoza, actualmente se puede observar un crecimiento vertical de la cantidad de hogares para personas mayores. Esto se debe, como se expres\u00f3 anteriormente, al aumento en el promedio de vida y el consecuente aumento de la poblaci\u00f3n de personas mayores. Otro factor a destacar es la imposibilidad de tener a una persona mayor en una vivienda familiar, debido a que en una familia de clase media todos los integrantes trabajan, no pudiendo hacerse cargo de las necesidades especiales de la persona mayor y, m\u00e1s a\u00fan en casos de enfermedades e incapacidades donde requieren asistencia especial, no permiti\u00e9ndole a la familia otorgarle calidad de vida.<br \/>\nQue en el a\u00f1o 1990, en Mendoza se sancion\u00f3 la Ley 5.532 de Habilitaci\u00f3n de Establecimientos Prestatarios de Servicios de Salud, la misma es una norma amplia que regula a toda instituci\u00f3n o concentraci\u00f3n de recursos humanos, materiales y financieros, que realice acciones de fomento, protecci\u00f3n y recuperaci\u00f3n de la salud humana, investigaci\u00f3n cient\u00edfica, docencia m\u00e9dica, asistencia f\u00edsica, recuperaci\u00f3n est\u00e9tica y rehabilitaci\u00f3n, an\u00e1lisis cl\u00ednicos, procedimientos odontol\u00f3gicos, procedimientos hemoterapeuticos, albergue y amparo social de personas para el cuidado o recreaci\u00f3n de las mismas y cualquier otra forma de prestaci\u00f3n de servicios de salud, sea su naturaleza, privada o p\u00fablica. Por tanto esta norma no contempla especialmente la situaci\u00f3n de los hogares para personas mayores que por todo lo expresado anteriormente es importante atenderlas especialmente.<\/p>\n<p style=\"text-align: justify;\"><strong>POR\u00a0 ELLO:<\/strong><br \/>\nEl Honorable Concejo Deliberante de Rivadavia, Mendoza, en uso de sus facultades:<\/p>\n<p style=\"text-align: center;\"><strong>DECLARA<\/strong><\/p>\n<p style=\"text-align: justify;\"><strong>Art\u00edculo 1\u00ba:<\/strong> Solicitar a la Honorable C\u00e1mara de Senadores de la Provincia de Mendoza el pronto tratamiento del Proyecto de Ley de protecci\u00f3n integral de derechos de las personas mayores que obra en el Expte. N\u00ba 67899\/16.<\/p>\n<p style=\"text-align: justify;\"><strong>Art\u00edculo 2\u00ba:<\/strong> Invitar a los Concejos Deliberantes de la Provincia de Mendoza a adherir a la presente iniciativa.<\/p>\n<p style=\"text-align: justify;\"><strong>Art\u00edculo 3\u00ba:<\/strong> Comun\u00edquese al Departamento Ejecutivo a sus efectos e ins\u00e9rtese en el Libro de Declaraciones de este Cuerpo.<\/p>\n<p style=\"text-align: justify;\">Dada en la Sala de Sesiones, \u201cBandera Nacional Argentina\u201d, del Honorable Concejo Deliberante de Rivadavia, Mendoza, a los 13 d\u00edas del mes de junio de 2017.<\/p>\n<table>\n<tbody>\n<tr>\n<td style=\"text-align: center;\">Lic. BRUNO AMBROSINI<\/td>\n<td style=\"text-align: center;\">LUCIO GUTIERREZ<\/td>\n<\/tr>\n<tr>\n<td style=\"text-align: center;\">SECRETARIO H.C.D.<\/td>\n<td style=\"text-align: center;\">PRESIDENTE H.C.D.<\/td>\n<\/tr>\n<\/tbody>\n<\/table>\n<p style=\"text-align: right;\">Cpde. Expte. N\u00ba 2017-00155-9 H.C.D.<\/p>\n","protected":false},"excerpt":{"rendered":"<p>DECLARACION N\u00ba 10-17 VISTO: El proyecto de ley provincial de protecci\u00f3n integral de derechos de las personas mayores que obra en el Expte. N\u00ba 67899\/16 de la Honorable C\u00e1mara de Senadores de la Provincia de Mendoza, y CONSIDERANDO: Que el estudio del envejecimiento humano se ha convertido en una tem\u00e1tica insoslayable en la agenda p\u00fablica [&hellip;]<\/p>\n","protected":false},"author":1,"featured_media":4276,"comment_status":"closed","ping_status":"closed","sticky":false,"template":"","format":"standard","meta":{"_acf_changed":false,"footnotes":""},"categories":[66],"tags":[],"class_list":["post-4344","post","type-post","status-publish","format-standard","has-post-thumbnail","hentry","category-declaraciones"],"acf":[],"_links":{"self":[{"href":"https:\/\/coworkdigital.com.ar\/hcd\/wp-json\/wp\/v2\/posts\/4344","targetHints":{"allow":["GET"]}}],"collection":[{"href":"https:\/\/coworkdigital.com.ar\/hcd\/wp-json\/wp\/v2\/posts"}],"about":[{"href":"https:\/\/coworkdigital.com.ar\/hcd\/wp-json\/wp\/v2\/types\/post"}],"author":[{"embeddable":true,"href":"https:\/\/coworkdigital.com.ar\/hcd\/wp-json\/wp\/v2\/users\/1"}],"replies":[{"embeddable":true,"href":"https:\/\/coworkdigital.com.ar\/hcd\/wp-json\/wp\/v2\/comments?post=4344"}],"version-history":[{"count":0,"href":"https:\/\/coworkdigital.com.ar\/hcd\/wp-json\/wp\/v2\/posts\/4344\/revisions"}],"wp:featuredmedia":[{"embeddable":true,"href":"https:\/\/coworkdigital.com.ar\/hcd\/wp-json\/wp\/v2\/media\/4276"}],"wp:attachment":[{"href":"https:\/\/coworkdigital.com.ar\/hcd\/wp-json\/wp\/v2\/media?parent=4344"}],"wp:term":[{"taxonomy":"category","embeddable":true,"href":"https:\/\/coworkdigital.com.ar\/hcd\/wp-json\/wp\/v2\/categories?post=4344"},{"taxonomy":"post_tag","embeddable":true,"href":"https:\/\/coworkdigital.com.ar\/hcd\/wp-json\/wp\/v2\/tags?post=4344"}],"curies":[{"name":"wp","href":"https:\/\/api.w.org\/{rel}","templated":true}]}}