{"id":4346,"date":"2017-06-27T13:49:29","date_gmt":"2017-06-27T13:49:29","guid":{"rendered":"http:\/\/rd.gov.ar\/wp4\/?p=4346"},"modified":"2017-06-27T13:49:29","modified_gmt":"2017-06-27T13:49:29","slug":"declaracion11-2017","status":"publish","type":"post","link":"https:\/\/coworkdigital.com.ar\/hcd\/declaracion11-2017\/","title":{"rendered":"Declaraci\u00f3n11-2017"},"content":{"rendered":"<p style=\"text-align: center;\"><strong><img fetchpriority=\"high\" decoding=\"async\" class=\"wp-image-1054 aligncenter\" src=\"http:\/\/rd.gov.ar\/wp4\/wp-content\/uploads\/2017\/02\/encabezado-300x60.jpg\" alt=\"\" width=\"669\" height=\"134\" \/><\/strong><\/p>\n<p style=\"text-align: center;\"><strong>DECLARACION 11\/17<\/strong><\/p>\n<p style=\"text-align: justify;\"><strong>VISTO:<br \/>\n<\/strong>El Expediente N\u00ba 2017-00041-1, mediante el cual el Sr. Rub\u00e9n Ch\u00e1vez Canciani, solicita se Declare de Inter\u00e9s Cultural Departamental el Libro \u201cDesencuentro\u201d, y<\/p>\n<p style=\"text-align: justify;\"><strong>CONSIDERANDO:<\/strong><br \/>\nQue citada obra fue editada en el a\u00f1o 2011, recibiendo el \u201cPremio Escenario\u201d, en la 10\u00ba edici\u00f3n en diciembre de 2013, otorgado por Diario Uno.<br \/>\nQue por Resoluci\u00f3n N\u00ba515 del a\u00f1o 2011, la Honorable C\u00e1mara de Diputados de la Provincia de Mendoza, declar\u00f3 este libro de Inter\u00e9s Cultural Legislativo.<br \/>\nQue el escritor- poeta rivadaviense Rub\u00e9n Ch\u00e1vez Canciani, ya fue distinguido por este Cuerpo Deliberativo en el a\u00f1o 2015, con la Declaraci\u00f3n N\u00ba 14, por su obra \u201cP\u00e1jaros al Viento\u201d.<br \/>\nQue el citado autor, es artista pl\u00e1stico, poeta, autor de obras musicales, ha publicado una gran cantidad de libros como: \u201cSon cosas de mi pueblo\u201d, Sentires; por un instante; Ilusiones del alma y Entrega de Amor.<br \/>\nQu\u00e9 asimismo, es un gran difusor de nuestra m\u00fasica folcl\u00f3rica destacando su programa musical \u201cFolcloreando por la Patria\u201d, por el cual ha recibido numerosas distinciones a nivel Provincial y Nacional y forma parte del Grupo Carill\u00f3n\u201d, integrado por poetas y escritores de Rivadavia.<br \/>\nPor \u00faltimo, y teniendo en cuenta que nos encontramos ante una obra literaria de valor cultural, este Concejo Deliberante considera otorgarle un reconocimiento Institucional.<\/p>\n<p style=\"text-align: justify;\"><strong>POR\u00a0 ELLO:<\/strong><br \/>\nEl Honorable Concejo Deliberante de Rivadavia, Mendoza, en uso de sus facultades:<\/p>\n<p style=\"text-align: center;\"><strong>DECLARA<\/strong><\/p>\n<p style=\"text-align: justify;\"><strong>Art\u00edculo 1\u00ba:<\/strong> El Honorable Concejo Deliberante de Rivadavia (MZA.), Declara de Inter\u00e9s Educativo Cultural Departamental, al libro \u201cDesencuentro\u201d, Poes\u00eda y Prosa del escritor Rivadaviense Rub\u00e9n Ch\u00e1vez Canciani, editado en febrero del a\u00f1o 2011.<\/p>\n<p style=\"text-align: justify;\"><strong>Art\u00edculo 2\u00ba:<\/strong> Rem\u00edtase copia de la presente Declaraci\u00f3n, al Se\u00f1or Rub\u00e9n Ch\u00e1vez Canciani.<\/p>\n<p style=\"text-align: justify;\"><strong>Art\u00edculo 3\u00ba:<\/strong> Comun\u00edquese al Departamento Ejecutivo a sus efectos e ins\u00e9rtese en el Libro de Declaraciones de este Cuerpo.<\/p>\n<p style=\"text-align: justify;\">Dada en la Sala de Sesiones, \u201cBandera Nacional Argentina\u201d, del Honorable Concejo Deliberante de Rivadavia, Mendoza, a los 27 d\u00edas del mes de junio de 2017.<\/p>\n<table>\n<tbody>\n<tr>\n<td style=\"text-align: center;\">Lic. BRUNO AMBROSINI<\/td>\n<td style=\"text-align: center;\">LUCIO GUTIERREZ<\/td>\n<\/tr>\n<tr>\n<td style=\"text-align: center;\">SECRETARIO H.C.D.<\/td>\n<td style=\"text-align: center;\">PRESIDENTE H.C.D.<\/td>\n<\/tr>\n<\/tbody>\n<\/table>\n<p style=\"text-align: right;\">Cpde. Expte. N\u00ba 2017-00041-1 H.C.D.<\/p>\n","protected":false},"excerpt":{"rendered":"<p>DECLARACION 11\/17 VISTO: El Expediente N\u00ba 2017-00041-1, mediante el cual el Sr. Rub\u00e9n Ch\u00e1vez Canciani, solicita se Declare de Inter\u00e9s Cultural Departamental el Libro \u201cDesencuentro\u201d, y CONSIDERANDO: Que citada obra fue editada en el a\u00f1o 2011, recibiendo el \u201cPremio Escenario\u201d, en la 10\u00ba edici\u00f3n en diciembre de 2013, otorgado por Diario Uno. Que por Resoluci\u00f3n [&hellip;]<\/p>\n","protected":false},"author":1,"featured_media":4276,"comment_status":"closed","ping_status":"closed","sticky":false,"template":"","format":"standard","meta":{"_acf_changed":false,"footnotes":""},"categories":[66],"tags":[],"class_list":["post-4346","post","type-post","status-publish","format-standard","has-post-thumbnail","hentry","category-declaraciones"],"acf":[],"_links":{"self":[{"href":"https:\/\/coworkdigital.com.ar\/hcd\/wp-json\/wp\/v2\/posts\/4346","targetHints":{"allow":["GET"]}}],"collection":[{"href":"https:\/\/coworkdigital.com.ar\/hcd\/wp-json\/wp\/v2\/posts"}],"about":[{"href":"https:\/\/coworkdigital.com.ar\/hcd\/wp-json\/wp\/v2\/types\/post"}],"author":[{"embeddable":true,"href":"https:\/\/coworkdigital.com.ar\/hcd\/wp-json\/wp\/v2\/users\/1"}],"replies":[{"embeddable":true,"href":"https:\/\/coworkdigital.com.ar\/hcd\/wp-json\/wp\/v2\/comments?post=4346"}],"version-history":[{"count":0,"href":"https:\/\/coworkdigital.com.ar\/hcd\/wp-json\/wp\/v2\/posts\/4346\/revisions"}],"wp:featuredmedia":[{"embeddable":true,"href":"https:\/\/coworkdigital.com.ar\/hcd\/wp-json\/wp\/v2\/media\/4276"}],"wp:attachment":[{"href":"https:\/\/coworkdigital.com.ar\/hcd\/wp-json\/wp\/v2\/media?parent=4346"}],"wp:term":[{"taxonomy":"category","embeddable":true,"href":"https:\/\/coworkdigital.com.ar\/hcd\/wp-json\/wp\/v2\/categories?post=4346"},{"taxonomy":"post_tag","embeddable":true,"href":"https:\/\/coworkdigital.com.ar\/hcd\/wp-json\/wp\/v2\/tags?post=4346"}],"curies":[{"name":"wp","href":"https:\/\/api.w.org\/{rel}","templated":true}]}}