{"id":4348,"date":"2017-06-27T13:55:26","date_gmt":"2017-06-27T13:55:26","guid":{"rendered":"http:\/\/rd.gov.ar\/wp4\/?p=4348"},"modified":"2017-06-27T13:55:26","modified_gmt":"2017-06-27T13:55:26","slug":"declaracion12-2017","status":"publish","type":"post","link":"https:\/\/coworkdigital.com.ar\/hcd\/declaracion12-2017\/","title":{"rendered":"Declaraci\u00f3n12-2017"},"content":{"rendered":"<p style=\"text-align: center;\"><strong><img fetchpriority=\"high\" decoding=\"async\" class=\"wp-image-1054 aligncenter\" src=\"http:\/\/rd.gov.ar\/wp4\/wp-content\/uploads\/2017\/02\/encabezado-300x60.jpg\" alt=\"\" width=\"669\" height=\"134\" \/><\/strong><\/p>\n<p style=\"text-align: center;\"><strong>DECLARACION 12-17<\/strong><\/p>\n<p style=\"text-align: justify;\"><strong>VISTO:<br \/>\n<\/strong>Que el pr\u00f3ximo 02 de Setiembre la Escuela Francisco Humberto Tolosa celebrar\u00e1 su 100\u00ba aniversario, y<\/p>\n<p style=\"text-align: justify;\"><strong>CONSIDERANDO:<\/strong><br \/>\nQue la Instituci\u00f3n abri\u00f3 sus puertas a la comunidad el 2 de setiembre de 1917 con el nombre de Escuela Normal Mixta, su organizaci\u00f3n estuvo a cargo de Enrique Clara y se puso en funcionamiento en diciembre.<br \/>\nQue en 1918 cambi\u00f3 de nombre y hasta 1927 se llam\u00f3 Escuela Normal de Preceptores, cuya Directora fue Do\u00f1a Juana Capriati de Guti\u00e9rrez, en este a\u00f1o desaparece la carrera secundaria y queda s\u00f3lo como primaria.<br \/>\nQue en 1929 se abre nuevamente la secundaria con cuatro a\u00f1os de duraci\u00f3n, pero cierra por cuestiones pol\u00edticas, no muy claras; per\u00edodo en el que se recuerda la intervenci\u00f3n Borsani como muy positiva, y existen datos de una manifestaci\u00f3n popular de gratitud hacia esta persona porque se instal\u00f3 la Escuela Normal hasta tercer a\u00f1o.<br \/>\nQue en 1935 y durante 10 a\u00f1os cambia su nombre y planes de estudio y se llama Escuela Normal de Adaptaci\u00f3n Regional, en ella ingresan los alumnos de sexto grado.<br \/>\nQue en 1937 ya en tercer a\u00f1o las materias que se agregan son Psicolog\u00eda y Pedagog\u00eda, Pr\u00e1ctica de la Ense\u00f1anza, Anatom\u00eda y Fisiolog\u00eda, F\u00edsica, Dibujo, M\u00fasica, Cocina e Industrias caseras, Tejidos de telar, trabajo de Granja y apicultura, luego se agregaron Idiomas y Educaci\u00f3n F\u00edsica.<br \/>\nQue en 1938 se recibe la primera promoci\u00f3n de Maestros Normales Nacionales Regionales.<br \/>\nQue en 1994, con la transferencia educativa de la jurisdicci\u00f3n nacional a las jurisdicciones provinciales, pasa a llamarse Escuela 9-006 \u00abRep\u00fablica de Chile\u00bb; y actualmente se estructura en los siguientes niveles: Inicial, E.G.B.1 y 2, E.G.B.3 y Polimodal y Nivel Superior.<br \/>\nQue en 1971 incorpor\u00f3 a su plan de estudios el Profesorado de Ense\u00f1anza Primaria, el Profesorado de Educaci\u00f3n Preescolar y en 1984 el Profesorado en Ciencias Jur\u00eddicas y Contables.<br \/>\nQue en 1999, adem\u00e1s de las carreras existentes, se produjo la apertura de nuevos profesorados para ofrecer mayores posibilidades de elecci\u00f3n a los j\u00f3venes de la Zona Este: Profesorados en Tercer Ciclo de la Educaci\u00f3n General B\u00e1sica y de la Educaci\u00f3n Polimodal en Matem\u00e1tica, Econom\u00eda, Ciencia Pol\u00edtica y F\u00edsica; Profesorado de Educaci\u00f3n Inicial y el Profesorado en Primero y Segundo Ciclos de la Educaci\u00f3n General B\u00e1sica.<br \/>\nQue desde el a\u00f1o 2001 la Instituci\u00f3n lleva el nombre de \u00abProfesor Francisco Humberto Tolosa\u00bb, en memoria de quien fuera su Director durante cuarenta a\u00f1os y que legara a varias generaciones de estudiantes el sello de una personalidad cimentada en valores de vida.<br \/>\nQue en la actualidad, y con la intenci\u00f3n de dar respuesta a los requerimientos sociales vinculados con el \u00e1mbito educativo y determinados por nuevos escenarios del mundo globalizado y en permanente cambio que caracteriza al nuevo siglo, la tradicional Escuela Normal, \u00abFormadora de Formadores\u00bb, abre sus instancias de formaci\u00f3n al campo t\u00e9cnico.<br \/>\nQue la instituci\u00f3n cuenta actualmente con m\u00e1s de 1000 estudiantes y ha sido fundamentalmente formadora de ciudadanos\/as comprometidos\/as con la realidad departamental.<br \/>\nQue ha organizado por varios a\u00f1os la Vendimia del Distrito de Ciudad entre otros eventos art\u00edsticos y culturales, lo que le ha valido reconocimientos de la Legislatura Provincial y de este honorable cuerpo.<br \/>\nQue, adem\u00e1s, este cuerpo ha reconocido la labor de la Escuela Tolosa en reiteradas oportunidades, reconociendo no solo la organizaci\u00f3n de la vendimia, sino tambi\u00e9n las distintas actividades que se realizan en su seno como la Radio Escolar y el Centro de Estudiantes.<\/p>\n<p style=\"text-align: justify;\"><strong>POR\u00a0 ELLO:<\/strong><br \/>\nEl Honorable Concejo Deliberante de Rivadavia, Mendoza, en uso de sus facultades:<\/p>\n<p style=\"text-align: center;\"><strong>DECLARA<\/strong><\/p>\n<p style=\"text-align: justify;\"><strong>Art\u00edculo 1\u00ba:<\/strong> Declarar de inter\u00e9s socio hist\u00f3rico y cultural el Centenario de la Escuela Francisco Humberto Tolosa.<\/p>\n<p style=\"text-align: justify;\"><strong>Art\u00edculo 2\u00ba:<\/strong> Exti\u00e9ndase el presente reconocimiento a toda la comunidad educativa de los distintos niveles que alberga la instituci\u00f3n.<\/p>\n<p style=\"text-align: justify;\"><strong>Art\u00edculo 3\u00ba:<\/strong> Comun\u00edquese al Departamento Ejecutivo a sus efectos e ins\u00e9rtese en el Libro de Declaraciones de este Cuerpo.<\/p>\n<p style=\"text-align: justify;\">Dada en la Sala de Sesiones, \u201cBandera Nacional Argentina\u201d, del Honorable Concejo Deliberante de Rivadavia, Mendoza, a los 27 d\u00edas del mes de junio de 2017.<\/p>\n<table>\n<tbody>\n<tr>\n<td style=\"text-align: center;\">Lic. BRUNO AMBROSINI<\/td>\n<td style=\"text-align: center;\">LUCIO GUTIERREZ<\/td>\n<\/tr>\n<tr>\n<td style=\"text-align: center;\">SECRETARIO H.C.D.<\/td>\n<td style=\"text-align: center;\">PRESIDENTE H.C.D.<\/td>\n<\/tr>\n<\/tbody>\n<\/table>\n<p style=\"text-align: right;\">Cpde. Expte. N\u00ba 2017-00074-2 H.C.D.<\/p>\n","protected":false},"excerpt":{"rendered":"<p>DECLARACION 12-17 VISTO: Que el pr\u00f3ximo 02 de Setiembre la Escuela Francisco Humberto Tolosa celebrar\u00e1 su 100\u00ba aniversario, y CONSIDERANDO: Que la Instituci\u00f3n abri\u00f3 sus puertas a la comunidad el 2 de setiembre de 1917 con el nombre de Escuela Normal Mixta, su organizaci\u00f3n estuvo a cargo de Enrique Clara y se puso en funcionamiento [&hellip;]<\/p>\n","protected":false},"author":1,"featured_media":4276,"comment_status":"closed","ping_status":"closed","sticky":false,"template":"","format":"standard","meta":{"_acf_changed":false,"footnotes":""},"categories":[66],"tags":[],"class_list":["post-4348","post","type-post","status-publish","format-standard","has-post-thumbnail","hentry","category-declaraciones"],"acf":[],"_links":{"self":[{"href":"https:\/\/coworkdigital.com.ar\/hcd\/wp-json\/wp\/v2\/posts\/4348","targetHints":{"allow":["GET"]}}],"collection":[{"href":"https:\/\/coworkdigital.com.ar\/hcd\/wp-json\/wp\/v2\/posts"}],"about":[{"href":"https:\/\/coworkdigital.com.ar\/hcd\/wp-json\/wp\/v2\/types\/post"}],"author":[{"embeddable":true,"href":"https:\/\/coworkdigital.com.ar\/hcd\/wp-json\/wp\/v2\/users\/1"}],"replies":[{"embeddable":true,"href":"https:\/\/coworkdigital.com.ar\/hcd\/wp-json\/wp\/v2\/comments?post=4348"}],"version-history":[{"count":0,"href":"https:\/\/coworkdigital.com.ar\/hcd\/wp-json\/wp\/v2\/posts\/4348\/revisions"}],"wp:featuredmedia":[{"embeddable":true,"href":"https:\/\/coworkdigital.com.ar\/hcd\/wp-json\/wp\/v2\/media\/4276"}],"wp:attachment":[{"href":"https:\/\/coworkdigital.com.ar\/hcd\/wp-json\/wp\/v2\/media?parent=4348"}],"wp:term":[{"taxonomy":"category","embeddable":true,"href":"https:\/\/coworkdigital.com.ar\/hcd\/wp-json\/wp\/v2\/categories?post=4348"},{"taxonomy":"post_tag","embeddable":true,"href":"https:\/\/coworkdigital.com.ar\/hcd\/wp-json\/wp\/v2\/tags?post=4348"}],"curies":[{"name":"wp","href":"https:\/\/api.w.org\/{rel}","templated":true}]}}