{"id":4350,"date":"2017-06-27T14:01:30","date_gmt":"2017-06-27T14:01:30","guid":{"rendered":"http:\/\/rd.gov.ar\/wp4\/?p=4350"},"modified":"2017-06-27T14:01:30","modified_gmt":"2017-06-27T14:01:30","slug":"declaracion13-2017","status":"publish","type":"post","link":"https:\/\/coworkdigital.com.ar\/hcd\/declaracion13-2017\/","title":{"rendered":"Declaraci\u00f3n13-2017"},"content":{"rendered":"<p style=\"text-align: center;\"><strong><img fetchpriority=\"high\" decoding=\"async\" class=\"wp-image-1054 aligncenter\" src=\"http:\/\/rd.gov.ar\/wp4\/wp-content\/uploads\/2017\/02\/encabezado-300x60.jpg\" alt=\"\" width=\"669\" height=\"134\" \/><\/strong><\/p>\n<p style=\"text-align: center;\"><strong>DECLARACION N\u00ba 13-17<\/strong><\/p>\n<p style=\"text-align: justify;\"><strong>VISTO:<\/strong><br \/>\nLa necesidad de Declarar de Inter\u00e9s Departamental el libro \u201cVI\u00d1AS DE MENDOZA: LABORES Y ENSE\u00d1ANZAS\u201d.<\/p>\n<p style=\"text-align: justify;\"><strong>CONSIDERANDO:<\/strong><br \/>\nQue esta interesante obra, iniciativa de nuestra Rivadaviense Beatriz Susana Novello, naci\u00f3 originalmente con su libro \u201cLatidos Mendocinos\u201d, publicado en el a\u00f1o 1999, y presentado p\u00fablicamente en el Teatro Municipal \u201cLuis Encio Bianchi\u201d (a\u00f1o 2000), y en la feria internacional del libro de Buenos Aires (a\u00f1o 2003). Adem\u00e1s, parte de los textos de esa obra fueron seleccionados para dos temporadas de campa\u00f1a publicitarias de vino \u201cLos Quiroga\u201d, de Bodega Esmeralda para etiquetas y revistas \u201cViva\u201d del diario Clar\u00edn.<br \/>\nEn las p\u00e1ginas de \u201cLatidos Mendocinos\u201d encontramos retratado por medio de la poes\u00eda narrativa- did\u00e1ctica cada uno de los trabajos de laboreos que estaci\u00f3n tras estaci\u00f3n se efect\u00faan en las vi\u00f1as mendocinas, estas valiosa caracter\u00edsticas fue reconocida por la Direcci\u00f3n de Educaci\u00f3n\u00a0 Superior de la Direcci\u00f3n General de Escuela de nuestra Provincia a trav\u00e9s de la Resoluci\u00f3n N\u00ba 00675 de fecha 28 de julio de 2000, mediante la cual reconocida el libro Latidos Mendocinos, producido por la autora Beatriz Susana Novello como materia bibliogr\u00e1fico de inter\u00e9s para la EGB de los establecimientos de la Provincia.<br \/>\nCabe aclarar, que \u201cLatidos Mendocinos\u201d cobr\u00f3 con el correr del tiempo y la atenta mirada docente de su autora, una mejorada estructura y contenido: a su original presentaci\u00f3n narrativa le fue sumada informaci\u00f3n t\u00e9cnica y cient\u00edfica referida a la vitivinicultura. De ah\u00ed entonces su nuevo t\u00edtulo \u201cVI\u00d1AS DE MENDOZA: LABORES Y ENSE\u00d1ANZA\u201d.<br \/>\nNo caben dudas de que estamos frente a una obra peculiar, interesante de alto valor cultural para los Mendocinos.<br \/>\nTeniendo en cuenta lo expresado, entendemos que esta obra de Novello amerita promoci\u00f3n y difusi\u00f3n por parte de este Honorable Concejo Deliberante y del Departamento Ejecutivo a trav\u00e9s de las \u00e1reas que correspondientes, de modo tal que su importante contenido llegue a conocimiento de todas las escuelas e instituciones relacionadas con la industria madre Mendoza.<\/p>\n<p style=\"text-align: justify;\"><strong>POR\u00a0 ELLO:<\/strong><br \/>\nEl Honorable Concejo Deliberante de Rivadavia, Mendoza, en uso de sus facultades:<\/p>\n<p style=\"text-align: center;\"><strong>DECLARA<\/strong><\/p>\n<p style=\"text-align: justify;\"><strong>Art\u00edculo 1\u00ba:<\/strong> Declarar de Inter\u00e9s Departamental el libro \u201cVI\u00d1AS DE MENDOZA: LABORES Y ENSA\u00d1ANZAS\u201d.<\/p>\n<p style=\"text-align: justify;\"><strong>Art\u00edculo 2\u00ba:<\/strong> A trav\u00e9s del \u00e1rea de prensa Municipal dar a publicidad la presente pieza legal.<\/p>\n<p style=\"text-align: justify;\"><strong>Art\u00edculo 3\u00ba:<\/strong> Remitir copia de la citada obra a la Direcci\u00f3n de Cultura y Educaci\u00f3n, al \u00e1rea de Desarrollo Econ\u00f3mico y Turismo del Municipio, para su conocimiento y dem\u00e1s efectos.<\/p>\n<p style=\"text-align: justify;\"><strong>Art\u00edculo 4\u00ba:<\/strong> Comun\u00edquese al Departamento Ejecutivo a sus efectos e ins\u00e9rtese en el Libro de Declaraciones de este Cuerpo.<\/p>\n<p style=\"text-align: justify;\">Dada en la Sala de Sesiones, \u201cBandera Nacional Argentina\u201d, del Honorable Concejo Deliberante de Rivadavia, Mendoza, a los 27 d\u00edas del mes de junio de 2017.<\/p>\n<table>\n<tbody>\n<tr>\n<td style=\"text-align: center;\">Lic. BRUNO AMBROSINI<\/td>\n<td style=\"text-align: center;\">LUCIO GUTIERREZ<\/td>\n<\/tr>\n<tr>\n<td style=\"text-align: center;\">SECRETARIO H.C.D.<\/td>\n<td style=\"text-align: center;\">PRESIDENTE H.C.D.<\/td>\n<\/tr>\n<\/tbody>\n<\/table>\n<p style=\"text-align: right;\">Cpde. Expte. N\u00ba 2017-00118-7 H.C.D.<\/p>\n","protected":false},"excerpt":{"rendered":"<p>DECLARACION N\u00ba 13-17 VISTO: La necesidad de Declarar de Inter\u00e9s Departamental el libro \u201cVI\u00d1AS DE MENDOZA: LABORES Y ENSE\u00d1ANZAS\u201d. CONSIDERANDO: Que esta interesante obra, iniciativa de nuestra Rivadaviense Beatriz Susana Novello, naci\u00f3 originalmente con su libro \u201cLatidos Mendocinos\u201d, publicado en el a\u00f1o 1999, y presentado p\u00fablicamente en el Teatro Municipal \u201cLuis Encio Bianchi\u201d (a\u00f1o 2000), [&hellip;]<\/p>\n","protected":false},"author":1,"featured_media":4276,"comment_status":"closed","ping_status":"closed","sticky":false,"template":"","format":"standard","meta":{"_acf_changed":false,"footnotes":""},"categories":[66],"tags":[],"class_list":["post-4350","post","type-post","status-publish","format-standard","has-post-thumbnail","hentry","category-declaraciones"],"acf":[],"_links":{"self":[{"href":"https:\/\/coworkdigital.com.ar\/hcd\/wp-json\/wp\/v2\/posts\/4350","targetHints":{"allow":["GET"]}}],"collection":[{"href":"https:\/\/coworkdigital.com.ar\/hcd\/wp-json\/wp\/v2\/posts"}],"about":[{"href":"https:\/\/coworkdigital.com.ar\/hcd\/wp-json\/wp\/v2\/types\/post"}],"author":[{"embeddable":true,"href":"https:\/\/coworkdigital.com.ar\/hcd\/wp-json\/wp\/v2\/users\/1"}],"replies":[{"embeddable":true,"href":"https:\/\/coworkdigital.com.ar\/hcd\/wp-json\/wp\/v2\/comments?post=4350"}],"version-history":[{"count":0,"href":"https:\/\/coworkdigital.com.ar\/hcd\/wp-json\/wp\/v2\/posts\/4350\/revisions"}],"wp:featuredmedia":[{"embeddable":true,"href":"https:\/\/coworkdigital.com.ar\/hcd\/wp-json\/wp\/v2\/media\/4276"}],"wp:attachment":[{"href":"https:\/\/coworkdigital.com.ar\/hcd\/wp-json\/wp\/v2\/media?parent=4350"}],"wp:term":[{"taxonomy":"category","embeddable":true,"href":"https:\/\/coworkdigital.com.ar\/hcd\/wp-json\/wp\/v2\/categories?post=4350"},{"taxonomy":"post_tag","embeddable":true,"href":"https:\/\/coworkdigital.com.ar\/hcd\/wp-json\/wp\/v2\/tags?post=4350"}],"curies":[{"name":"wp","href":"https:\/\/api.w.org\/{rel}","templated":true}]}}