{"id":4356,"date":"2017-06-27T14:20:26","date_gmt":"2017-06-27T14:20:26","guid":{"rendered":"http:\/\/rd.gov.ar\/wp4\/?p=4356"},"modified":"2017-06-27T14:20:26","modified_gmt":"2017-06-27T14:20:26","slug":"declaracion16-2017","status":"publish","type":"post","link":"https:\/\/coworkdigital.com.ar\/hcd\/declaracion16-2017\/","title":{"rendered":"Declaraci\u00f3n16-2017"},"content":{"rendered":"<p style=\"text-align: center;\"><strong><img fetchpriority=\"high\" decoding=\"async\" class=\"wp-image-1054 aligncenter\" src=\"http:\/\/rd.gov.ar\/wp4\/wp-content\/uploads\/2017\/02\/encabezado-300x60.jpg\" alt=\"\" width=\"669\" height=\"134\" \/><\/strong><\/p>\n<p style=\"text-align: center;\"><strong>DECLARACION N\u00ba 16-17<\/strong><\/p>\n<p style=\"text-align: justify;\"><strong> VISTO:<\/strong><br \/>\nLos anuncios efectuados por el se\u00f1or Gobernador de la Provincia de Mendoza Alfredo Cornejo el d\u00eda 23 de mayo del corriente a\u00f1o, en la entrega de viviendas del Barrio Juan XXIII, y<\/p>\n<p style=\"text-align: justify;\"><strong>CONSIDERANDO:<\/strong><br \/>\nQue con la construcci\u00f3n de la futura doble v\u00eda que unir\u00e1 la ruta 7 y cruzara los Departamentos de San Martin, Jun\u00edn y Rivadavia, terminando la misma en calle Falucho.<br \/>\nQue es de vital importancia para el desarrollo del Departamento, adem\u00e1s, sabemos que un camino as\u00ed potenciar\u00e1 nuestra actividad social, deportivo cultural y econ\u00f3mica.<br \/>\nDesde hace tiempo se viene gestionando para la concreci\u00f3n de esta importante obra lo que ser\u00eda relevante hacer otra etapa la ampliaci\u00f3n de la misma pensando en el crecimiento del Departamento hacia la zona sur- oeste donde se realiza la futura terminal del Departamento, como tambi\u00e9n est\u00e1 la concreci\u00f3n del campo universitario en el ex predio del ferrocarril.<br \/>\nQue la cantidad de veh\u00edculos ya sea carga pesada o utilitaria que transita diariamente por el Departamento, con la doble v\u00eda a construir hasta la calle Falucho y para tener conexi\u00f3n m\u00e1s r\u00e1pida hacia el sur, hasta prolongaci\u00f3n de calle Ameghino de este Departamento.<\/p>\n<p style=\"text-align: justify;\"><strong>POR\u00a0 ELLO:<\/strong><br \/>\nEl Honorable Concejo Deliberante de Rivadavia, Mendoza, en uso de sus facultades:<\/p>\n<p style=\"text-align: center;\"><strong>DECLARA<\/strong><\/p>\n<p style=\"text-align: justify;\"><strong>Art\u00edculo 1\u00ba:<\/strong> Declarar de sumo inter\u00e9s Departamental la construcci\u00f3n de la doble V\u00eda Ruta 7 Rivadavia, obra que potenciar\u00e1 el desarrollo econ\u00f3mico, social, cultural, deportivo, etc, de nuestro Departamento.<\/p>\n<p style=\"text-align: justify;\"><strong>Art\u00edculo 2\u00ba:<\/strong> Autorizar al Departamento Ejecutivo a realizar los estudios pertinentes para extender en una segunda etapa la doble v\u00eda desde calle Paso de los Andes hacia el sur, hasta prolongaci\u00f3n de calle Ameghino de este Departamento.<\/p>\n<p style=\"text-align: justify;\"><strong>Art\u00edculo 3\u00ba:<\/strong> Autorizar al Departamento Ejecutivo para que gestione financiamiento para ejecuci\u00f3n de la obra.<\/p>\n<p style=\"text-align: justify;\"><strong>Art\u00edculo 4\u00ba:<\/strong> Comun\u00edquese al Departamento Ejecutivo a sus efectos e ins\u00e9rtese en el Libro de Declaraciones de este Cuerpo.<\/p>\n<p style=\"text-align: justify;\">Dada en la Sala de Sesiones, \u201cBandera Nacional Argentina\u201d, del Honorable Concejo Deliberante de Rivadavia, Mendoza, a los 27 d\u00edas del mes de junio de 2017.<\/p>\n<table>\n<tbody>\n<tr>\n<td style=\"text-align: center;\">Lic. BRUNO AMBROSINI<\/td>\n<td style=\"text-align: center;\">LUCIO GUTIERREZ<\/td>\n<\/tr>\n<tr>\n<td style=\"text-align: center;\">SECRETARIO H.C.D.<\/td>\n<td style=\"text-align: center;\">PRESIDENTE H.C.D.<\/td>\n<\/tr>\n<\/tbody>\n<\/table>\n<p style=\"text-align: right;\">Cpde. Expte. N\u00ba 2017-00141-9 H.C.D.<\/p>\n","protected":false},"excerpt":{"rendered":"<p>DECLARACION N\u00ba 16-17 VISTO: Los anuncios efectuados por el se\u00f1or Gobernador de la Provincia de Mendoza Alfredo Cornejo el d\u00eda 23 de mayo del corriente a\u00f1o, en la entrega de viviendas del Barrio Juan XXIII, y CONSIDERANDO: Que con la construcci\u00f3n de la futura doble v\u00eda que unir\u00e1 la ruta 7 y cruzara los Departamentos [&hellip;]<\/p>\n","protected":false},"author":1,"featured_media":4276,"comment_status":"closed","ping_status":"closed","sticky":false,"template":"","format":"standard","meta":{"_acf_changed":false,"footnotes":""},"categories":[66],"tags":[],"class_list":["post-4356","post","type-post","status-publish","format-standard","has-post-thumbnail","hentry","category-declaraciones"],"acf":[],"_links":{"self":[{"href":"https:\/\/coworkdigital.com.ar\/hcd\/wp-json\/wp\/v2\/posts\/4356","targetHints":{"allow":["GET"]}}],"collection":[{"href":"https:\/\/coworkdigital.com.ar\/hcd\/wp-json\/wp\/v2\/posts"}],"about":[{"href":"https:\/\/coworkdigital.com.ar\/hcd\/wp-json\/wp\/v2\/types\/post"}],"author":[{"embeddable":true,"href":"https:\/\/coworkdigital.com.ar\/hcd\/wp-json\/wp\/v2\/users\/1"}],"replies":[{"embeddable":true,"href":"https:\/\/coworkdigital.com.ar\/hcd\/wp-json\/wp\/v2\/comments?post=4356"}],"version-history":[{"count":0,"href":"https:\/\/coworkdigital.com.ar\/hcd\/wp-json\/wp\/v2\/posts\/4356\/revisions"}],"wp:featuredmedia":[{"embeddable":true,"href":"https:\/\/coworkdigital.com.ar\/hcd\/wp-json\/wp\/v2\/media\/4276"}],"wp:attachment":[{"href":"https:\/\/coworkdigital.com.ar\/hcd\/wp-json\/wp\/v2\/media?parent=4356"}],"wp:term":[{"taxonomy":"category","embeddable":true,"href":"https:\/\/coworkdigital.com.ar\/hcd\/wp-json\/wp\/v2\/categories?post=4356"},{"taxonomy":"post_tag","embeddable":true,"href":"https:\/\/coworkdigital.com.ar\/hcd\/wp-json\/wp\/v2\/tags?post=4356"}],"curies":[{"name":"wp","href":"https:\/\/api.w.org\/{rel}","templated":true}]}}