{"id":4358,"date":"2017-07-04T14:25:25","date_gmt":"2017-07-04T14:25:25","guid":{"rendered":"http:\/\/rd.gov.ar\/wp4\/?p=4358"},"modified":"2017-07-04T14:25:25","modified_gmt":"2017-07-04T14:25:25","slug":"declaracion17-2017","status":"publish","type":"post","link":"https:\/\/coworkdigital.com.ar\/hcd\/declaracion17-2017\/","title":{"rendered":"Declaraci\u00f3n17-2017"},"content":{"rendered":"<p style=\"text-align: center;\"><strong><img fetchpriority=\"high\" decoding=\"async\" class=\"wp-image-1054 aligncenter\" src=\"http:\/\/rd.gov.ar\/wp4\/wp-content\/uploads\/2017\/02\/encabezado-300x60.jpg\" alt=\"\" width=\"669\" height=\"134\" \/><\/strong><\/p>\n<p style=\"text-align: center;\"><strong>DECLARACION N\u00ba 17-17<\/strong><\/p>\n<p style=\"text-align: justify;\"><strong>VISTO:<\/strong><br \/>\nEl expediente Municipal N\u00ba 2017-10011-2, mediante el cual autoridades de la Universidad Nacional de Cuyo, solicitan se declare de \u201cInter\u00e9s Departamental y Educativo las XII Jornadas Cuyanas de Geograf\u00eda\u201d, y<\/p>\n<p style=\"text-align: justify;\"><strong>CONSIDERANDO:<\/strong><br \/>\nQue desde los d\u00edas 20 hasta el 22 de setiembre pr\u00f3ximos se llevar\u00e1n a cabo en la ciudad de Mendoza, las XII Jornadas Cuyanas de Geograf\u00eda, organizadas por el Instituto y el Departamento de Geograf\u00eda de la Facultad de Filosof\u00eda y Letras de la Universidad Nacional de Cuyo, <strong>\u201cen conmemoraci\u00f3n de los 70 a\u00f1os de existencia del mencionado Instituto\u201d.<\/strong><br \/>\nEl importante encuentro tendr\u00e1 como lema, <strong>\u201cHuellas y Perspectivas\u201d, aludiendo con estos conceptos a la trayectoria de las investigaciones geogr\u00e1ficas que enriquecieron el saber sobre el territorio provincial y regional\u201d<\/strong>, y los alcances de la Geograf\u00eda, <strong>\u201cque aborda el territorio desde m\u00faltiples dimensiones las transformaciones socio-espaciales y los futuros escenarios\u201d<\/strong> que en dicho terrirorio se manifiestan.<br \/>\nCabe destacar, que tanto el Instituto como el Departamento de Geograf\u00eda de la UNCuyo, promover\u00e1n la difusi\u00f3n y la discusi\u00f3n cient\u00edfica a trav\u00e9s del desarrollo de estas Jornadas que tienden a <strong>\u201cbrindar un \u00e1mbito acad\u00e9mico para la presentaci\u00f3n de trabajos cient\u00edficos sobre la ciencia geogr\u00e1fica y afines\u201d<\/strong>, y <strong>\u201cfavorecer el intercambio de experiencias, m\u00e9todos y problemas entre investigadores\u201d<\/strong>, permitiendo abrir caminos hacia la toma de decisiones en cuanto a <strong>\u201cordenamiento territorial y a dar soluciones concretas a la problem\u00e1ticas que se manifiestan en dicho territorio\u201d<\/strong>. A nadie escapa, que estas <strong>\u201cperspectivas\u201d<\/strong> constituir\u00e1n un valioso aporte al desarrollo y crecimiento socio econ\u00f3mico de nuestra Provincia y, por ende, de nuestra regi\u00f3n o Departamento.<\/p>\n<p style=\"text-align: justify;\"><strong>POR\u00a0 ELLO:<\/strong><br \/>\nEl Honorable Concejo Deliberante de Rivadavia, Mendoza, en uso de sus facultades:<\/p>\n<p style=\"text-align: center;\"><strong>DECLARA<\/strong><\/p>\n<p style=\"text-align: justify;\"><strong>Art\u00edculo 1\u00ba:<\/strong> El Honorable Concejo Deliberante de Rivadavia (Mza.), Declara de Inter\u00e9s Departamental las XII Jornadas Cuyanas de Geograf\u00eda, que se desarrollar\u00e1n en la ciudad de Mendoza, en la Facultad de Filosof\u00eda y Letras de la Universidad Nacional de Cuyo, desde los d\u00edas\u00a0 20 al 22 de setiembre pr\u00f3ximos.<\/p>\n<p style=\"text-align: justify;\"><strong>Art\u00edculo 2\u00ba:<\/strong> Rem\u00edtase copia certificada a las autoridades del Instituto y Departamento de Geograf\u00eda de la Facultad de Filosof\u00eda y Letras de la UNCuyo.<\/p>\n<p style=\"text-align: justify;\"><strong>Art\u00edculo 3\u00ba:<\/strong> Rem\u00edtase copia de la presente Declaraci\u00f3n, a todos los Honorables Concejos Deliberantes de la Provincia de Mendoza, para su conocimiento y dem\u00e1s efectos.<\/p>\n<p style=\"text-align: justify;\"><strong>Art\u00edculo 4\u00ba:<\/strong> A trav\u00e9s del \u00e1rea de Prensa Municipal, dar la difusi\u00f3n correspondiente de esta Declaraci\u00f3n.<\/p>\n<p style=\"text-align: justify;\"><strong>Art\u00edculo 5\u00ba:<\/strong> Comun\u00edquese al Departamento Ejecutivo a sus efectos e ins\u00e9rtese en el Libro de Declaraciones de este Cuerpo.<\/p>\n<p style=\"text-align: justify;\">Dada en la Sala de Sesiones, \u201cBandera Nacional Argentina\u201d, del Honorable Concejo Deliberante de Rivadavia, Mendoza, a los 04 d\u00edas del mes de julio de 2017.<\/p>\n<table>\n<tbody>\n<tr>\n<td style=\"text-align: center;\">Lic. BRUNO AMBROSINI<\/td>\n<td style=\"text-align: center;\">LUCIO GUTIERREZ<\/td>\n<\/tr>\n<tr>\n<td style=\"text-align: center;\">SECRETARIO H.C.D.<\/td>\n<td style=\"text-align: center;\">PRESIDENTE H.C.D.<\/td>\n<\/tr>\n<\/tbody>\n<\/table>\n<p style=\"text-align: right;\">Cpde. Expte. N\u00ba 2017-10011-2 H.C.D.<\/p>\n","protected":false},"excerpt":{"rendered":"<p>DECLARACION N\u00ba 17-17 VISTO: El expediente Municipal N\u00ba 2017-10011-2, mediante el cual autoridades de la Universidad Nacional de Cuyo, solicitan se declare de \u201cInter\u00e9s Departamental y Educativo las XII Jornadas Cuyanas de Geograf\u00eda\u201d, y CONSIDERANDO: Que desde los d\u00edas 20 hasta el 22 de setiembre pr\u00f3ximos se llevar\u00e1n a cabo en la ciudad de Mendoza, [&hellip;]<\/p>\n","protected":false},"author":1,"featured_media":4276,"comment_status":"closed","ping_status":"closed","sticky":false,"template":"","format":"standard","meta":{"_acf_changed":false,"footnotes":""},"categories":[66],"tags":[],"class_list":["post-4358","post","type-post","status-publish","format-standard","has-post-thumbnail","hentry","category-declaraciones"],"acf":[],"_links":{"self":[{"href":"https:\/\/coworkdigital.com.ar\/hcd\/wp-json\/wp\/v2\/posts\/4358","targetHints":{"allow":["GET"]}}],"collection":[{"href":"https:\/\/coworkdigital.com.ar\/hcd\/wp-json\/wp\/v2\/posts"}],"about":[{"href":"https:\/\/coworkdigital.com.ar\/hcd\/wp-json\/wp\/v2\/types\/post"}],"author":[{"embeddable":true,"href":"https:\/\/coworkdigital.com.ar\/hcd\/wp-json\/wp\/v2\/users\/1"}],"replies":[{"embeddable":true,"href":"https:\/\/coworkdigital.com.ar\/hcd\/wp-json\/wp\/v2\/comments?post=4358"}],"version-history":[{"count":0,"href":"https:\/\/coworkdigital.com.ar\/hcd\/wp-json\/wp\/v2\/posts\/4358\/revisions"}],"wp:featuredmedia":[{"embeddable":true,"href":"https:\/\/coworkdigital.com.ar\/hcd\/wp-json\/wp\/v2\/media\/4276"}],"wp:attachment":[{"href":"https:\/\/coworkdigital.com.ar\/hcd\/wp-json\/wp\/v2\/media?parent=4358"}],"wp:term":[{"taxonomy":"category","embeddable":true,"href":"https:\/\/coworkdigital.com.ar\/hcd\/wp-json\/wp\/v2\/categories?post=4358"},{"taxonomy":"post_tag","embeddable":true,"href":"https:\/\/coworkdigital.com.ar\/hcd\/wp-json\/wp\/v2\/tags?post=4358"}],"curies":[{"name":"wp","href":"https:\/\/api.w.org\/{rel}","templated":true}]}}