{"id":4583,"date":"2014-08-26T12:01:11","date_gmt":"2014-08-26T12:01:11","guid":{"rendered":"http:\/\/www.rivadaviamendoza.gob.ar\/hcd\/?p=4583"},"modified":"2014-08-26T12:01:11","modified_gmt":"2014-08-26T12:01:11","slug":"resolucion-09-2014","status":"publish","type":"post","link":"https:\/\/coworkdigital.com.ar\/hcd\/resolucion-09-2014\/","title":{"rendered":"Resoluci\u00f3n 09-2014"},"content":{"rendered":"<p style=\"text-align: center;\"><strong><img fetchpriority=\"high\" decoding=\"async\" class=\"wp-image-1054 aligncenter\" src=\"http:\/\/rd.gov.ar\/wp4\/wp-content\/uploads\/2017\/02\/encabezado-300x60.jpg\" alt=\"\" width=\"669\" height=\"134\" \/><\/strong><\/p>\n<p style=\"text-align: center;\"><strong>RESOLUCION N\u00ba 009<\/strong><\/p>\n<p style=\"text-align: justify;\"><strong>VISTO:<\/strong><br \/>\nEl Expte. N\u00ba 2014-00183-4 caratulado: \u201cH.C.D. La Paz. Remite Copia Resoluci\u00f3n N\u00ba 14\/2014\u201d, y<\/p>\n<p style=\"text-align: justify;\"><strong>CONSIDERANDO:<\/strong><br \/>\nQue la Ley de Aguas de la provincia de Mendoza, data del 24 de noviembre\u00a0 del a\u00f1o 1888 y delega todo el poder de polic\u00eda y administraci\u00f3n de este recurso en la geograf\u00eda de toda la provincia de Mendoza, en el Departamento General de Irrigaci\u00f3n.<br \/>\nTeniendo esto en cuenta es necesario, de parte del Departamento General de irrigaci\u00f3n,\u00a0 y a trav\u00e9s de \u00e9l, de todos los organismos que dependen de su administraci\u00f3n, gestionar en forma eficiente el uso del agua equitativamente, trat\u00e1ndo de promover el desarrollo productivo equilibrado en toda la Provincia.<br \/>\nCompartimos tambi\u00e9n lo avalado por estudios t\u00e9cnicos y cient\u00edficos, que a\u00f1o tras a\u00f1os la provincia de Mendoza declara su emergencia h\u00eddrica debido a las escasas precipitaciones n\u00edveas y como consecuencia escaso caudal de agua en la \u00e9poca estival, hecho que afecta profundamente a los cultivos sistematizados, sobre todo aquellos que se encuentran al este de la Provincia.<br \/>\nA nadie escapa, que el departamento de La Paz es el \u00faltimo regante del sistema dependiente dela Inspecci\u00f3n Tunuy\u00e1n Inferior, viendo perjudicados sus cultivos anuales\u00a0 con los inconvenientes\u00a0 que esa situaci\u00f3n le genera.<br \/>\nCompartimos tambien, las necesidades de obras de modernizaci\u00f3n para los departamentos de las Paz y Santa Rosa, que les permita garantizar el acceso al agua para sostener su producci\u00f3n vit\u00edcola, frut\u00edcola, oliv\u00edcola, forrajera y hort\u00edcola propia de esa zona y que redundar\u00e1n en un mayor desarrollo econ\u00f3mico y social de la regi\u00f3n.<\/p>\n<p style=\"text-align: justify;\"><strong>POR ELLO:<\/strong><br \/>\nEl Honorable Concejo Deliberante de Rivadavia, Mendoza, en uso de sus facultades:<\/p>\n<p style=\"text-align: center;\"><strong>RESUELVE<\/strong><\/p>\n<p style=\"text-align: justify;\"><strong>Art\u00edculo 1\u00ba:<\/strong> El Honorable Concejo Deliberante de Rivadavia, Mendoza, adhiere en todas y cada una de sus partes a la Resoluci\u00f3n N\u00ba 14\/14 emanada del Honorable Concejo Deliberante de La Paz.<\/p>\n<p style=\"text-align: justify;\"><strong>Art\u00edculo 2\u00ba:<\/strong> Remitir copia de la presente pieza legal al Honorable Concejo Deliberante de La Paz.<\/p>\n<p style=\"text-align: justify;\"><strong>Art\u00edculo 3\u00ba:<\/strong> Comun\u00edquese al al Departamento Ejecutivo e ins\u00e9rtese en el Libro de Resoluciones de este Cuerpo.<\/p>\n<p style=\"text-align: justify;\">Dada en la Sala de Sesiones Bandera Nacional Argentina del Honorable Concejo Deliberante de Rivadavia, Mendoza, a los 26 d\u00edas del mes de agosto de 2014.<\/p>\n<table>\n<tbody>\n<tr>\n<td style=\"text-align: center;\">ORLANDO JAVIER RODRIGUEZ<\/td>\n<td style=\"text-align: center;\">FLORINDA SEOANE<\/td>\n<\/tr>\n<tr>\n<td style=\"text-align: center;\">SECRETARIO H.C.D.<\/td>\n<td style=\"text-align: center;\">PRESIDENTE H.C.D.<\/td>\n<\/tr>\n<\/tbody>\n<\/table>\n<p style=\"text-align: right;\">Cpde. Expte. N\u00ba 2014-00183-4 H.C.D.<\/p>\n","protected":false},"excerpt":{"rendered":"<p>RESOLUCION N\u00ba 009 VISTO: El Expte. N\u00ba 2014-00183-4 caratulado: \u201cH.C.D. La Paz. Remite Copia Resoluci\u00f3n N\u00ba 14\/2014\u201d, y CONSIDERANDO: Que la Ley de Aguas de la provincia de Mendoza, data del 24 de noviembre\u00a0 del a\u00f1o 1888 y delega todo el poder de polic\u00eda y administraci\u00f3n de este recurso en la geograf\u00eda de toda la [&hellip;]<\/p>\n","protected":false},"author":1,"featured_media":1020,"comment_status":"closed","ping_status":"closed","sticky":false,"template":"","format":"standard","meta":{"_acf_changed":false,"footnotes":""},"categories":[65],"tags":[],"class_list":["post-4583","post","type-post","status-publish","format-standard","has-post-thumbnail","hentry","category-resoluciones"],"acf":[],"_links":{"self":[{"href":"https:\/\/coworkdigital.com.ar\/hcd\/wp-json\/wp\/v2\/posts\/4583","targetHints":{"allow":["GET"]}}],"collection":[{"href":"https:\/\/coworkdigital.com.ar\/hcd\/wp-json\/wp\/v2\/posts"}],"about":[{"href":"https:\/\/coworkdigital.com.ar\/hcd\/wp-json\/wp\/v2\/types\/post"}],"author":[{"embeddable":true,"href":"https:\/\/coworkdigital.com.ar\/hcd\/wp-json\/wp\/v2\/users\/1"}],"replies":[{"embeddable":true,"href":"https:\/\/coworkdigital.com.ar\/hcd\/wp-json\/wp\/v2\/comments?post=4583"}],"version-history":[{"count":0,"href":"https:\/\/coworkdigital.com.ar\/hcd\/wp-json\/wp\/v2\/posts\/4583\/revisions"}],"wp:featuredmedia":[{"embeddable":true,"href":"https:\/\/coworkdigital.com.ar\/hcd\/wp-json\/wp\/v2\/media\/1020"}],"wp:attachment":[{"href":"https:\/\/coworkdigital.com.ar\/hcd\/wp-json\/wp\/v2\/media?parent=4583"}],"wp:term":[{"taxonomy":"category","embeddable":true,"href":"https:\/\/coworkdigital.com.ar\/hcd\/wp-json\/wp\/v2\/categories?post=4583"},{"taxonomy":"post_tag","embeddable":true,"href":"https:\/\/coworkdigital.com.ar\/hcd\/wp-json\/wp\/v2\/tags?post=4583"}],"curies":[{"name":"wp","href":"https:\/\/api.w.org\/{rel}","templated":true}]}}