{"id":4589,"date":"2014-07-22T12:21:42","date_gmt":"2014-07-22T12:21:42","guid":{"rendered":"http:\/\/www.rivadaviamendoza.gob.ar\/hcd\/?p=4589"},"modified":"2014-07-22T12:21:42","modified_gmt":"2014-07-22T12:21:42","slug":"resolucion-06-2014","status":"publish","type":"post","link":"https:\/\/coworkdigital.com.ar\/hcd\/resolucion-06-2014\/","title":{"rendered":"Resoluci\u00f3n 06-2014"},"content":{"rendered":"<p style=\"text-align: center;\"><strong><img fetchpriority=\"high\" decoding=\"async\" class=\"wp-image-1054 aligncenter\" src=\"http:\/\/rd.gov.ar\/wp4\/wp-content\/uploads\/2017\/02\/encabezado-300x60.jpg\" alt=\"\" width=\"669\" height=\"134\" \/><\/strong><\/p>\n<p style=\"text-align: center;\"><strong>RESOLUCI\u00d3N N\u00ba 006-14<\/strong><\/p>\n<p style=\"text-align: justify;\"><strong>VISTO:<br \/>\n<\/strong>El Expte. N\u00ba 2014-00096-8 caratulado: \u201cBloque F.P.V.: Concejal Derkaez, comunica la ausencia desde el 27-05-14 al 01-06-14 por asistir al Congreso Internacional en Planificaci\u00f3n y Gesti\u00f3n de Pol\u00edticas de Seguridad P\u00fablica\u201d, y<\/p>\n<p style=\"text-align: justify;\"><strong>CONSIDERANDO:<\/strong><br \/>\nQue en su car\u00e1cter de Presidente de la Comisi\u00f3n de Higiene, Moralidad y Seguridad P\u00fablicas de este Honorable Concejo Deliberante, el Edil Alejandro Derkaez comunica a Presidencia del Cuerpo que se ausentar\u00e1 de la Provicia a partir del 27 de mayo, y hasta el 1 de junio del corriente a\u00f1o, a fin de participar del Congreso Internacional en Planificaci\u00f3n y Gesti\u00f3n de Pol\u00edticas de Seguridad P\u00fablica por realizarse en la Ciudad de San Carlos de Bariloche. Adem\u00e1s, solicita se le permita asistir a dicho Congreso en representaci\u00f3n de este Concejo.<br \/>\nSe\u00f1ala, tambi\u00e9n que <strong>\u201cpodr\u00e1 intercambiar informaci\u00f3n y experiencias implementadas en otros lugar del pa\u00eds y del mundo en funci\u00f3n de la problem\u00e1tica de Seguridad P\u00fablica\u201d<\/strong>.<br \/>\nHabiendo participado el Concejal Alejandro Derkaez en el citado Congreso, tal como lo expres\u00f3 en Sesi\u00f3n Ordinaria del d\u00eda 03 de junio pr\u00f3ximo pasado, y dejando el material de estudio que fuera analizado en aquel encuentro a disposici\u00f3n de este Cuerpo y, en particular, de nuestra comisi\u00f3n de Higiene, Moralidad y Seguridad P\u00fablicas para su conocimiento y dem\u00e1s efectos, se considera pertinente conferirle la representaci\u00f3n de este Honorable Concejo Deliberante.<\/p>\n<p style=\"text-align: justify;\"><strong>POR ELLO:<\/strong><br \/>\nEl Honorable Concejo Deliberante de Rivadavia, Mendoza, en uso de sus facultades:<\/p>\n<p style=\"text-align: center;\"><strong>RESUELVE<\/strong><\/p>\n<p style=\"text-align: justify;\"><strong>Art\u00edculo 1\u00ba:<\/strong> El Honorable Concejo Deliberante de Rivadavia, Mendoza, confiere al Presidente de la comisi\u00f3n de Higiene, Moralidad y Seguridad P\u00fablicas, Concejal Alejandro Derkaez, la representaci\u00f3n de este Cuerpo por su participaci\u00f3n en el \u201cCongreso Internacional en Planificaci\u00f3n y Gesti\u00f3n de Pol\u00edticas de Seguridad P\u00fablica\u201d, llevado a cabo en la localidad de San Carlos de Bariloche.<\/p>\n<p style=\"text-align: justify;\"><strong>Art\u00edculo 2\u00ba:<\/strong> Comun\u00edquese al Departamento Ejecutivo e ins\u00e9rtese en el Libro de Resoluciones de este Cuerpo.<\/p>\n<p style=\"text-align: justify;\">Dada en la Sala de Sesiones \u201cBandera Nacional Argentina, del Honorable Concejo Deliberante\u00a0 de Rivadavia, Mendoza, a los 22 d\u00edas del mes de julio de 2014.<\/p>\n<table>\n<tbody>\n<tr>\n<td style=\"text-align: center;\">ORLANDO JAVIER RODRIGUEZ<\/td>\n<td style=\"text-align: center;\">FLORINDA SEOANE<\/td>\n<\/tr>\n<tr>\n<td style=\"text-align: center;\">SECRETARIO H.C.D.<\/td>\n<td style=\"text-align: center;\">PRESIDENTE H.C.D.<\/td>\n<\/tr>\n<\/tbody>\n<\/table>\n<p style=\"text-align: right;\">Cpde. Expte. N\u00ba 2014-00096-8 H.C.D.<\/p>\n","protected":false},"excerpt":{"rendered":"<p>RESOLUCI\u00d3N N\u00ba 006-14 VISTO: El Expte. N\u00ba 2014-00096-8 caratulado: \u201cBloque F.P.V.: Concejal Derkaez, comunica la ausencia desde el 27-05-14 al 01-06-14 por asistir al Congreso Internacional en Planificaci\u00f3n y Gesti\u00f3n de Pol\u00edticas de Seguridad P\u00fablica\u201d, y CONSIDERANDO: Que en su car\u00e1cter de Presidente de la Comisi\u00f3n de Higiene, Moralidad y Seguridad P\u00fablicas de este Honorable [&hellip;]<\/p>\n","protected":false},"author":1,"featured_media":1020,"comment_status":"closed","ping_status":"closed","sticky":false,"template":"","format":"standard","meta":{"_acf_changed":false,"footnotes":""},"categories":[65],"tags":[],"class_list":["post-4589","post","type-post","status-publish","format-standard","has-post-thumbnail","hentry","category-resoluciones"],"acf":[],"_links":{"self":[{"href":"https:\/\/coworkdigital.com.ar\/hcd\/wp-json\/wp\/v2\/posts\/4589","targetHints":{"allow":["GET"]}}],"collection":[{"href":"https:\/\/coworkdigital.com.ar\/hcd\/wp-json\/wp\/v2\/posts"}],"about":[{"href":"https:\/\/coworkdigital.com.ar\/hcd\/wp-json\/wp\/v2\/types\/post"}],"author":[{"embeddable":true,"href":"https:\/\/coworkdigital.com.ar\/hcd\/wp-json\/wp\/v2\/users\/1"}],"replies":[{"embeddable":true,"href":"https:\/\/coworkdigital.com.ar\/hcd\/wp-json\/wp\/v2\/comments?post=4589"}],"version-history":[{"count":0,"href":"https:\/\/coworkdigital.com.ar\/hcd\/wp-json\/wp\/v2\/posts\/4589\/revisions"}],"wp:featuredmedia":[{"embeddable":true,"href":"https:\/\/coworkdigital.com.ar\/hcd\/wp-json\/wp\/v2\/media\/1020"}],"wp:attachment":[{"href":"https:\/\/coworkdigital.com.ar\/hcd\/wp-json\/wp\/v2\/media?parent=4589"}],"wp:term":[{"taxonomy":"category","embeddable":true,"href":"https:\/\/coworkdigital.com.ar\/hcd\/wp-json\/wp\/v2\/categories?post=4589"},{"taxonomy":"post_tag","embeddable":true,"href":"https:\/\/coworkdigital.com.ar\/hcd\/wp-json\/wp\/v2\/tags?post=4589"}],"curies":[{"name":"wp","href":"https:\/\/api.w.org\/{rel}","templated":true}]}}