{"id":4629,"date":"2014-10-14T11:27:56","date_gmt":"2014-10-14T11:27:56","guid":{"rendered":"http:\/\/www.rivadaviamendoza.gob.ar\/hcd\/?p=4629"},"modified":"2014-10-14T11:27:56","modified_gmt":"2014-10-14T11:27:56","slug":"declaracion-39-2014","status":"publish","type":"post","link":"https:\/\/coworkdigital.com.ar\/hcd\/declaracion-39-2014\/","title":{"rendered":"Declaraci\u00f3n 39-2014"},"content":{"rendered":"<p style=\"text-align: center;\"><strong><img fetchpriority=\"high\" decoding=\"async\" class=\"wp-image-1054 aligncenter\" src=\"http:\/\/rd.gov.ar\/wp4\/wp-content\/uploads\/2017\/02\/encabezado-300x60.jpg\" alt=\"\" width=\"669\" height=\"134\" \/><\/strong><\/p>\n<p style=\"text-align: center;\"><strong>DECLARACI\u00d3N\u00a0 N\u00ba 39<\/strong><\/p>\n<p style=\"text-align: justify;\"><strong>VISTO:<\/strong><br \/>\nLa necesidad de poner en valor la formaci\u00f3n laboral de las personas, la cual se lleva a cabo en los Centros de Capacitaci\u00f3n del Trabajo, (CCT), y<\/p>\n<p style=\"text-align: justify;\"><strong>CONSIDERANDO:<\/strong><br \/>\nQue el Gobierno de la Provincia de Mendoza, por medio de la Direcci\u00f3n General de Escuelas y que a su vez por medio de la Direcci\u00f3n de Educaci\u00f3n T\u00e9cnica y Trabajo, pondr\u00e1n a disposici\u00f3n de los ciudadanos de los Departamentos de Jun\u00edn, San Mart\u00edn, La Paz y Rivadavia, la Oferta Educativa 2014-2015, a realizarse en el Departamento de Rivadavia, los d\u00edas 16 y 17 de octubre del a\u00f1o en curso, en horario de 9:00 hs a 20:30 hs, en el Gimnasio del Colegio Casa de Mar\u00eda, sito en calle Gargantini de Ciudad de Rivadavia. En dicha exposici\u00f3n los interesados podr\u00e1n consultar e interiorizarse sobre diferentes cursos que ofrecen los distintos CCT de los Departamentos, que llevan adelante la muestra; es de destacar que en los Stand informativos los interesados se encontrar\u00e1n con personas capacitadas para tal fin. Estos ofertar\u00e1n cursos, como por ejemplo: gastronom\u00eda, indumentaria y bordados, soldadura, torner\u00eda, administraci\u00f3n contable y Pymes, construcci\u00f3n alba\u00f1iler\u00eda e instalaciones sanitarias, est\u00e9tica personal, lengua extranjera, gasista, carpinter\u00eda, art\u00edstico artesanal, mec\u00e1nica, artes aplicadas, cuero y calzado, refrigeraci\u00f3n, tapicer\u00eda, electricidad y electr\u00f3nica del automotor. Estos son algunos de los cursos que se dictan y que permiten seriamente una inserci\u00f3n laboral importante a j\u00f3venes y adultos, permitiendo una independencia econ\u00f3mica interesante, ya que el mercado laboral demanda estas especialidades laborales.<\/p>\n<p style=\"text-align: justify;\"><strong>POR ELLO:<br \/>\n<\/strong>El Honorable Concejo Deliberante de Rivadavia, Mendoza, y en uso de sus facultades<\/p>\n<p style=\"text-align: center;\"><strong>DECLARA<\/strong><\/p>\n<p style=\"text-align: justify;\"><strong>Art\u00edculo 1\u00ba:<\/strong> Decl\u00e1rese de Inter\u00e9s Departamental la Oferta Educativa y Muestra 2014-2015, llevada a cabo por los Centros de Capacitaci\u00f3n del Trabajo Secci\u00f3n N\u00ba 2 (Zona Este- Norte).<\/p>\n<p style=\"text-align: justify;\"><strong>Art\u00edculo 2\u00ba:<\/strong> Rem\u00edtase copia de la presente al Departamento Ejecutivo Departamental, para que, a trav\u00e9s del \u00c1rea de Coordinaci\u00f3n de Educaci\u00f3n se d\u00e9 difusi\u00f3n de la mencionada oferta educativa.<\/p>\n<p style=\"text-align: justify;\"><strong>Art\u00edculo 3\u00ba:<\/strong> Comun\u00edquese a los medios period\u00edsticos para que por \u00e9stos, se d\u00e9 amplia difusi\u00f3n, de tal eventos.<\/p>\n<p style=\"text-align: justify;\"><strong>Art\u00edculo 4\u00ba:<\/strong> Rem\u00edtase copia de la presente a los Centros de Capacitaci\u00f3n del Trabajo organizadores de la Oferta Educativa.<\/p>\n<p style=\"text-align: justify;\"><strong>Art\u00edculo 5\u00ba:<\/strong> Comun\u00edquese al Departamento Ejecutivo a sus efectos e ins\u00e9rtese en el Libro de Declaraciones de este Cuerpo.<\/p>\n<p style=\"text-align: justify;\">Dada en la Sala de Sesiones \u201cBandera Nacional Argentina\u201d del Honorable Concejo Deliberante de Rivadavia, Mendoza, a los 14 d\u00edas del mes de octubre de 2014.<\/p>\n<table>\n<tbody>\n<tr>\n<td style=\"text-align: center;\">ORLANDO JAVIER RODRIGUEZ<\/td>\n<td style=\"text-align: center;\">FLORINDA SEOANE<\/td>\n<\/tr>\n<tr>\n<td style=\"text-align: center;\">SECRETARIO H.C.D.<\/td>\n<td style=\"text-align: center;\">PRESIDENTA H.C.D.<\/td>\n<\/tr>\n<\/tbody>\n<\/table>\n<p style=\"text-align: right;\">Cpde. Expte. N\u00ba 2014-00252-7<\/p>\n","protected":false},"excerpt":{"rendered":"<p>DECLARACI\u00d3N\u00a0 N\u00ba 39 VISTO: La necesidad de poner en valor la formaci\u00f3n laboral de las personas, la cual se lleva a cabo en los Centros de Capacitaci\u00f3n del Trabajo, (CCT), y CONSIDERANDO: Que el Gobierno de la Provincia de Mendoza, por medio de la Direcci\u00f3n General de Escuelas y que a su vez por medio [&hellip;]<\/p>\n","protected":false},"author":1,"featured_media":4276,"comment_status":"closed","ping_status":"closed","sticky":false,"template":"","format":"standard","meta":{"_acf_changed":false,"footnotes":""},"categories":[66],"tags":[],"class_list":["post-4629","post","type-post","status-publish","format-standard","has-post-thumbnail","hentry","category-declaraciones"],"acf":[],"_links":{"self":[{"href":"https:\/\/coworkdigital.com.ar\/hcd\/wp-json\/wp\/v2\/posts\/4629","targetHints":{"allow":["GET"]}}],"collection":[{"href":"https:\/\/coworkdigital.com.ar\/hcd\/wp-json\/wp\/v2\/posts"}],"about":[{"href":"https:\/\/coworkdigital.com.ar\/hcd\/wp-json\/wp\/v2\/types\/post"}],"author":[{"embeddable":true,"href":"https:\/\/coworkdigital.com.ar\/hcd\/wp-json\/wp\/v2\/users\/1"}],"replies":[{"embeddable":true,"href":"https:\/\/coworkdigital.com.ar\/hcd\/wp-json\/wp\/v2\/comments?post=4629"}],"version-history":[{"count":0,"href":"https:\/\/coworkdigital.com.ar\/hcd\/wp-json\/wp\/v2\/posts\/4629\/revisions"}],"wp:featuredmedia":[{"embeddable":true,"href":"https:\/\/coworkdigital.com.ar\/hcd\/wp-json\/wp\/v2\/media\/4276"}],"wp:attachment":[{"href":"https:\/\/coworkdigital.com.ar\/hcd\/wp-json\/wp\/v2\/media?parent=4629"}],"wp:term":[{"taxonomy":"category","embeddable":true,"href":"https:\/\/coworkdigital.com.ar\/hcd\/wp-json\/wp\/v2\/categories?post=4629"},{"taxonomy":"post_tag","embeddable":true,"href":"https:\/\/coworkdigital.com.ar\/hcd\/wp-json\/wp\/v2\/tags?post=4629"}],"curies":[{"name":"wp","href":"https:\/\/api.w.org\/{rel}","templated":true}]}}